{"id":2728,"date":"2014-03-03T13:27:57","date_gmt":"2014-03-03T16:27:57","guid":{"rendered":"http:\/\/argentinamunicipal.com.ar\/argentina\/?p=2728"},"modified":"2014-03-03T13:27:57","modified_gmt":"2014-03-03T16:27:57","slug":"argentina-y-chile-inauguraron-el-monumento-a-la-virgen-de-la-paz","status":"publish","type":"post","link":"http:\/\/argentinamunicipal.com.ar\/argentina\/argentina-y-chile-inauguraron-el-monumento-a-la-virgen-de-la-paz\/","title":{"rendered":"Argentina y Chile inauguraron el monumento a la Virgen de la Paz"},"content":{"rendered":"<p><a href=\"http:\/\/argentinamunicipal.com.ar\/argentina\/wp-content\/uploads\/2014\/03\/02032014-MONUMENTOALAVIRGENDELAPAZ-1.jpg\"><img loading=\"lazy\" decoding=\"async\" class=\"aligncenter size-full wp-image-2733\" alt=\"02032014 MONUMENTOALAVIRGENDELAPAZ 1\" src=\"http:\/\/argentinamunicipal.com.ar\/argentina\/wp-content\/uploads\/2014\/03\/02032014-MONUMENTOALAVIRGENDELAPAZ-1.jpg\" width=\"634\" height=\"422\" srcset=\"http:\/\/argentinamunicipal.com.ar\/argentina\/wp-content\/uploads\/2014\/03\/02032014-MONUMENTOALAVIRGENDELAPAZ-1.jpg 634w, http:\/\/argentinamunicipal.com.ar\/argentina\/wp-content\/uploads\/2014\/03\/02032014-MONUMENTOALAVIRGENDELAPAZ-1-300x199.jpg 300w\" sizes=\"auto, (max-width: 634px) 100vw, 634px\" \/><\/a><\/p>\n<p>El gobernador Daniel Peralta, encabez\u00f3 ayer la representaci\u00f3n argentina que particip\u00f3 de la inauguraci\u00f3n del \u201cMonumento a la Virgen de la Paz\u201d, ubicado en el paso internacional \u201cIntegraci\u00f3n Austral\u201d de Monte Aymond.<\/p>\n<p>En la oportunidad, estuvo acompa\u00f1ado por el intendente Regional de Magallanes, Chile, Claudio Radonich Jim\u00e9nez, y los obispos, de la Di\u00f3cesis de R\u00edo Gallegos, monse\u00f1or Miguel Angel D\u00b4Annibale; y monse\u00f1or Bernardo Bastres Florence, de la localidad de Punta Arenas.<\/p>\n<p>Record\u00f3 a Roman\u00edn- Peralta manifest\u00f3 que siempre que se dan actos como estos, donde se juntan autoridades de ambos pa\u00edses, \u201cno hace m\u00e1s que consolidar lo que nuestros pueblos hacen a diario.<\/p>\n<p>Adem\u00e1s se refiri\u00f3 al sacerdote Juan Carlos Roman\u00edn, quien fuera Obispo em\u00e9rito de R\u00edo Gallegos, a quien record\u00f3 \u201ccon un gran cari\u00f1o, y donde se encuentre, mi abrazo, cari\u00f1o de siempre y el recuerdo afectuoso porque fue un gran impulsor\u201d del monumento inaugurado.<\/p>\n<p>Asimismo, el Gobernador dijo que cuando las presidentas de ambos pa\u00edses (Cristina Fern\u00e1ndez de Kirchner de Argentina, y Michelle Bachelet, por Chile) estuvieron en dicho lugar colocando la piedra fundamental \u201cmarcaron con absoluta claridad cu\u00e1l era el derrotero\u201d y est\u00e1 bien \u201cque sea pol\u00edtica de Estado\u201d esta actitud.<\/p>\n<p>Peralta destac\u00f3 que en oportunidad \u201cde estar en el Vaticano con la Presidenta de la Naci\u00f3n, y frente a la tumba de Juan Pablo II, uno no deja de emocionarse de solo entender ante la presencia de quien est\u00e1 y el sacrificio que hizo por garantizar la paz entre ambos pa\u00edses\u201d.<\/p>\n<p>Al respecto agreg\u00f3 que hoy \u201ctener en nuestro Papa (Francisco) a un argentino que gobierna a mas de 1.500 millones de cat\u00f3licos\u201d hace que lleguen los deseos que pueda estar en este lugar en oportunidad de su visita a la Argentina y Chile, y solicitado en la ocasi\u00f3n por el intendente de Magallanes, lo cual \u201cobviamente lo vamos a transmitir, ya sea por el Obispo y por nuestro lado, y Dios quiera que en alguna visita lo podamos tener en este lugar\u201d dijo.<\/p>\n<h2>Enorme significado<\/h2>\n<p>Por \u00faltimo, respecto de esta regi\u00f3n alejada de los grandes centros, tanto la patag\u00f3nica, como la magall\u00e1nica, Peralta manifest\u00f3 que \u201csostenemos que la autonom\u00eda de los pueblos, m\u00e1s all\u00e1 de los reg\u00edmenes, por un lado el chileno y nosotros por otro, (hace que) este federalismo muchas veces declamado tiene sus ra\u00edces muy profundas en la Patagonia sur\u201d y que aqu\u00ed \u201chace patria nuestra gente y los pueblos consolidan sus lazos de hermandad con un gran esfuerzo, y eso se ve reflejado en lazos cada vez m\u00e1s profundos de integraci\u00f3n\u201d.<\/p>\n<p>Por ello, \u201ces un orgullo para nosotros poder estar y ser part\u00edcipe de este d\u00eda que tiene un enorme significado por el pasado, el presente, y por sobre todo por el futuro de paz y unidad de nuestros pueblos\u201d, habiendo sido \u201cun momento muy emocionante, que mas all\u00e1 de ser un acto de integraci\u00f3n, es un acto de alto contenido religioso, por lo que pido que la Virgen ampare y cuide a nuestros pueblos\u201d, concluy\u00f3 diciendo Peralta.<\/p>\n<h6>Fuente: Tiempo Sur<\/h6>\n","protected":false},"excerpt":{"rendered":"<p>El gobernador Daniel Peralta, encabez\u00f3 ayer la representaci\u00f3n argentina que particip\u00f3 de la inauguraci\u00f3n del \u201cMonumento a la Virgen de la Paz\u201d, ubicado en el paso internacional \u201cIntegraci\u00f3n Austral\u201d de Monte Aymond. En la oportunidad, estuvo acompa\u00f1ado por el intendente Regional de Magallanes, Chile, Claudio Radonich Jim\u00e9nez, y los obispos, de la Di\u00f3cesis de R\u00edo<\/p>\n","protected":false},"author":2,"featured_media":2733,"comment_status":"closed","ping_status":"closed","sticky":false,"template":"","format":"standard","meta":{"footnotes":""},"categories":[8],"tags":[21],"class_list":["post-2728","post","type-post","status-publish","format-standard","has-post-thumbnail","hentry","category-informe-nacional","tag-argentina"],"_links":{"self":[{"href":"http:\/\/argentinamunicipal.com.ar\/argentina\/wp-json\/wp\/v2\/posts\/2728","targetHints":{"allow":["GET"]}}],"collection":[{"href":"http:\/\/argentinamunicipal.com.ar\/argentina\/wp-json\/wp\/v2\/posts"}],"about":[{"href":"http:\/\/argentinamunicipal.com.ar\/argentina\/wp-json\/wp\/v2\/types\/post"}],"author":[{"embeddable":true,"href":"http:\/\/argentinamunicipal.com.ar\/argentina\/wp-json\/wp\/v2\/users\/2"}],"replies":[{"embeddable":true,"href":"http:\/\/argentinamunicipal.com.ar\/argentina\/wp-json\/wp\/v2\/comments?post=2728"}],"version-history":[{"count":0,"href":"http:\/\/argentinamunicipal.com.ar\/argentina\/wp-json\/wp\/v2\/posts\/2728\/revisions"}],"wp:featuredmedia":[{"embeddable":true,"href":"http:\/\/argentinamunicipal.com.ar\/argentina\/wp-json\/wp\/v2\/media\/2733"}],"wp:attachment":[{"href":"http:\/\/argentinamunicipal.com.ar\/argentina\/wp-json\/wp\/v2\/media?parent=2728"}],"wp:term":[{"taxonomy":"category","embeddable":true,"href":"http:\/\/argentinamunicipal.com.ar\/argentina\/wp-json\/wp\/v2\/categories?post=2728"},{"taxonomy":"post_tag","embeddable":true,"href":"http:\/\/argentinamunicipal.com.ar\/argentina\/wp-json\/wp\/v2\/tags?post=2728"}],"curies":[{"name":"wp","href":"https:\/\/api.w.org\/{rel}","templated":true}]}}