{"id":27403,"date":"2015-04-09T09:24:23","date_gmt":"2015-04-09T12:24:23","guid":{"rendered":"http:\/\/argentinamunicipal.com.ar\/argentina\/?p=27403"},"modified":"2015-04-09T09:24:23","modified_gmt":"2015-04-09T12:24:23","slug":"rio-grande-municipio-termino-la-pavimentacion-de-58-cuadras-en-chacra-xiii","status":"publish","type":"post","link":"http:\/\/argentinamunicipal.com.ar\/argentina\/rio-grande-municipio-termino-la-pavimentacion-de-58-cuadras-en-chacra-xiii\/","title":{"rendered":"R\u00edo Grande: Municipio termin\u00f3 la pavimentaci\u00f3n de 58 cuadras en Chacra XIII"},"content":{"rendered":"<p><a href=\"http:\/\/argentinamunicipal.com.ar\/argentina\/wp-content\/uploads\/2015\/04\/1428544401-600pavimento_chacraxiii_thumb_550.jpg\"><img loading=\"lazy\" decoding=\"async\" class=\"aligncenter size-full wp-image-27404\" src=\"http:\/\/argentinamunicipal.com.ar\/argentina\/wp-content\/uploads\/2015\/04\/1428544401-600pavimento_chacraxiii_thumb_550.jpg\" alt=\"1428544401-600pavimento_chacraxiii_thumb_550\" width=\"550\" height=\"412\" srcset=\"http:\/\/argentinamunicipal.com.ar\/argentina\/wp-content\/uploads\/2015\/04\/1428544401-600pavimento_chacraxiii_thumb_550.jpg 550w, http:\/\/argentinamunicipal.com.ar\/argentina\/wp-content\/uploads\/2015\/04\/1428544401-600pavimento_chacraxiii_thumb_550-300x225.jpg 300w\" sizes=\"auto, (max-width: 550px) 100vw, 550px\" \/><\/a><br \/>\nEl Municipio de R\u00edo Grande concluy\u00f3 la pavimentaci\u00f3n de 58 cuadras del barrio Malvinas Argentinas -Chacra XIII- en el marco de la Emergencia Vial. \u201cCumplimos con los vecinos con el compromiso que hab\u00edamos asumido de brindar una soluci\u00f3n de fondo, definitiva y r\u00e1pida ante los anegamientos provocados por las lluvias, los vecinos no tendr\u00e1n que pisar el barro nunca m\u00e1s en este lugar\u201d, resalt\u00f3 el intendente Gustavo Melella.<\/p>\n<p>\u201cCelebramos esta noticia porque completamos el plan de pavimentaci\u00f3n y m\u00e1s todav\u00eda y tal como hab\u00edamos previsto, lo hicimos mucho antes del invierno\u201d, destac\u00f3 el Jefe comunal.<\/p>\n<p>En ese sentido el profesor Gustavo Melella expres\u00f3 que \u201cparec\u00eda imposible llevar adelante estas obras, pero cuando hay voluntad y entendimiento se pueden hacer y esta es la lectura que hay que hacer\u201d.<\/p>\n<p>El intendente Melella record\u00f3 que \u201ctodos los actores nos pusimos a trabajar para que esta emergencia vial pueda salir lo m\u00e1s r\u00e1pidamente posible porque los tiempos de los vecinos era ahora y necesitaban esta soluci\u00f3n fundamental y que tambi\u00e9n ha hecho posible al Municipio en el corto plazo, poder hacer este cambio sustancial en la zona. Es importante el pavimento porque mejora la calidad de vida, por eso hay que cuidarlo, seguir mejorando el barrio con veredas, plantando un \u00e1rbol, adem\u00e1s quien conduzca debe hacer con cuidado\u201d.<\/p>\n<p>En ese punto expres\u00f3 \u201cesto es un sue\u00f1o que compartimos con las familias y ver como estamos transformando el barrio es una verdadera satisfacci\u00f3n, porque a la pavimentaci\u00f3n de calles se sum\u00f3 el nuevo centro municipal de salud y el futuro gimnasio para que todos los chicos y j\u00f3venes tengan su lugar de preparaci\u00f3n deportiva, esparcimiento y recreaci\u00f3n\u201d.<\/p>\n<p>En este marco, se recuerda que la pavimentaci\u00f3n del otro tramo de las calles de la urbanizaci\u00f3n debe correr por cuenta del IPV, tal cual lo asumieron funcionarios provinciales con los vecinos de la zona.<\/p>\n<p>Agreg\u00f3 en este sentido que \u201cse que hay vecinos que est\u00e1n pidiendo el resto de la pavimentaci\u00f3n, porque as\u00ed me lo hicieron saber, para que el Municipio avance con el resto de la pavimentaci\u00f3n esto eso es imposible porque no nos dan los tiempos administrativos y tampoco tenemos las partidas presupuestaria\u201d.<\/p>\n<p>El intendente Melella remarc\u00f3 que \u201cel Municipio ha cumplido con lo que se hab\u00eda comprometido con los vecinos y nos pone muy felices el haber cumplido con la palabra, pero tambi\u00e9n con el haber podido mejorar la calidad de vida de nuestros vecinos. En este sector ya hemos inaugurado el Centro de Salud y pronto estaremos iniciando la construcci\u00f3n del gimnasio municipal. Estas tambi\u00e9n fueron promesas y estamos cumpliendo\u201d, dijo el intendente Melella.<\/p>\n<h6>Fuente: Sur 54.com<\/h6>\n","protected":false},"excerpt":{"rendered":"<p>El Municipio de R\u00edo Grande concluy\u00f3 la pavimentaci\u00f3n de 58 cuadras del barrio Malvinas Argentinas -Chacra XIII- en el marco de la Emergencia Vial. \u201cCumplimos con los vecinos con el compromiso que hab\u00edamos asumido de brindar una soluci\u00f3n de fondo, definitiva y r\u00e1pida ante los anegamientos provocados por las lluvias, los vecinos no tendr\u00e1n que<\/p>\n","protected":false},"author":2,"featured_media":27404,"comment_status":"closed","ping_status":"closed","sticky":false,"template":"","format":"standard","meta":{"footnotes":""},"categories":[2],"tags":[34],"class_list":["post-27403","post","type-post","status-publish","format-standard","has-post-thumbnail","hentry","category-informe-municipal","tag-tierra-del-fuego"],"_links":{"self":[{"href":"http:\/\/argentinamunicipal.com.ar\/argentina\/wp-json\/wp\/v2\/posts\/27403","targetHints":{"allow":["GET"]}}],"collection":[{"href":"http:\/\/argentinamunicipal.com.ar\/argentina\/wp-json\/wp\/v2\/posts"}],"about":[{"href":"http:\/\/argentinamunicipal.com.ar\/argentina\/wp-json\/wp\/v2\/types\/post"}],"author":[{"embeddable":true,"href":"http:\/\/argentinamunicipal.com.ar\/argentina\/wp-json\/wp\/v2\/users\/2"}],"replies":[{"embeddable":true,"href":"http:\/\/argentinamunicipal.com.ar\/argentina\/wp-json\/wp\/v2\/comments?post=27403"}],"version-history":[{"count":0,"href":"http:\/\/argentinamunicipal.com.ar\/argentina\/wp-json\/wp\/v2\/posts\/27403\/revisions"}],"wp:featuredmedia":[{"embeddable":true,"href":"http:\/\/argentinamunicipal.com.ar\/argentina\/wp-json\/wp\/v2\/media\/27404"}],"wp:attachment":[{"href":"http:\/\/argentinamunicipal.com.ar\/argentina\/wp-json\/wp\/v2\/media?parent=27403"}],"wp:term":[{"taxonomy":"category","embeddable":true,"href":"http:\/\/argentinamunicipal.com.ar\/argentina\/wp-json\/wp\/v2\/categories?post=27403"},{"taxonomy":"post_tag","embeddable":true,"href":"http:\/\/argentinamunicipal.com.ar\/argentina\/wp-json\/wp\/v2\/tags?post=27403"}],"curies":[{"name":"wp","href":"https:\/\/api.w.org\/{rel}","templated":true}]}}