{"id":27466,"date":"2015-04-09T10:49:56","date_gmt":"2015-04-09T13:49:56","guid":{"rendered":"http:\/\/argentinamunicipal.com.ar\/argentina\/?p=27466"},"modified":"2015-04-09T10:49:56","modified_gmt":"2015-04-09T13:49:56","slug":"fiesta-nacional-del-algodon-avellaneda-11-y-12-de-abril","status":"publish","type":"post","link":"http:\/\/argentinamunicipal.com.ar\/argentina\/fiesta-nacional-del-algodon-avellaneda-11-y-12-de-abril\/","title":{"rendered":"Fiesta Nacional del Algod\u00f3n, Avellaneda, 11 y 12 de abril"},"content":{"rendered":"<p><a href=\"http:\/\/argentinamunicipal.com.ar\/argentina\/wp-content\/uploads\/2015\/04\/afiche-fiesta.jpg\"><img loading=\"lazy\" decoding=\"async\" class=\"aligncenter  wp-image-27467\" src=\"http:\/\/argentinamunicipal.com.ar\/argentina\/wp-content\/uploads\/2015\/04\/afiche-fiesta.jpg\" alt=\"afiche fiesta\" width=\"435\" height=\"639\" srcset=\"http:\/\/argentinamunicipal.com.ar\/argentina\/wp-content\/uploads\/2015\/04\/afiche-fiesta.jpg 567w, http:\/\/argentinamunicipal.com.ar\/argentina\/wp-content\/uploads\/2015\/04\/afiche-fiesta-204x300.jpg 204w\" sizes=\"auto, (max-width: 435px) 100vw, 435px\" \/><\/a><br \/>\nEl Gobierno de Avellaneda y la Comisi\u00f3n organizadora de la Fiesta Nacional y Provincial del Algod\u00f3n invitan a la comunidad a participar de los actos centrales de esta festividad.<\/p>\n<p><strong>El programa previsto es:<\/strong><\/p>\n<p><strong>S\u00e1bado 11 de abril<\/strong> en Plaza Central de Avellaneda<\/p>\n<p>14:00 Hs.Muestra de comercio e industria regional, con la presencia de empresas agropecuarias, comercios de la zona, emprendedores y empresas regionales.<\/p>\n<p>17:00 Hs. Show gimnasios locales: IDM \u2013 Romicer \u2013 Fox \u2013 Mega Gym.<\/p>\n<p>Elecci\u00f3n de Miss Capullito: Para nenas de 5 a\u00f1os de la ciudad de Avellaneda. Inscripciones en el Centro Cultural de Avellaneda.<\/p>\n<p>Show de artistas locales: La B trece, Yoana Espinosa, Peque\u00f1os Cumbieros, Las Vinchucas y La Vagancia.<\/p>\n<p>En el Club Uni\u00f3n Avellaneda<\/p>\n<p>21:30 Hs. Cena show con presentaci\u00f3n de las candidatas a reina y shows en vivo, tarjetas en venta en el Club Uni\u00f3n.<\/p>\n<p><strong>Domingo 12 de abril<\/strong>: 10:00 Hs. Misa en el templo Parroquial \u2013 bendici\u00f3n de capullos. 17:00 Hs. Plaza Central<\/p>\n<p>Acto Central<\/p>\n<p>Introducci\u00f3n a cargo de la Banda Municipal de M\u00fasica.<\/p>\n<p>Entrega de premios de concurso de cosecha y concurso de fibra.<\/p>\n<p>Presentaci\u00f3n de Alh\u00fa \u2013 tributo a Man\u00e1<\/p>\n<p>Presentaci\u00f3n de candidatas a reina.<\/p>\n<p>Alh\u00fa \u2013 repertorio variado<\/p>\n<p>Los Paisanos \u2013 folklore<\/p>\n<p>Elecci\u00f3n de la reina.<\/p>\n<h6>Fuente: Sin Mordaza<\/h6>\n","protected":false},"excerpt":{"rendered":"<p>El Gobierno de Avellaneda y la Comisi\u00f3n organizadora de la Fiesta Nacional y Provincial del Algod\u00f3n invitan a la comunidad a participar de los actos centrales de esta festividad. El programa previsto es: S\u00e1bado 11 de abril en Plaza Central de Avellaneda 14:00 Hs.Muestra de comercio e industria regional, con la presencia de empresas agropecuarias,<\/p>\n","protected":false},"author":2,"featured_media":27468,"comment_status":"closed","ping_status":"closed","sticky":false,"template":"","format":"standard","meta":{"footnotes":""},"categories":[47],"tags":[10],"class_list":["post-27466","post","type-post","status-publish","format-standard","has-post-thumbnail","hentry","category-fiestas","tag-santa-fe"],"_links":{"self":[{"href":"http:\/\/argentinamunicipal.com.ar\/argentina\/wp-json\/wp\/v2\/posts\/27466","targetHints":{"allow":["GET"]}}],"collection":[{"href":"http:\/\/argentinamunicipal.com.ar\/argentina\/wp-json\/wp\/v2\/posts"}],"about":[{"href":"http:\/\/argentinamunicipal.com.ar\/argentina\/wp-json\/wp\/v2\/types\/post"}],"author":[{"embeddable":true,"href":"http:\/\/argentinamunicipal.com.ar\/argentina\/wp-json\/wp\/v2\/users\/2"}],"replies":[{"embeddable":true,"href":"http:\/\/argentinamunicipal.com.ar\/argentina\/wp-json\/wp\/v2\/comments?post=27466"}],"version-history":[{"count":0,"href":"http:\/\/argentinamunicipal.com.ar\/argentina\/wp-json\/wp\/v2\/posts\/27466\/revisions"}],"wp:featuredmedia":[{"embeddable":true,"href":"http:\/\/argentinamunicipal.com.ar\/argentina\/wp-json\/wp\/v2\/media\/27468"}],"wp:attachment":[{"href":"http:\/\/argentinamunicipal.com.ar\/argentina\/wp-json\/wp\/v2\/media?parent=27466"}],"wp:term":[{"taxonomy":"category","embeddable":true,"href":"http:\/\/argentinamunicipal.com.ar\/argentina\/wp-json\/wp\/v2\/categories?post=27466"},{"taxonomy":"post_tag","embeddable":true,"href":"http:\/\/argentinamunicipal.com.ar\/argentina\/wp-json\/wp\/v2\/tags?post=27466"}],"curies":[{"name":"wp","href":"https:\/\/api.w.org\/{rel}","templated":true}]}}