{"id":27763,"date":"2015-04-16T06:43:25","date_gmt":"2015-04-16T09:43:25","guid":{"rendered":"http:\/\/argentinamunicipal.com.ar\/argentina\/?p=27763"},"modified":"2015-04-21T14:44:20","modified_gmt":"2015-04-21T17:44:20","slug":"17-de-abril-dia-mundial-del-malbec-festejos-en-mendoza","status":"publish","type":"post","link":"http:\/\/argentinamunicipal.com.ar\/argentina\/17-de-abril-dia-mundial-del-malbec-festejos-en-mendoza\/","title":{"rendered":"17 de abril D\u00eda Mundial del Malbec, festejos en Mendoza"},"content":{"rendered":"<h3><a href=\"http:\/\/argentinamunicipal.com.ar\/argentina\/wp-content\/uploads\/2015\/04\/CAMINOS-DEL-VINO-4-e1429017029565.jpg\"><img loading=\"lazy\" decoding=\"async\" class=\"aligncenter wp-image-27765 \" src=\"http:\/\/argentinamunicipal.com.ar\/argentina\/wp-content\/uploads\/2015\/04\/CAMINOS-DEL-VINO-4-e1429017029565.jpg\" alt=\"\" width=\"512\" height=\"614\" srcset=\"http:\/\/argentinamunicipal.com.ar\/argentina\/wp-content\/uploads\/2015\/04\/CAMINOS-DEL-VINO-4-e1429017029565.jpg 638w, http:\/\/argentinamunicipal.com.ar\/argentina\/wp-content\/uploads\/2015\/04\/CAMINOS-DEL-VINO-4-e1429017029565-250x300.jpg 250w\" sizes=\"auto, (max-width: 512px) 100vw, 512px\" \/><\/a><\/h3>\n<p>Bodegas, m\u00fasica y comida en el multiespacio p\u00fablico de la Ciudad dedicado a nuestra bebida nacional. Del 15 al 17 de abril \u00a1no te lo pod\u00e9s perder!<\/p>\n<p>La Ciudad de Mendoza, Capital Internacional del Vino, celebra el D\u00eda Mundial del Malbec (17 de abril) en la primera Peatonal del Vino de la Rep\u00fablica Argentina.Desde la Capital mendocina, los d\u00edas 15, 16 y 17 de abril de 20 a 0 hs, la calle Virgen del Carmen de Cuyo (ubicada entre San Mart\u00edn y 9 de Julio) conectar\u00e1 la Municipalidad de la Ciudad de Mendoza con el Instituto Nacional de Vitivinicultura, para reunir a mendocinos, turistas y hacedores de nuestra bebida nacional.<\/p>\n<p><strong>Festejos en toda la Ciudad<\/strong><\/p>\n<p>Las actividades planificadas para esos tres d\u00edas se complementar\u00e1n en toda la Ciudad de Mendoza con descuentos y degustaciones que ofrecer\u00e1n lasviner\u00edas y los comercios que hayan decidido adherirse a las celebraciones en honor al Malbec. Las Bodegas y viner\u00edas que deseen podr\u00e1n sumarse con beneficios en la p\u00e1gina oficial de la Municipalidad de la Ciudad de Mendoza<\/p>\n<p><strong>Fuentes color uva<\/strong><\/p>\n<p>La Ciudad fue consagrada como \u201cCapital Internacional del Vino\u201d. En consonancia, y dentro de la serie de actividades que desarrollar\u00e1 el municipio para celebrar el d\u00eda de nuestra cepa insignia, las fuentes de las plazas y espacios verdes te\u00f1ir\u00e1n sus aguas color Malbec.<\/p>\n<p><a href=\"http:\/\/argentinamunicipal.com.ar\/argentina\/wp-content\/uploads\/2015\/04\/5166b91027ba6_800x520.jpg\"><img loading=\"lazy\" decoding=\"async\" class=\"aligncenter  wp-image-27766\" src=\"http:\/\/argentinamunicipal.com.ar\/argentina\/wp-content\/uploads\/2015\/04\/5166b91027ba6_800x520.jpg\" alt=\"5166b91027ba6_800x520\" width=\"523\" height=\"340\" srcset=\"http:\/\/argentinamunicipal.com.ar\/argentina\/wp-content\/uploads\/2015\/04\/5166b91027ba6_800x520.jpg 800w, http:\/\/argentinamunicipal.com.ar\/argentina\/wp-content\/uploads\/2015\/04\/5166b91027ba6_800x520-300x195.jpg 300w\" sizes=\"auto, (max-width: 523px) 100vw, 523px\" \/><\/a><\/p>\n<p><strong>Actividades<\/strong><\/p>\n<p>Los peatones podr\u00e1n acceder a descuentos y promociones de outlets de vinos, realizar catas, disfrutar de espect\u00e1culos de danzas y m\u00fasicos en vivo, patios de comida y Feria Tenderete. Tambi\u00e9n estar\u00e1n presentes importantes Bodegas , Ciudad Universitaria con la oferta educativa en Mendoza relacionada al vino, habr\u00e1 una muestra de barricas e intervenci\u00f3n por la Fundaci\u00f3n Pinta Argentina, Balcones de mi Ciudad y Cava y Museo del Vino.<\/p>\n<p><a href=\"http:\/\/argentinamunicipal.com.ar\/argentina\/wp-content\/uploads\/2015\/04\/55298eab42ba6_565_319.jpg\"><img loading=\"lazy\" decoding=\"async\" class=\"aligncenter size-full wp-image-27764\" src=\"http:\/\/argentinamunicipal.com.ar\/argentina\/wp-content\/uploads\/2015\/04\/55298eab42ba6_565_319.jpg\" alt=\"55298eab42ba6_565_319!\" width=\"565\" height=\"319\" srcset=\"http:\/\/argentinamunicipal.com.ar\/argentina\/wp-content\/uploads\/2015\/04\/55298eab42ba6_565_319.jpg 565w, http:\/\/argentinamunicipal.com.ar\/argentina\/wp-content\/uploads\/2015\/04\/55298eab42ba6_565_319-300x169.jpg 300w\" sizes=\"auto, (max-width: 565px) 100vw, 565px\" \/><\/a><\/p>\n<p><strong>Agenda<\/strong><\/p>\n<p><strong>Miercoles 15<\/strong><\/p>\n<p>20:00 hs. Inauguraci\u00f3n de la Peatonal del Vino 2015 en honor al D\u00eda Mundial del Malbec<br \/>\n20: 30 hs. Musicalizaci\u00f3n con set de DJ Simon<br \/>\n21:00 hs. El Vino Habla en la Ciudad<br \/>\n21:30 hs. Vino x Tango<br \/>\n21:30 hs. Presentaci\u00f3n de la Oferta Educativa del Vino de Ciudad Universitaria con las universidades e instituciones en el espacio universitario.<br \/>\n22:00 hs. Experiencia Malbec con bodega Tierras Altas. Explanada Municipal<br \/>\n22:00 hs. Show l\u00edrico<br \/>\n22:30 hs. M\u00fasica en vivo con Morning Wood<br \/>\n23:30 hs. M\u00fasica en vivo. Show de ska y rock tropical con \u201c5 al Hilo\u201d<br \/>\n00:30 hs. M\u00fasica en vivo SUM (Solo un Momento), tributo a Vicentico.<\/p>\n<p><strong>Jueves 16<\/strong><\/p>\n<p>20:00 hs. Musicalizaci\u00f3n con set de DJ. Stand de Capital Internacional del Vino.<br \/>\n20:00 hs Vino y M\u00fasica en las Alturas, Terraza Jard\u00edn Mirador de la Municipalidad.<br \/>\n20:00 hs. Circuito Peatonal \u201cA los or\u00edgenes del vino y visita guiada a la Enoteca\u201d<br \/>\n20:30 hs. El Vino Habla en la Ciudad. Stand de Capital Internacional del Vino<br \/>\n21:00 hs. Vino x Tango.<br \/>\n22:00 hs. Tragos con Vino a cargo de los hermanos \u201cMantegini Sommeliers\u201d<\/p>\n<p>Explanada Municipal<\/p>\n<p>22:30 hs. M\u00fasica en vivo con La Cesar Pav\u00f3n Orkesta. Acordeones.<\/p>\n<p>23:30 hs. M\u00fasica en vivo. Show de ska y rock tropical con \u201c5 al Hilo\u201d<br \/>\nCierre con DJ Simon e invitados<\/p>\n<p><strong>Viernes 17 de abril: D\u00eda Mundial del Malbec<\/strong><\/p>\n<p>20:00 hs. Musicalizaci\u00f3n con set de DJ<br \/>\n20:00 hs. Vino y Estrellas en la Terraza Jard\u00edn Mirador<br \/>\n20:30 hs. Charlando de vinos con Enrique Chrabolowsky<br \/>\n21:00 hs. Vino x Tango<br \/>\n21:30 hs. Tragos con Vino a cargo de los hermanos \u201cMantegini Sommeliers\u201d<br \/>\n22:00 hs. M\u00fasica en vivo con La Cesar Pav\u00f3n Orkesta. Acordeones<br \/>\n23:00 hs. Show con The Cellars, banda del c\u00e9lebre en\u00f3logo Marcelo Pelleriti<br \/>\nCierre de m\u00fasica en vivo con Morning Wood<\/p>\n<p><strong>Para los fan\u00e1ticos de las redes: Peatonal 2.0<\/strong><\/p>\n<p>La Peatonal del Vino tendr\u00e1 su espacio virtual e interactivo con los visitantes, que podr\u00e1n subir fotos, mensajes e impresiones, para compartir en este espacio virtual. @ciudaddemendoza #PeatonalDelVino #D\u00edaMundialDelMalbec.<\/p>\n<h6>Fuente: MDZ Online<\/h6>\n<hr \/>\n<p>&nbsp;<\/p>\n<p>&nbsp;<\/p>\n<p>El 17 de abril\u00a0se celebra en todo el mundo la cepa insignia de la industria vitivin\u00edcola argentina. Mitos y verdades sobre su origen y su crecimiento en el pa\u00eds.<\/p>\n<p>En Argentina pocos conocen su nombre, sin embargo los expertos aseguran que el pa\u00eds sudamericano le debe a este europeo lo que se ha convertido en uno de sus productos m\u00e1s redituables y m\u00e1s emblem\u00e1ticos: el vino malbec.<\/p>\n<p>Michel Aim\u00e9 Pouget era un ingeniero agr\u00f3nomo franc\u00e9s nacido en 1821, que a mediados del siglo XIX emigr\u00f3 a Chile. All\u00ed conoci\u00f3 a Domingo Faustino Sarmiento, un visionario pol\u00edtico, educador, periodista y militar argentino que estaba exiliado en el pa\u00eds andino.<\/p>\n<p>Seg\u00fan el mito, en 1852 Sarmiento (que en 1868 se convertir\u00eda en uno de los presidentes m\u00e1s emblem\u00e1ticos de Argentina) contrat\u00f3 a Pouget para desarrollar el cultivo de uvas en la provincia occidental de Mendoza.<\/p>\n<p>El franc\u00e9s habr\u00eda tra\u00eddo al pa\u00eds una serie de variedades europeas hasta entonces inexistentes en Argentina, como el cabernet sauvignon, el pinot noir, y la que luego se convertir\u00eda en la uva m\u00e1s popular de Argentina: el malbec.<\/p>\n<p>As\u00ed, este hombre de nombre desconocido, se convirti\u00f3 en el \u00abpadre\u00bb de una industria vitivin\u00edcola que actualmente genera cerca de US$2.500 millones.<\/p>\n<p>El reconocimiento a Pouget es tal que a partir de 2011 Argentina decidi\u00f3 homenajearlo cada a\u00f1o con una celebraci\u00f3n especial, conocida como el D\u00eda Mundial del Malbec.<\/p>\n<p>Este festejo se conmemora cada 17 de abril porque fue ese d\u00eda, en 1853, cuando se present\u00f3 oficialmente el proyecto para crear la Quinta Agron\u00f3mica de Mendoza -la primera escuela de agricultura del pa\u00eds- donde Pouget fundar\u00eda los cimientos de la vitivinicultura argentina.<\/p>\n<p><strong>Del mito al hecho<\/strong><\/p>\n<p>A pesar de que la mayor\u00eda de los argentinos no sabe qui\u00e9n fue Pouget, entre los expertos del vino es una leyenda.<\/p>\n<p>\u00abEn la escuela de sommeliers te ense\u00f1an que \u00e9l trajo la primera cepa de malbec a Argentina\u00bb, cont\u00f3 a BBC Mundo Nigel Tollerman, un ingl\u00e9s que se mud\u00f3 a Buenos Aires hace una d\u00e9cada y fund\u00f3 la empresa de \u00abdelivery\u00bb de vinos, 0800-VINO.<\/p>\n<p>Pero a pesar de lo que se cuenta, la realidad es un poco diferente.<\/p>\n<p>\u00abNo es cierto que Pouget trajo la primera cepa de malbec. Los vinos europeos llegaron a Argentina de la mano de los inmigrantes espa\u00f1oles, italianos y franceses que trajeron las semillas\u00bb, asegur\u00f3 el empresarioAlberto Arizu.<\/p>\n<p>Arizu es un hombre que sabe de vinos argentinos: es el presidente de Wines of Argentina, una entidad que representa a 215 bodegas locales y se dedica a promocionar los vinos argentinos en el mundo, con aval del Estado.<\/p>\n<p>Fue Wines of Argentina la que impuls\u00f3 la celebraci\u00f3n del D\u00eda Mundial del Malbec, un festejo que, con ayuda de la Canciller\u00eda argentina, este a\u00f1o se extender\u00e1 a m\u00e1s de 40 pa\u00edses.<\/p>\n<p>Seg\u00fan Arizu, si bien Pouget no fue el primero en traer el malbec, s\u00ed fue responsable del \u00e9xito que tuvo esa cepa en Argentina.<\/p>\n<p>\u00abEn la Quinta Agron\u00f3mica Pouget investig\u00f3 las distintas variedades de semillas y descubri\u00f3 que el malbec era particularmente apto para el suelo argentino, en particular en Mendoza\u00bb, se\u00f1al\u00f3.<\/p>\n<p>Mientras que el malbec crec\u00eda en Argentina, en el sudoeste de Francia -donde se origin\u00f3- sufr\u00eda un declive desastroso, por culpa de las plagas y una gran inundaci\u00f3n.<\/p>\n<p>150 a\u00f1os despu\u00e9s de la llegada de Pouget Argentina se convertir\u00eda en el principal productor de malbec del mundo y esa cepa se ha convertido en su uva insignia.<\/p>\n<p><strong>Negocio millonario<\/strong><\/p>\n<p>En la actualidad, el malbec representa el 50% de las exportaciones de vino argentino, que en 2011 generaron US$1.000 millones para el pa\u00eds.<\/p>\n<p>Tambi\u00e9n es la variedad m\u00e1s bebida por los locales, que consumen el 72% de la producci\u00f3n total de vinos del pa\u00eds.<\/p>\n<p>Seg\u00fan el diario estadounidense The Wall Street Journal, en el mundo el malbec es considerado un \u00absin\u00f3nimo de vino argentino\u00bb.<\/p>\n<p>El pa\u00eds tiene 31.000 hect\u00e1reas dedicadas a cultivar esta variedad, m\u00e1s que cualquier otra naci\u00f3n.<\/p>\n<p>Pero \u00bfpor qu\u00e9 tuvo tanto \u00e9xito esta cepa francesa en suelo argentino?<\/p>\n<p>Aunque parezca il\u00f3gico, la ventaja principal que tiene Argentina es la baja fertilidad y la sequedad de sus suelos, en particular en Mendoza, una zona \u00e1rida al pie de los Andes.<\/p>\n<p>\u00abEl malbec crece mejor en zonas des\u00e9rticas, su principal enemigo es el agua\u00bb, explic\u00f3 Arizu.<\/p>\n<p>Seg\u00fan Tollerman un segundo factor que beneficia enormemente a Argentina es la gran amplitud t\u00e9rmica: en la regi\u00f3n de la cordillera en un s\u00f3lo d\u00eda la temperatura puede variar unos 20\u00baC.<\/p>\n<p>\u00abEso es muy importante para madurar la uva\u00bb, se\u00f1al\u00f3 el sommelier.<\/p>\n<p>\u00abLa dispersi\u00f3n t\u00e9rmica explica por qu\u00e9 el malbec argentino es de mucha mejor calidad que las variedades que se producen en otras partes del mundo\u00bb, agreg\u00f3.<\/p>\n<p>Como ejemplo cit\u00f3 el caso de Chile -el principal productor sudamericano de vinos- que por su cercan\u00eda al mar tiene menos amplitud t\u00e9rmica.<\/p>\n<p><strong>Potencial<\/strong><\/p>\n<p>Seg\u00fan los productores argentinos del malbec este tipo de vino tiene un enorme potencial de crecimiento, ya que en la actualidad es mucho menos conocido que otras variedades como el cabernet sauvignon o el merlot.<\/p>\n<p>A pesar de ser menos famoso, las ventas del vino argentino han aumentado a pasos agigantados: seg\u00fan Tollerman, entre 2007 y 2011 las exportaciones del malbec crecieron en un 94%.<\/p>\n<p>Sin embargo, los empresarios prev\u00e9n algunos nubarrones en el futuro cercano.Muchos temen que las recientes restricciones a la importaci\u00f3n impuestas por el gobierno de Cristina Fern\u00e1ndez de Kirchner puedan generar represalias de los principales compradores de vino.<\/p>\n<p>Estados Unidos, el mercado m\u00e1s grande del malbec argentino, ya suspendi\u00f3 a Argentina de su sistema de preferencias arancelarias, mientras que Brasil -el principal comprador latinoamericano- tambi\u00e9n impuso limitaciones.<\/p>\n<h6>Fuente:\u00a0conexionbrando.com<\/h6>\n","protected":false},"excerpt":{"rendered":"<p>Bodegas, m\u00fasica y comida en el multiespacio p\u00fablico de la Ciudad dedicado a nuestra bebida nacional. Del 15 al 17 de abril \u00a1no te lo pod\u00e9s perder! La Ciudad de Mendoza, Capital Internacional del Vino, celebra el D\u00eda Mundial del Malbec (17 de abril) en la primera Peatonal del Vino de la Rep\u00fablica Argentina.Desde la<\/p>\n","protected":false},"author":2,"featured_media":27767,"comment_status":"closed","ping_status":"closed","sticky":false,"template":"","format":"standard","meta":{"footnotes":""},"categories":[47],"tags":[21],"class_list":["post-27763","post","type-post","status-publish","format-standard","has-post-thumbnail","hentry","category-fiestas","tag-argentina"],"_links":{"self":[{"href":"http:\/\/argentinamunicipal.com.ar\/argentina\/wp-json\/wp\/v2\/posts\/27763","targetHints":{"allow":["GET"]}}],"collection":[{"href":"http:\/\/argentinamunicipal.com.ar\/argentina\/wp-json\/wp\/v2\/posts"}],"about":[{"href":"http:\/\/argentinamunicipal.com.ar\/argentina\/wp-json\/wp\/v2\/types\/post"}],"author":[{"embeddable":true,"href":"http:\/\/argentinamunicipal.com.ar\/argentina\/wp-json\/wp\/v2\/users\/2"}],"replies":[{"embeddable":true,"href":"http:\/\/argentinamunicipal.com.ar\/argentina\/wp-json\/wp\/v2\/comments?post=27763"}],"version-history":[{"count":0,"href":"http:\/\/argentinamunicipal.com.ar\/argentina\/wp-json\/wp\/v2\/posts\/27763\/revisions"}],"wp:featuredmedia":[{"embeddable":true,"href":"http:\/\/argentinamunicipal.com.ar\/argentina\/wp-json\/wp\/v2\/media\/27767"}],"wp:attachment":[{"href":"http:\/\/argentinamunicipal.com.ar\/argentina\/wp-json\/wp\/v2\/media?parent=27763"}],"wp:term":[{"taxonomy":"category","embeddable":true,"href":"http:\/\/argentinamunicipal.com.ar\/argentina\/wp-json\/wp\/v2\/categories?post=27763"},{"taxonomy":"post_tag","embeddable":true,"href":"http:\/\/argentinamunicipal.com.ar\/argentina\/wp-json\/wp\/v2\/tags?post=27763"}],"curies":[{"name":"wp","href":"https:\/\/api.w.org\/{rel}","templated":true}]}}