{"id":27823,"date":"2015-04-15T10:03:51","date_gmt":"2015-04-15T13:03:51","guid":{"rendered":"http:\/\/argentinamunicipal.com.ar\/argentina\/?p=27823"},"modified":"2015-04-15T10:03:51","modified_gmt":"2015-04-15T13:03:51","slug":"invertiran-mas-de-9-millones-de-pesos-en-santa-fe-para-reforzar-las-defensas-contra-inundaciones","status":"publish","type":"post","link":"http:\/\/argentinamunicipal.com.ar\/argentina\/invertiran-mas-de-9-millones-de-pesos-en-santa-fe-para-reforzar-las-defensas-contra-inundaciones\/","title":{"rendered":"Invertir\u00e1n m\u00e1s de 9 millones de pesos en Santa Fe para reforzar las\u00a0defensas contra inundaciones"},"content":{"rendered":"<p><a href=\"http:\/\/argentinamunicipal.com.ar\/argentina\/wp-content\/uploads\/2015\/04\/Rio-Salado.jpg_1899195444.jpg\"><img loading=\"lazy\" decoding=\"async\" class=\"aligncenter size-full wp-image-27824\" src=\"http:\/\/argentinamunicipal.com.ar\/argentina\/wp-content\/uploads\/2015\/04\/Rio-Salado.jpg_1899195444.jpg\" alt=\"Rio-Salado.jpg_1899195444\" width=\"633\" height=\"442\" srcset=\"http:\/\/argentinamunicipal.com.ar\/argentina\/wp-content\/uploads\/2015\/04\/Rio-Salado.jpg_1899195444.jpg 633w, http:\/\/argentinamunicipal.com.ar\/argentina\/wp-content\/uploads\/2015\/04\/Rio-Salado.jpg_1899195444-300x209.jpg 300w\" sizes=\"auto, (max-width: 633px) 100vw, 633px\" \/><\/a><br \/>\nEs en el tramo de las ciudades de Santa Fe, Santo Tom\u00e9, San Jos\u00e9 del Rinc\u00f3n, Recreo, Comuna de Arroyo Leyes y Distrito de Alto Verde.<\/p>\n<p>El ministro de Aguas, Servicios P\u00fablicos y Medio Ambiente, Antonio Ciancio, encabez\u00f3 esta ma\u00f1ana el acto de apertura de sobres para ejecutar tareas de mantenimiento y reparaci\u00f3n del sistema de defensas contra inundaciones en el \u00e1rea metropolitana de las ciudades de Santa Fe, Santo Tom\u00e9, San Jos\u00e9 del Rinc\u00f3n, Recreo, Comuna de Arroyo Leyes y Distrito de Alto Verde (Santa Fe en esta etapa).<\/p>\n<p>Las tareas a llevar a cabo tienen como objetivo reforzar un tramo de los 140 kil\u00f3metros de extensi\u00f3n que posee este sistema de defensas. De este modo, las acciones repercutir\u00e1n en la reducci\u00f3n de posibles riesgos de inundaciones ante crecidas de los r\u00edos aleda\u00f1os a dichas localidades. Este cord\u00f3n defensivo requiere de un constante mantenimiento debido a la erosi\u00f3n que provoca la acci\u00f3n del agua y el viento.<\/p>\n<p>\u201cEstas obras son de suma importancia para los santafesinos, ya que mejora la \u00a0calidad de vida a los beneficiarios. Vamos a seguir trabajando para dejar la defensa en \u00f3ptimas condiciones\u201d, declar\u00f3 Ciancio.<\/p>\n<p>En el acto, que se llev\u00f3 a cabo en la cartera de Aguas en la capital proivncial, tres empresas presentaron ofertas para realizar estos trabajos: la firma PONCE CONSTRUCCIONES SRL, que ofert\u00f3 una suma de $11.820.175,65; la firma INAR VIAL S.A. \u2013 EMPRESA CONSTRUCTORA PILATTI S.A. (UTE), quien present\u00f3 una oferta de $11.288.607,29; y por \u00faltimo, la firma \u00c1NGEL BOSCARINO CONSTRUCCIONES S.A., que no calific\u00f3 debido a un error de interpretaci\u00f3n, puesto que su oferta no cumpliment\u00f3 con el 1% exigido como garant\u00eda respecto al presupuesto oficial.<\/p>\n<p>Una vez realizados los trabajos licitados en esta instancia, se continuar\u00e1 con las licitaciones para los siguientes tramos que comprenden estos 140 kil\u00f3metros.<\/p>\n<p>La obra \u00a0tiene un presupuesto aproximado de 9.349.762,60 pesos, y su plazo de ejecuci\u00f3n se estableci\u00f3 en 18 meses a partir del inicio de las tareas.<\/p>\n<p>En la actividad acompa\u00f1aron al ministro, Eduardo Lorinz, presidente de la Comuna de Arroyo Leyes; Carlos S\u00e1nchez, intendente de San Jos\u00e9 del Rinc\u00f3n; la concejala Vanesa Oddi; Ricardo M\u00e9ndez, secretario de Obras y Servicios P\u00fablicos; e integrantes de las empresas oferentes.<\/p>\n<h6>Fuente: Uno, Santa Fe<\/h6>\n","protected":false},"excerpt":{"rendered":"<p>Es en el tramo de las ciudades de Santa Fe, Santo Tom\u00e9, San Jos\u00e9 del Rinc\u00f3n, Recreo, Comuna de Arroyo Leyes y Distrito de Alto Verde. El ministro de Aguas, Servicios P\u00fablicos y Medio Ambiente, Antonio Ciancio, encabez\u00f3 esta ma\u00f1ana el acto de apertura de sobres para ejecutar tareas de mantenimiento y reparaci\u00f3n del sistema<\/p>\n","protected":false},"author":2,"featured_media":27824,"comment_status":"closed","ping_status":"closed","sticky":false,"template":"","format":"standard","meta":{"footnotes":""},"categories":[2],"tags":[10],"class_list":["post-27823","post","type-post","status-publish","format-standard","has-post-thumbnail","hentry","category-informe-municipal","tag-santa-fe"],"_links":{"self":[{"href":"http:\/\/argentinamunicipal.com.ar\/argentina\/wp-json\/wp\/v2\/posts\/27823","targetHints":{"allow":["GET"]}}],"collection":[{"href":"http:\/\/argentinamunicipal.com.ar\/argentina\/wp-json\/wp\/v2\/posts"}],"about":[{"href":"http:\/\/argentinamunicipal.com.ar\/argentina\/wp-json\/wp\/v2\/types\/post"}],"author":[{"embeddable":true,"href":"http:\/\/argentinamunicipal.com.ar\/argentina\/wp-json\/wp\/v2\/users\/2"}],"replies":[{"embeddable":true,"href":"http:\/\/argentinamunicipal.com.ar\/argentina\/wp-json\/wp\/v2\/comments?post=27823"}],"version-history":[{"count":0,"href":"http:\/\/argentinamunicipal.com.ar\/argentina\/wp-json\/wp\/v2\/posts\/27823\/revisions"}],"wp:featuredmedia":[{"embeddable":true,"href":"http:\/\/argentinamunicipal.com.ar\/argentina\/wp-json\/wp\/v2\/media\/27824"}],"wp:attachment":[{"href":"http:\/\/argentinamunicipal.com.ar\/argentina\/wp-json\/wp\/v2\/media?parent=27823"}],"wp:term":[{"taxonomy":"category","embeddable":true,"href":"http:\/\/argentinamunicipal.com.ar\/argentina\/wp-json\/wp\/v2\/categories?post=27823"},{"taxonomy":"post_tag","embeddable":true,"href":"http:\/\/argentinamunicipal.com.ar\/argentina\/wp-json\/wp\/v2\/tags?post=27823"}],"curies":[{"name":"wp","href":"https:\/\/api.w.org\/{rel}","templated":true}]}}