{"id":2788,"date":"2014-03-03T14:09:25","date_gmt":"2014-03-03T17:09:25","guid":{"rendered":"http:\/\/argentinamunicipal.com.ar\/argentina\/?p=2788"},"modified":"2014-03-03T15:50:12","modified_gmt":"2014-03-03T18:50:12","slug":"intendente-de-salta-no-quiero-funcionarios-indiferentes-con-el-vecino","status":"publish","type":"post","link":"http:\/\/argentinamunicipal.com.ar\/argentina\/intendente-de-salta-no-quiero-funcionarios-indiferentes-con-el-vecino\/","title":{"rendered":"Intendente de Salta: \u201cNo quiero funcionarios indiferentes con el vecino\u201d"},"content":{"rendered":"<p><img loading=\"lazy\" decoding=\"async\" class=\"aligncenter size-full wp-image-2789\" alt=\"miguel-isa-apertura-sesion-2013\" src=\"http:\/\/argentinamunicipal.com.ar\/argentina\/wp-content\/uploads\/2014\/03\/miguel-isa-apertura-sesion-2013.jpg\" width=\"600\" height=\"393\" srcset=\"http:\/\/argentinamunicipal.com.ar\/argentina\/wp-content\/uploads\/2014\/03\/miguel-isa-apertura-sesion-2013.jpg 600w, http:\/\/argentinamunicipal.com.ar\/argentina\/wp-content\/uploads\/2014\/03\/miguel-isa-apertura-sesion-2013-300x196.jpg 300w\" sizes=\"auto, (max-width: 600px) 100vw, 600px\" \/><\/p>\n<p>El oficialismo ya no tiene mayor\u00eda y tampoco retuvo la presidencia. El PO no acudi\u00f3 ayer y adelant\u00f3 ser un obst\u00e1culo.<br \/>\nEl intendente Miguel Isa dej\u00f3 inaugurado ayer un nuevo per\u00edodo de sesiones ordinarias del Concejo Deliberante el marco de una fuerte interna que dej\u00f3 al oficialismo sin la principal silla del cuerpo deliberativo, la presidencia, la cual recay\u00f3 en Ricardo Villada (Frente Salte\u00f1o).<\/p>\n<p>El jefe comunal apunt\u00f3 a la necesidad de que los funcionarios no sean indiferentes a los problemas de los vecinos y les pidi\u00f3 que salgan a la calle. \u201cNo estoy dispuesto a que los funcionarios sean indiferentes. Pretendo que est\u00e9n en la calle, los barrios, con los vecinos. Con el overol de trabajo puesto, con el tel\u00e9fono abierto las 24 horas del d\u00eda, todos los d\u00edas del a\u00f1o\u201d, expres\u00f3 Miguel Isa.<\/p>\n<p>La insistencia en la necesidad de acercarse a los vecinos tiene relaci\u00f3n con los resultados de las elecciones de noviembre en donde el Partido Obrero tuvo un fuerte avance en la ciudad y fue el que m\u00e1s concejales puso dentro del recinto. Situaci\u00f3n que complica al oficialismo quien ahora, a diferencia de a\u00f1os anteriores, se ver\u00e1 obligado a concertar acuerdos con el Frente Salte\u00f1o o Salta Somos Todos para lograr la aprobaci\u00f3n de los proyectos que el Ejecutivo env\u00ede al recinto.<\/p>\n<p>Entre los ejes que consider\u00f3 \u201cclaves\u201d de su gesti\u00f3n enumer\u00f3 la construcci\u00f3n del Canal de Los Manzanos, la lucha contra las adicciones, el reordenamiento del tr\u00e1nsito y sobre todo destac\u00f3 que la Playa de Transferencia de Cargas, licitada hace dos semanas, ser\u00e1 revolucionaria para la ciudad por la cantidad de empleo que generar\u00e1 y la modificaci\u00f3n que producir\u00e1 en el tr\u00e1nsito ya que evitar\u00e1 el ingreso de camiones de gran porte al micro y macrocentro. Consider\u00f3 que la escuela de artes y oficios inaugurada en 2013 representa un paso importante del municipio en materia de inclusi\u00f3n, al igual que el programa de alfabetizaci\u00f3n \u201cYo Si Puedo\u201d, entre otras herramientas.<\/p>\n<h2>Un faltazo, un mensaje<\/h2>\n<p>Ninguno de los nueve concejales del Partido Obrero se presentaron al discurso que el intendente Isa dio ayer en el Concejo Deliberante. Estuvieron dentro del edificio repartiendo panfletos con duras cr\u00edticas a la gesti\u00f3n municipal. El faltazo ya estaba anunciado, luego de que como primera minor\u00eda no obtuvieran apoyo para alcanzar la presidencia, que qued\u00f3 en manos del Frente Salte\u00f1o.<\/p>\n<p>En di\u00e1logo con El Tribuno, el presidente del bloque del PO, Arturo Borelli, sostuvo que \u201cno queremos escuchar anuncios vac\u00edos en los que se omite hablar de la crisis municipal. Todos los a\u00f1os se anuncian proyectos que son puras abstracciones\u201d, apunt\u00f3 Borelli. Ese faltazo marca el inicio de una etapa en la que el PO se erige como el principal obst\u00e1culo a la gesti\u00f3n.<\/p>\n<h2>Futuro pol\u00edtico<\/h2>\n<p>A ra\u00edz de las declaraciones que el intendente realiz\u00f3 semanas atr\u00e1s cuando afirm\u00f3 que no ir\u00e1 por otro mandato en la intendencia, se abri\u00f3 un abanico de especulaciones sobre su futuro pol\u00edtico. Ayer, dijo que buscar\u00e1 llegar a la Gobernaci\u00f3n s\u00f3lo en caso de que Juan Manuel Urtubey se postule para presidente de la Naci\u00f3n.<\/p>\n<h2>Obra P\u00fablica<\/h2>\n<p>El Ejecutivo municipal invertir\u00e1 $109.100.000 en la reparaci\u00f3n de los canales Alvear, Fraternidad y Tineo-Espa\u00f1a. Con esto, se evitar\u00e1 las inundaciones en el macrocentro de la ciudad. Sobre el Canal Esteco, se construir\u00e1 un paseo urbano que saldr\u00e1 $9.000.000, donde se instalar\u00e1n los vendedores del Parque San Mart\u00edn.<\/p>\n<h2>Pacto por Salta<\/h2>\n<p>El intendente lanz\u00f3 este acuerdo con la finalidad de crear un canal de di\u00e1logo con los distintos sectores de la sociedad y as\u00ed poder acordar ejes claves que contribuyan al mejoramiento de la ciudad. Invit\u00f3 a sectores pol\u00edticos, sociales, sindicales e instituciones de la sociedad civil. Hay expectativas en torno a este acuerdo.<\/p>\n<h2>Tr\u00e1nsito<\/h2>\n<p>El Gobierno municipal licit\u00f3 la Playa de Transferencia de Cargas, una obra que realizar\u00e1 una empresa privada y que generar\u00e1 un radical cambio en materia de tr\u00e1nsito y ser\u00e1 un polo econ\u00f3mico. Tendr\u00e1 600 mil metros cuadrados y recibir\u00e1 a todos los camiones de carga pesada, de modo que no ingresar\u00e1n a la ciudad.<\/p>\n<h2>Administraci\u00f3n<\/h2>\n<p>Ya arranc\u00f3 el proceso de desburocratizaci\u00f3n a trav\u00e9s de la reducci\u00f3n de la cantidad de secretar\u00edas municipales. El intendente sostuvo que el fin es agilizar la gesti\u00f3n a partir de las modificaciones administrativas que acerquen m\u00e1s a la Municipalidad con el vecino de la ciudad. De ese modo las respuestas ser\u00e1n m\u00e1s r\u00e1pidas.<\/p>\n<h6>Fuente: El Tribuno de Salta<\/h6>\n","protected":false},"excerpt":{"rendered":"<p>El oficialismo ya no tiene mayor\u00eda y tampoco retuvo la presidencia. El PO no acudi\u00f3 ayer y adelant\u00f3 ser un obst\u00e1culo. El intendente Miguel Isa dej\u00f3 inaugurado ayer un nuevo per\u00edodo de sesiones ordinarias del Concejo Deliberante el marco de una fuerte interna que dej\u00f3 al oficialismo sin la principal silla del cuerpo deliberativo, la<\/p>\n","protected":false},"author":1,"featured_media":2789,"comment_status":"closed","ping_status":"closed","sticky":false,"template":"","format":"standard","meta":{"footnotes":""},"categories":[2],"tags":[9],"class_list":["post-2788","post","type-post","status-publish","format-standard","has-post-thumbnail","hentry","category-informe-municipal","tag-salta"],"_links":{"self":[{"href":"http:\/\/argentinamunicipal.com.ar\/argentina\/wp-json\/wp\/v2\/posts\/2788","targetHints":{"allow":["GET"]}}],"collection":[{"href":"http:\/\/argentinamunicipal.com.ar\/argentina\/wp-json\/wp\/v2\/posts"}],"about":[{"href":"http:\/\/argentinamunicipal.com.ar\/argentina\/wp-json\/wp\/v2\/types\/post"}],"author":[{"embeddable":true,"href":"http:\/\/argentinamunicipal.com.ar\/argentina\/wp-json\/wp\/v2\/users\/1"}],"replies":[{"embeddable":true,"href":"http:\/\/argentinamunicipal.com.ar\/argentina\/wp-json\/wp\/v2\/comments?post=2788"}],"version-history":[{"count":0,"href":"http:\/\/argentinamunicipal.com.ar\/argentina\/wp-json\/wp\/v2\/posts\/2788\/revisions"}],"wp:featuredmedia":[{"embeddable":true,"href":"http:\/\/argentinamunicipal.com.ar\/argentina\/wp-json\/wp\/v2\/media\/2789"}],"wp:attachment":[{"href":"http:\/\/argentinamunicipal.com.ar\/argentina\/wp-json\/wp\/v2\/media?parent=2788"}],"wp:term":[{"taxonomy":"category","embeddable":true,"href":"http:\/\/argentinamunicipal.com.ar\/argentina\/wp-json\/wp\/v2\/categories?post=2788"},{"taxonomy":"post_tag","embeddable":true,"href":"http:\/\/argentinamunicipal.com.ar\/argentina\/wp-json\/wp\/v2\/tags?post=2788"}],"curies":[{"name":"wp","href":"https:\/\/api.w.org\/{rel}","templated":true}]}}