{"id":27951,"date":"2015-04-17T09:12:55","date_gmt":"2015-04-17T12:12:55","guid":{"rendered":"http:\/\/argentinamunicipal.com.ar\/argentina\/?p=27951"},"modified":"2015-04-17T09:12:55","modified_gmt":"2015-04-17T12:12:55","slug":"mas-de-30-localidades-santafesinas-buscan-armar-el-comite-de-cuenca-del-saladillo","status":"publish","type":"post","link":"http:\/\/argentinamunicipal.com.ar\/argentina\/mas-de-30-localidades-santafesinas-buscan-armar-el-comite-de-cuenca-del-saladillo\/","title":{"rendered":"M\u00e1s de 30 localidades santafesinas buscan armar el comit\u00e9 de cuenca del Saladillo"},"content":{"rendered":"<p><a href=\"http:\/\/argentinamunicipal.com.ar\/argentina\/wp-content\/uploads\/2015\/04\/04-17-arroyosaladillo.jpg_88717827.jpg\"><img loading=\"lazy\" decoding=\"async\" class=\"aligncenter size-full wp-image-27952\" src=\"http:\/\/argentinamunicipal.com.ar\/argentina\/wp-content\/uploads\/2015\/04\/04-17-arroyosaladillo.jpg_88717827.jpg\" alt=\"04-17-arroyosaladillo.jpg_88717827\" width=\"621\" height=\"465\" srcset=\"http:\/\/argentinamunicipal.com.ar\/argentina\/wp-content\/uploads\/2015\/04\/04-17-arroyosaladillo.jpg_88717827.jpg 621w, http:\/\/argentinamunicipal.com.ar\/argentina\/wp-content\/uploads\/2015\/04\/04-17-arroyosaladillo.jpg_88717827-300x225.jpg 300w\" sizes=\"auto, (max-width: 621px) 100vw, 621px\" \/><\/a><br \/>\nQuieren prevenir los problemas que sufrieron en marzo, y que \u00abpodr\u00edan haberse minimizado\u00bb, tras las fuertes precipitaciones<\/p>\n<p>Con la vista puesta en prevenir desbordes e inundaciones que afecten \u00e1reas urbanas y rurales se avanza en la conformaci\u00f3n del comit\u00e9 de cuenca del arroyo Saladillo, que involucra a m\u00e1s de una treintena de localidades del sur santafesino.<\/p>\n<p>La iniciativa comenz\u00f3 a tomar cuerpo al desarrollarse en la sede comunal de Chab\u00e1s la primera reuni\u00f3n informativa sobre el tema y de la que tambi\u00e9n participaron representantes de los gobiernos locales de Arequito, Sanford y Los Molinos, adem\u00e1s de funcionarios del Departamento de Hidr\u00e1ulica de Santa Fe y t\u00e9cnicos.<\/p>\n<p>Durante la actividad, surgida tras un encuentro previo entre productores agropecuarios y autoridades locales y provinciales, del cual dio cuenta oportunamente La Capital, \u00abse abord\u00f3 la importancia de definir pol\u00edticas conjuntas para evitar inundaciones y desbordes del arroyo y los canales que atraviesan a los distintos distritos implicados\u00bb, explic\u00f3 el jefe comunal de Chab\u00e1s, Osvaldo Salom\u00f3n.<\/p>\n<p>El mandatario chabasense se convirti\u00f3 en uno de los principales promotores de esta suerte de movida para prevenir problemas h\u00eddricos como los que sufri\u00f3 su poblaci\u00f3n a principios de marzo pasado a causa de las fuertes precipitaciones que derivaron en importantes da\u00f1os tanto en la zona de campo como en el casco urbano, aunque las consecuencias \u00abpodr\u00edan haberse minimizado si se hubiese realizado una limpieza conjunta de los ca\u00f1ales y controlado las canalizaciones clandestinas\u00bb en zonas rurales, advirti\u00f3 Salom\u00f3n.<\/p>\n<p>La cuenca. La cuenca del arroyo Saladillo, que es un afluente del r\u00edo Paran\u00e1, incluye 32 localidades teniendo origen en los distritos de G\u00f6deken, La Chispa y Los Quirquinchos con desembocadura entre Rosario y Villa Gobernador G\u00e1lvez. Comprende 317.500 hect\u00e1reas que en su mayor parte corresponden a las jurisdicciones de Arequito, Los Molinos, Sanford y Chab\u00e1s, lo que explica la raz\u00f3n por las que son las primeras poblaciones interesadas en el asundo.<\/p>\n<p>No obstante, para el 28 de mayo est\u00e1 prevista una nueva convocatoria en Chab\u00e1s con el objetivo de sumar a todas las localidades involucradas en la referida cuenca. \u00abSer\u00e1 una reuni\u00f3n informativa ampliada y luego las localidades deber\u00e1n nombrar cuatro delegados titulares y la misma cantidad de suplentes \u2014productores y funcionarios municipales y comunales\u2014 para conformar el comit\u00e9\u00bb, explic\u00f3 la comuna chabasense a instancias de un comunicado.<\/p>\n<p>Asimismo puntualiz\u00f3 que \u00abuna vez conformado (el mencionado espacio) se definir\u00e1 sus autoridades para constituirse como un ente con personer\u00eda jur\u00eddica que bajo la supervisi\u00f3n del Ministerio de Aguas y Drenajes plantear\u00e1 las pol\u00edticas a desarrollar para resolver los conflictos a partir de propuestas que surjan de los plenarios, priorizando la defensa de los radios urbanos y los distintos problemas que se pueden generar entre vecinos o con los municipios y comunas\u00bb.<\/p>\n<p>El objetivo. La creaci\u00f3n de estosorganismos est\u00e1 orientada a la ejecuci\u00f3n de trabajos de mantenimiento y obras hidr\u00e1ulicas cuyos estudios, proyectos y direcci\u00f3n t\u00e9cnica dependen de la provincia.<\/p>\n<p>En Santa Fe funcionan 35 comit\u00e9s de cuenca regulados por laley 9.830 donde se prev\u00e9 que sean conducidos por asamblea plenaria y comit\u00e9 ejecutivo, al tiempo que dispone la conformaci\u00f3n de recursos a trav\u00e9s de la contribuci\u00f3n de los beneficiarios mientras que el gobierno provincial debe aportar equipos excavadores y personal para la realizaci\u00f3n de las obras.<\/p>\n<p>De la reuni\u00f3n realizada en Chab\u00e1s adem\u00e1s de autoridades locales participaron los jefes comunales de Sanford y Los Molinos, Juli\u00e1n Gironelli y Mart\u00edn Cacciarelli, respectivamente, en tanto que en representaci\u00f3n del gobierno de Arequito estuvieron, Jorge Lombi y Pedro Scaglione, y por el \u00e1rea de Hidr\u00e1ulica de Santa Fe, Mar\u00eda Mercedes Maciel y Ver\u00f3nica Bertone, adem\u00e1s del arquitecto Fernando Arrascaeta y peritos topocart\u00f3grafos.<\/p>\n<p><strong>Chovet arranca con el primer tramo de su programa de pavimento<\/strong><\/p>\n<p>Las autoridades de la comuna de Chovet anunciaron la aprobaci\u00f3n del primer tramo del programa de repavimentaci\u00f3n que, en esta primera etapa, abarcar\u00e1n cinco mil metros cuadrados.<\/p>\n<p>Para los trabajos se destinar\u00e1n los fondos correspondientes para los a\u00f1os 2014 y 2015 de fondo de Obras Menores. El asfalto alcanzar\u00e1 para la cobertura de tres cuadras, que ser\u00e1n la avenida Argentina y la calle Uruguay. La inversi\u00f3n suma 1.020.841 pesos y los fondos provienen de un resguardo econ\u00f3mico acumulado en los a\u00f1os 2014 y 2015.<\/p>\n<p>Adem\u00e1s, se est\u00e1n gestionando 3 millones de pesos en el Ministerio de Planificaci\u00f3n Federal de la Naci\u00f3n para continuar con el programa de pavimentaci\u00f3n. En total se terminar\u00edan alrededor de veinte cuadras\u00bb, asegur\u00f3 a La Capital el presidente comunal, Esteban Bogdanich.<\/p>\n<p>\u00abEstamos muy contentos y estamos trabajando con estas obras que van a ayudar mucho para la proyecci\u00f3n del pueblo y para seguir avanzando en lo que hace falta\u00bb, agreg\u00f3 el mandatario local.<\/p>\n<p>La concreci\u00f3n de los proyectos vinculados a la pavimentaci\u00f3n se suman a otras obras que tienden a la puesta a punto de la infraestructura del pueblo, como por ejemplo la terminaci\u00f3n del edificio comunal.<\/p>\n<p>Bogdanich coment\u00f3 que \u00abhemos comprado, tambi\u00e9n, todos los muebles y \u00fatiles, cinco computadoras, impresoras, con un gasto de 80 mil pesos para el arreglo edificio comunal y as\u00ed estar en condiciones de inaugurarlo. Esto se hizo con dinero del Ministerio del Interior de la Naci\u00f3n\u00bb.<\/p>\n<h6>Fuente: La Capital, Rosario<\/h6>\n","protected":false},"excerpt":{"rendered":"<p>Quieren prevenir los problemas que sufrieron en marzo, y que \u00abpodr\u00edan haberse minimizado\u00bb, tras las fuertes precipitaciones Con la vista puesta en prevenir desbordes e inundaciones que afecten \u00e1reas urbanas y rurales se avanza en la conformaci\u00f3n del comit\u00e9 de cuenca del arroyo Saladillo, que involucra a m\u00e1s de una treintena de localidades del sur<\/p>\n","protected":false},"author":2,"featured_media":27952,"comment_status":"closed","ping_status":"closed","sticky":false,"template":"","format":"standard","meta":{"footnotes":""},"categories":[2],"tags":[10],"class_list":["post-27951","post","type-post","status-publish","format-standard","has-post-thumbnail","hentry","category-informe-municipal","tag-santa-fe"],"_links":{"self":[{"href":"http:\/\/argentinamunicipal.com.ar\/argentina\/wp-json\/wp\/v2\/posts\/27951","targetHints":{"allow":["GET"]}}],"collection":[{"href":"http:\/\/argentinamunicipal.com.ar\/argentina\/wp-json\/wp\/v2\/posts"}],"about":[{"href":"http:\/\/argentinamunicipal.com.ar\/argentina\/wp-json\/wp\/v2\/types\/post"}],"author":[{"embeddable":true,"href":"http:\/\/argentinamunicipal.com.ar\/argentina\/wp-json\/wp\/v2\/users\/2"}],"replies":[{"embeddable":true,"href":"http:\/\/argentinamunicipal.com.ar\/argentina\/wp-json\/wp\/v2\/comments?post=27951"}],"version-history":[{"count":0,"href":"http:\/\/argentinamunicipal.com.ar\/argentina\/wp-json\/wp\/v2\/posts\/27951\/revisions"}],"wp:featuredmedia":[{"embeddable":true,"href":"http:\/\/argentinamunicipal.com.ar\/argentina\/wp-json\/wp\/v2\/media\/27952"}],"wp:attachment":[{"href":"http:\/\/argentinamunicipal.com.ar\/argentina\/wp-json\/wp\/v2\/media?parent=27951"}],"wp:term":[{"taxonomy":"category","embeddable":true,"href":"http:\/\/argentinamunicipal.com.ar\/argentina\/wp-json\/wp\/v2\/categories?post=27951"},{"taxonomy":"post_tag","embeddable":true,"href":"http:\/\/argentinamunicipal.com.ar\/argentina\/wp-json\/wp\/v2\/tags?post=27951"}],"curies":[{"name":"wp","href":"https:\/\/api.w.org\/{rel}","templated":true}]}}