{"id":2796,"date":"2014-03-03T08:00:28","date_gmt":"2014-03-03T11:00:28","guid":{"rendered":"http:\/\/argentinamunicipal.com.ar\/argentina\/?p=2796"},"modified":"2014-03-03T14:27:41","modified_gmt":"2014-03-03T17:27:41","slug":"retoman-la-discusion-salarial-en-san-martin-de-los-andes","status":"publish","type":"post","link":"http:\/\/argentinamunicipal.com.ar\/argentina\/retoman-la-discusion-salarial-en-san-martin-de-los-andes\/","title":{"rendered":"Retoman la discusi\u00f3n salarial en San Mart\u00edn de los Andes"},"content":{"rendered":"<p><a href=\"http:\/\/argentinamunicipal.com.ar\/argentina\/wp-content\/uploads\/2014\/03\/municipalidad-smandes2.jpg\"><img loading=\"lazy\" decoding=\"async\" class=\"alignright  wp-image-2802\" alt=\"municipalidad-smandes2\" src=\"http:\/\/argentinamunicipal.com.ar\/argentina\/wp-content\/uploads\/2014\/03\/municipalidad-smandes2.jpg\" width=\"281\" height=\"185\" srcset=\"http:\/\/argentinamunicipal.com.ar\/argentina\/wp-content\/uploads\/2014\/03\/municipalidad-smandes2.jpg 586w, http:\/\/argentinamunicipal.com.ar\/argentina\/wp-content\/uploads\/2014\/03\/municipalidad-smandes2-300x197.jpg 300w\" sizes=\"auto, (max-width: 281px) 100vw, 281px\" \/><\/a>Los empleados municipales y el Ejecutivo local se volver\u00e1n a reunir este mi\u00e9rcoles para analizar la propuesta salarial realizada oficialmente y el pedido gremial. El Gobierno ofreci\u00f3 el pago\u00a0 por \u00fanica vez de una suma fija, mientras que el gremio pretende que este monto se pague todos los meses hasta mitad de a\u00f1o para luego retomar la discusi\u00f3n. El secretario de Gobierno de la comuna dijo que \u201chubo una propuesta de una suma fija por \u00fanica vez no bonificable que fue rechazada por ATE, ahora vamos a tomarnos una semana para seguir analizando el tema en v\u00edas de llegar a un acuerdo posible\u201d. A esto se debe sumar otro reclamo sindical que tiene que ver con la carrera municipal, cosa que en principio quedar\u00eda para tratar a futuro. ATE reclama un 35 por ciento de aumento y el Gobierno ofreci\u00f3 adelantar el 4 por ciento pactado para julio de este a\u00f1o y una suma de $640 a los trabajadores con hijos en edad escolar. Ambos ofrecimientos fueron rechazados.<\/p>\n<h6>Fuente: La Ma\u00f1ana Neuquen<\/h6>\n","protected":false},"excerpt":{"rendered":"<p>Los empleados municipales y el Ejecutivo local se volver\u00e1n a reunir este mi\u00e9rcoles para analizar la propuesta salarial realizada oficialmente y el pedido gremial. El Gobierno ofreci\u00f3 el pago\u00a0 por \u00fanica vez de una suma fija, mientras que el gremio pretende que este monto se pague todos los meses hasta mitad de a\u00f1o para luego<\/p>\n","protected":false},"author":3,"featured_media":2802,"comment_status":"closed","ping_status":"closed","sticky":false,"template":"","format":"standard","meta":{"footnotes":""},"categories":[7],"tags":[23],"class_list":["post-2796","post","type-post","status-publish","format-standard","has-post-thumbnail","hentry","category-informe-sindical","tag-neuquen"],"_links":{"self":[{"href":"http:\/\/argentinamunicipal.com.ar\/argentina\/wp-json\/wp\/v2\/posts\/2796","targetHints":{"allow":["GET"]}}],"collection":[{"href":"http:\/\/argentinamunicipal.com.ar\/argentina\/wp-json\/wp\/v2\/posts"}],"about":[{"href":"http:\/\/argentinamunicipal.com.ar\/argentina\/wp-json\/wp\/v2\/types\/post"}],"author":[{"embeddable":true,"href":"http:\/\/argentinamunicipal.com.ar\/argentina\/wp-json\/wp\/v2\/users\/3"}],"replies":[{"embeddable":true,"href":"http:\/\/argentinamunicipal.com.ar\/argentina\/wp-json\/wp\/v2\/comments?post=2796"}],"version-history":[{"count":0,"href":"http:\/\/argentinamunicipal.com.ar\/argentina\/wp-json\/wp\/v2\/posts\/2796\/revisions"}],"wp:featuredmedia":[{"embeddable":true,"href":"http:\/\/argentinamunicipal.com.ar\/argentina\/wp-json\/wp\/v2\/media\/2802"}],"wp:attachment":[{"href":"http:\/\/argentinamunicipal.com.ar\/argentina\/wp-json\/wp\/v2\/media?parent=2796"}],"wp:term":[{"taxonomy":"category","embeddable":true,"href":"http:\/\/argentinamunicipal.com.ar\/argentina\/wp-json\/wp\/v2\/categories?post=2796"},{"taxonomy":"post_tag","embeddable":true,"href":"http:\/\/argentinamunicipal.com.ar\/argentina\/wp-json\/wp\/v2\/tags?post=2796"}],"curies":[{"name":"wp","href":"https:\/\/api.w.org\/{rel}","templated":true}]}}