{"id":28092,"date":"2015-04-21T08:00:11","date_gmt":"2015-04-21T11:00:11","guid":{"rendered":"http:\/\/argentinamunicipal.com.ar\/argentina\/?p=28092"},"modified":"2015-04-21T10:22:37","modified_gmt":"2015-04-21T13:22:37","slug":"ushuaia-participo-en-el-iv-encuentro-de-la-red-mundial-de-ciudades-magallanicas","status":"publish","type":"post","link":"http:\/\/argentinamunicipal.com.ar\/argentina\/ushuaia-participo-en-el-iv-encuentro-de-la-red-mundial-de-ciudades-magallanicas\/","title":{"rendered":"Ushuaia particip\u00f3 en el IV Encuentro de la Red Mundial de Ciudades Magall\u00e1nicas"},"content":{"rendered":"<p><a href=\"http:\/\/argentinamunicipal.com.ar\/argentina\/wp-content\/uploads\/2015\/04\/ciuadesmagallanicas3.jpg\"><img loading=\"lazy\" decoding=\"async\" class=\"aligncenter  wp-image-28093\" src=\"http:\/\/argentinamunicipal.com.ar\/argentina\/wp-content\/uploads\/2015\/04\/ciuadesmagallanicas3.jpg\" alt=\"ciuadesmagallanicas3\" width=\"608\" height=\"405\" srcset=\"http:\/\/argentinamunicipal.com.ar\/argentina\/wp-content\/uploads\/2015\/04\/ciuadesmagallanicas3.jpg 1600w, http:\/\/argentinamunicipal.com.ar\/argentina\/wp-content\/uploads\/2015\/04\/ciuadesmagallanicas3-300x200.jpg 300w, http:\/\/argentinamunicipal.com.ar\/argentina\/wp-content\/uploads\/2015\/04\/ciuadesmagallanicas3-1024x683.jpg 1024w\" sizes=\"auto, (max-width: 608px) 100vw, 608px\" \/><\/a><br \/>\nLas jornadas se desarrollaron en el pa\u00eds vecino del 10 al 13 de abril. Durante el encuentro, se aprob\u00f3 la incorporaci\u00f3n a la Red de la Comuna de San Gregorio, Chile. Nuestra ciudad participa como integrante de la Red desde su fundaci\u00f3n.<\/p>\n<p>La Red Mundial de Ciudades Magall\u00e1nicas llev\u00f3 adelante su IV Encuentro, del 10 al 13 de abril en Punta Arenas, Chile, a partir del cual se sum\u00f3 la comuna de San Gregorio, de ese pa\u00eds. La Municipalidad de Ushuaia estuvo presente, representada por Guillermo Llorente.<\/p>\n<p>Cabe recordar que en febrero de 2013 se llev\u00f3 a cabo el I Encuentro en Sevilla, y en octubre de ese a\u00f1o se desarroll\u00f3 el II en nuestra ciudad; mientras que III encuentro tuvo lugar en octubre de 2014, en Sabrosa, Portugal.<\/p>\n<p>La creaci\u00f3n de la Red Mundial de Ciudades Magall\u00e1nicas refuerza la visi\u00f3n simb\u00f3lica y estrat\u00e9gica de dicho acontecimiento hist\u00f3rico, y permitir\u00e1 potenciar el 500 aniversario de la primera vuelta al mundo n\u00e1utica iniciada por Fernando de Magallanes \u2013en el a\u00f1o 1519\u2013 que se conmemorar\u00e1 en el a\u00f1o 2019.<\/p>\n<p>Sobre la iniciativa, Llorente explic\u00f3 que \u201ctodas las ciudades que forman parte de este proyecto de cooperaci\u00f3n global quieren iniciar un trabajo com\u00fan y responsable para optimizar la conmemoraci\u00f3n del Quinto Centenario de la Primera Vuelta al Mundo entre 2019 y 2022, permitiendo a su vez el intercambio de informaci\u00f3n mediante alianzas estrat\u00e9gicas, as\u00ed como la obtenci\u00f3n de apoyos institucionales y fondos econ\u00f3micos de organismos internacionales\u201d.<\/p>\n<p>\u201cEl evento en Punta Arenas tuvo una gran repercusi\u00f3n local y los medios de comunicaci\u00f3n no perdieron la oportunidad para se\u00f1alar la importancia la Red Mundial de Ciudades Magall\u00e1nicas y su accionar\u201d finaliz\u00f3.<\/p>\n<p>Ushuaia como representante de Tierra del Fuego, ha sido parte de la Red desde su fundaci\u00f3n y lo seguir\u00e1 siendo dada la importancia que la misma tiene en el aspecto cultural, hist\u00f3rico y tur\u00edstico. Son miembros actuales Sevilla; Sabrosa; Ushuaia; Lisboa; Puerto San Juli\u00e1n; Punta Arenas; Tenerife; Porvenir; Puerto Santa Cruz; Ceb\u00fa; Granadilla de Abona y San Gregorio.<\/p>\n<h6>Fuente: El Diario del Fin del Mundo<\/h6>\n","protected":false},"excerpt":{"rendered":"<p>Las jornadas se desarrollaron en el pa\u00eds vecino del 10 al 13 de abril. Durante el encuentro, se aprob\u00f3 la incorporaci\u00f3n a la Red de la Comuna de San Gregorio, Chile. Nuestra ciudad participa como integrante de la Red desde su fundaci\u00f3n. La Red Mundial de Ciudades Magall\u00e1nicas llev\u00f3 adelante su IV Encuentro, del 10<\/p>\n","protected":false},"author":2,"featured_media":28093,"comment_status":"closed","ping_status":"closed","sticky":false,"template":"","format":"standard","meta":{"footnotes":""},"categories":[2],"tags":[34],"class_list":["post-28092","post","type-post","status-publish","format-standard","has-post-thumbnail","hentry","category-informe-municipal","tag-tierra-del-fuego"],"_links":{"self":[{"href":"http:\/\/argentinamunicipal.com.ar\/argentina\/wp-json\/wp\/v2\/posts\/28092","targetHints":{"allow":["GET"]}}],"collection":[{"href":"http:\/\/argentinamunicipal.com.ar\/argentina\/wp-json\/wp\/v2\/posts"}],"about":[{"href":"http:\/\/argentinamunicipal.com.ar\/argentina\/wp-json\/wp\/v2\/types\/post"}],"author":[{"embeddable":true,"href":"http:\/\/argentinamunicipal.com.ar\/argentina\/wp-json\/wp\/v2\/users\/2"}],"replies":[{"embeddable":true,"href":"http:\/\/argentinamunicipal.com.ar\/argentina\/wp-json\/wp\/v2\/comments?post=28092"}],"version-history":[{"count":0,"href":"http:\/\/argentinamunicipal.com.ar\/argentina\/wp-json\/wp\/v2\/posts\/28092\/revisions"}],"wp:featuredmedia":[{"embeddable":true,"href":"http:\/\/argentinamunicipal.com.ar\/argentina\/wp-json\/wp\/v2\/media\/28093"}],"wp:attachment":[{"href":"http:\/\/argentinamunicipal.com.ar\/argentina\/wp-json\/wp\/v2\/media?parent=28092"}],"wp:term":[{"taxonomy":"category","embeddable":true,"href":"http:\/\/argentinamunicipal.com.ar\/argentina\/wp-json\/wp\/v2\/categories?post=28092"},{"taxonomy":"post_tag","embeddable":true,"href":"http:\/\/argentinamunicipal.com.ar\/argentina\/wp-json\/wp\/v2\/tags?post=28092"}],"curies":[{"name":"wp","href":"https:\/\/api.w.org\/{rel}","templated":true}]}}