{"id":28530,"date":"2015-04-28T08:43:50","date_gmt":"2015-04-28T11:43:50","guid":{"rendered":"http:\/\/argentinamunicipal.com.ar\/argentina\/?p=28530"},"modified":"2015-04-28T08:43:50","modified_gmt":"2015-04-28T11:43:50","slug":"2-de-mayo-dia-de-la-constitucion-nacional-ciudad-de-santa-fe","status":"publish","type":"post","link":"http:\/\/argentinamunicipal.com.ar\/argentina\/2-de-mayo-dia-de-la-constitucion-nacional-ciudad-de-santa-fe\/","title":{"rendered":"2 de Mayo &#8211; D\u00eda de la Constituci\u00f3n Nacional &#8211; Ciudad de Santa Fe"},"content":{"rendered":"<p><a href=\"http:\/\/argentinamunicipal.com.ar\/argentina\/wp-content\/uploads\/2015\/04\/facebook_CONSTITUCION_portada20151.jpg\"><img loading=\"lazy\" decoding=\"async\" class=\"aligncenter size-full wp-image-28531\" src=\"http:\/\/argentinamunicipal.com.ar\/argentina\/wp-content\/uploads\/2015\/04\/facebook_CONSTITUCION_portada20151.jpg\" alt=\"facebook_CONSTITUCION_portada20151\" width=\"960\" height=\"370\" srcset=\"http:\/\/argentinamunicipal.com.ar\/argentina\/wp-content\/uploads\/2015\/04\/facebook_CONSTITUCION_portada20151.jpg 960w, http:\/\/argentinamunicipal.com.ar\/argentina\/wp-content\/uploads\/2015\/04\/facebook_CONSTITUCION_portada20151-300x116.jpg 300w\" sizes=\"auto, (max-width: 960px) 100vw, 960px\" \/><\/a><\/p>\n<p>El intendente Jos\u00e9 Corral visit\u00f3 la Escuela Domingo Silva (Regimiento 12 de Infanter\u00eda 2049), instituci\u00f3n que participa del taller \u201cSanta Fe: Cuna de la Constituci\u00f3n Nacional\u201d, organizado por el gobierno local.<\/p>\n<p>Un centenar de alumnos de ese establecimiento educativo, que asisten a 6\u00ba y 7\u00ba grado, est\u00e1 trabajando sobre el Pre\u00e1mbulo de la Constituci\u00f3n Nacional y su filosof\u00eda, relacionando temas de la actualidad al texto de la Carta Magna. Vale mencionar que se trata de un trabajo articulado desde las dependencias de Educaci\u00f3n y de Cultura del Gobierno de la Ciudad que se realiza en otra decena de escuelas de la capital provincial.<\/p>\n<p>Los chicos que participan del taller en las diferentes escuelas realizar\u00e1n el s\u00e1bado pr\u00f3ximo la Jura de la Constituci\u00f3n, en el Parque Biblioteca que en honor a la Carta Magna se cre\u00f3 en la zona conocida como Caleta Sur.<\/p>\n<h4>Los Nocheros y m\u00e1s<\/h4>\n<p>Durante la visita a la Escuela Domingo Silva, las autoridades locales anunciar\u00e1n tambi\u00e9n las actividades programadas para el pr\u00f3ximo 2 de mayo, oportunidad en que se celebrar\u00e1 el D\u00eda de la Constituci\u00f3n Nacional. Los festejos concluir\u00e1n con la presentaci\u00f3n de Los Nocheros como corolario de una propuesta art\u00edstica integral.<\/p>\n<p>El grupo salte\u00f1o arribar\u00e1 a la ciudad para hacer un repaso por los temas cl\u00e1sicos de su carrera y cantarle a la Constituci\u00f3n, junto a los santafesinos y el p\u00fablico de la regi\u00f3n que se acercar\u00e1 al predio de Caleta Sur. La jornada, que adem\u00e1s contar\u00e1 con la actuaci\u00f3n del cantautor santafesino Efra\u00edn Colombo, ser\u00e1 con entrada libre y gratuita y est\u00e1 orientada para disfrutar en familia con espect\u00e1culos de circo, danza y m\u00fasica.<\/p>\n<pre>Fuente: LT10<\/pre>\n","protected":false},"excerpt":{"rendered":"<p>El intendente Jos\u00e9 Corral particip\u00f3 del taller \u201cSanta Fe: Cuna de la Constituci\u00f3n Nacional\u201d, en la escuela Domingo Silva. El s\u00e1bado 2 mayo, en los festejos, actuar\u00e1n Los Nocheros y Efra\u00edn Colombo.<\/p>\n","protected":false},"author":1,"featured_media":28531,"comment_status":"closed","ping_status":"closed","sticky":false,"template":"","format":"standard","meta":{"footnotes":""},"categories":[47],"tags":[10],"class_list":["post-28530","post","type-post","status-publish","format-standard","has-post-thumbnail","hentry","category-fiestas","tag-santa-fe"],"_links":{"self":[{"href":"http:\/\/argentinamunicipal.com.ar\/argentina\/wp-json\/wp\/v2\/posts\/28530","targetHints":{"allow":["GET"]}}],"collection":[{"href":"http:\/\/argentinamunicipal.com.ar\/argentina\/wp-json\/wp\/v2\/posts"}],"about":[{"href":"http:\/\/argentinamunicipal.com.ar\/argentina\/wp-json\/wp\/v2\/types\/post"}],"author":[{"embeddable":true,"href":"http:\/\/argentinamunicipal.com.ar\/argentina\/wp-json\/wp\/v2\/users\/1"}],"replies":[{"embeddable":true,"href":"http:\/\/argentinamunicipal.com.ar\/argentina\/wp-json\/wp\/v2\/comments?post=28530"}],"version-history":[{"count":0,"href":"http:\/\/argentinamunicipal.com.ar\/argentina\/wp-json\/wp\/v2\/posts\/28530\/revisions"}],"wp:featuredmedia":[{"embeddable":true,"href":"http:\/\/argentinamunicipal.com.ar\/argentina\/wp-json\/wp\/v2\/media\/28531"}],"wp:attachment":[{"href":"http:\/\/argentinamunicipal.com.ar\/argentina\/wp-json\/wp\/v2\/media?parent=28530"}],"wp:term":[{"taxonomy":"category","embeddable":true,"href":"http:\/\/argentinamunicipal.com.ar\/argentina\/wp-json\/wp\/v2\/categories?post=28530"},{"taxonomy":"post_tag","embeddable":true,"href":"http:\/\/argentinamunicipal.com.ar\/argentina\/wp-json\/wp\/v2\/tags?post=28530"}],"curies":[{"name":"wp","href":"https:\/\/api.w.org\/{rel}","templated":true}]}}