{"id":28793,"date":"2015-05-02T09:14:46","date_gmt":"2015-05-02T12:14:46","guid":{"rendered":"http:\/\/argentinamunicipal.com.ar\/argentina\/?p=28793"},"modified":"2015-05-02T09:14:46","modified_gmt":"2015-05-02T12:14:46","slug":"san-javier-tendra-su-reserva-ecologica-municipal","status":"publish","type":"post","link":"http:\/\/argentinamunicipal.com.ar\/argentina\/san-javier-tendra-su-reserva-ecologica-municipal\/","title":{"rendered":"San Javier tendr\u00e1 su reserva ecol\u00f3gica municipal"},"content":{"rendered":"<div id=\"attachment_28794\" style=\"width: 434px\" class=\"wp-caption alignleft\"><a href=\"http:\/\/argentinamunicipal.com.ar\/argentina\/wp-content\/uploads\/2015\/05\/19-A-MAPA-GENERAL-ISLA_fmt.jpeg\"><img loading=\"lazy\" decoding=\"async\" aria-describedby=\"caption-attachment-28794\" class=\"size-full wp-image-28794\" src=\"http:\/\/argentinamunicipal.com.ar\/argentina\/wp-content\/uploads\/2015\/05\/19-A-MAPA-GENERAL-ISLA_fmt.jpeg\" alt=\"El proyecto incluye a los pobladores isle\u00f1os mejorando las actividades productivas que \u00e9stos desarrollan (cr\u00eda de ganado mayor y menor, aves, elaboraci\u00f3n de techitos de paja, apicultura), sumando nuevas propuestas. \" width=\"424\" height=\"331\" srcset=\"http:\/\/argentinamunicipal.com.ar\/argentina\/wp-content\/uploads\/2015\/05\/19-A-MAPA-GENERAL-ISLA_fmt.jpeg 424w, http:\/\/argentinamunicipal.com.ar\/argentina\/wp-content\/uploads\/2015\/05\/19-A-MAPA-GENERAL-ISLA_fmt-300x234.jpeg 300w\" sizes=\"auto, (max-width: 424px) 100vw, 424px\" \/><\/a><p id=\"caption-attachment-28794\" class=\"wp-caption-text\">El proyecto incluye a los pobladores isle\u00f1os mejorando las actividades productivas que \u00e9stos desarrollan (cr\u00eda de ganado mayor y menor, aves, elaboraci\u00f3n de techitos de paja, apicultura), sumando nuevas propuestas.<\/p><\/div>\n<p>La Municipalidad de San Javier lleva adelante el proyecto de reserva ecol\u00f3gica en una isla municipal situada frente a la ciudad, la cual cuenta con 685 hect\u00e1reas de paisajes t\u00edpicos de las islas del Paran\u00e1 Medio.<\/p>\n<p>La iniciativa es acompa\u00f1ada por la sociedad local, a trav\u00e9s de la participaci\u00f3n de instituciones p\u00fablicas, privadas y de la sociedad civil, Mario Migno, intendente de la ciudad de San Javier afirm\u00f3 en la presentaci\u00f3n del proyecto que \u201cse trata de poner en valor un espacio p\u00fablico, de todos los sanjavierinos, con una fuerte mirada en lo ambiental, que integra tambi\u00e9n los aspectos sociocultural, educativo y productivo de nuestra comunidad\u201d.<\/p>\n<p>El proyecto incluye a los pobladores isle\u00f1os mejorando las actividades productivas que \u00e9stos desarrollan (cr\u00eda de ganado mayor y menor, aves, elaboraci\u00f3n de techitos de paja, apicultura), sumando nuevas propuestas.<\/p>\n<p>Marcial Bugnon, secretario de la producci\u00f3n del municipio, explic\u00f3 que se ha realizado un relevamiento de la situaci\u00f3n de los pobladores, \u201cquienes tienen inter\u00e9s de integrarse al proyecto, para lo cual estamos proponiendo mejorar la situaci\u00f3n productiva actual y complementar con otras alternativas, como por ejemplo la forestaci\u00f3n con especies nativas, la certificaci\u00f3n de miel org\u00e1nica, senderos para el desarrollo del turismo y sitios para la observaci\u00f3n de aves, adem\u00e1s de sectorizar un sitio para el desarrollo de la cr\u00eda de peces en jaulas flotantes, ya que hemos relevados sitios que re\u00fanen condiciones ambientales propicias\u201d.<\/p>\n<p><strong>Relevamiento<\/strong><\/p>\n<p>Los recursos naturales de la isla han sido relevados por el Equipo de Extensi\u00f3n del Museo Provincial de Ciencias Naturales Florentino Ameghino y Aves Argentinas, a partir de un trabajo de terreno interdisciplinario, generando informaci\u00f3n necesaria para la toma de decisiones. Este trabajo se ha desarrollado en el marco del proyecto La Biodiversidad del Pastizal como Eje de Desarrollo del Turismo Sustentable, ejecutado por Aves Argentinas Alianza del Pastizal. M\u00e1ximo Marani, coordinador de este proyecto, se\u00f1ala como objetivo central \u201crecuperar la naturaleza original de la isla y hacerla accesible a la comunidad\u201d.<\/p>\n<p><strong>Antecedentes<\/strong><\/p>\n<p>En torno a este proyecto de reserva ecol\u00f3gica municipal, se vienen ejecutando acciones que fortalecen la propuesta. Marcial Bugnon agrega \u201cestamos trabajando en el proyecto desde hace un tiempo, involucrando a la comunidad, a trav\u00e9s de cursos de capacitaci\u00f3n, talleres de diagn\u00f3stico y planificaci\u00f3n, relevamientos participativos, ejecuci\u00f3n de proyectos en el sitio en cuesti\u00f3n\u201d. Como resultado de este proceso se ejecuta el proyecto \u201cOrdenamiento de una reserva natural\u201d a cargo de la Facultad de Ingenier\u00eda y Ciencias H\u00eddricas de la UNL, se ha conformado el primer Club de Observadores de Aves en San Javier (COA Tilal\u00e1) y un grupo de instituciones y personas participan activamente del proyecto.<\/p>\n<p><strong>Ambiente<\/strong><\/p>\n<p>Un aspecto a destacar es la participaci\u00f3n de docentes de las escuelas de San Javier en el curso para Gu\u00edas int\u00e9rpretes de Naturaleza, entre las actividades que se van desarrollando. El municipio a trav\u00e9s del Programa Turista en mi Ciudad pretende sumar actividades educativas en la isla, con el objetivo de vincular el patrimonio local con el sistema educativo. Este programa se implementa por tercer a\u00f1o consecutivo en la ciudad de San Javier, coordinado por el municipio y con la participaci\u00f3n de instituciones locales.<\/p>\n<p><strong>El dato,\u00a0Actores involucrados<\/strong><\/p>\n<p>Participan del proyecto, la Secretar\u00eda de Turismo de la provincia, C\u00e1mara de turismo de San Javier, Asociaci\u00f3n de Gu\u00edas de Pesca, Universidad Nacional del Litoral, Aves Argentinas, Alianza del Pastizal, COA Tilal\u00e1. Actualmente, se trabaja en la creaci\u00f3n de un comit\u00e9 intersectorial de manejo integrado por estas organizaciones.<br \/>\nTurismo sustentable<\/p>\n<p>El turismo sustentable es un eje vertebrador para integrar los objetivos del proyecto, tales como recuperar la isla para lugar de recreaci\u00f3n, la educaci\u00f3n ambiental y el turismo; conservar un paisaje originario, su flora y fauna nativa manteniendo los procesos naturales de la regi\u00f3n; incentivar la participaci\u00f3n ciudadana en la gesti\u00f3n de los recursos naturales y facilitar la investigaci\u00f3n.<\/p>\n<p>Para Marcial Bugnon, la iniciativa \u201ccomplementa la oferta tur\u00edstica de San Javier, de turismo de naturaleza\u201d e involucra a los actores relacionados: \u201cProponemos una gesti\u00f3n asociada de la reserva, con las instituciones que estamos trabajando en el proyecto\u201d.<\/p>\n<p>En cuanto a las inversiones a realizar, Migno destac\u00f3 que \u201cestamos gestionando recursos para dotar a la isla de la infraestructura necesaria, como un centro de interpretaci\u00f3n para visitantes, carteler\u00eda informativa, mejoramiento de puestos de pobladores, mangrullos para observaci\u00f3n de aves, senderos, muelle para facilitar la accesibilidad\u201d.<\/p>\n<h6>Fuente: El Litoral, Santa Fe<\/h6>\n","protected":false},"excerpt":{"rendered":"<p>La Municipalidad de San Javier lleva adelante el proyecto de reserva ecol\u00f3gica en una isla municipal situada frente a la ciudad, la cual cuenta con 685 hect\u00e1reas de paisajes t\u00edpicos de las islas del Paran\u00e1 Medio. La iniciativa es acompa\u00f1ada por la sociedad local, a trav\u00e9s de la participaci\u00f3n de instituciones p\u00fablicas, privadas y de<\/p>\n","protected":false},"author":2,"featured_media":28794,"comment_status":"closed","ping_status":"closed","sticky":false,"template":"","format":"standard","meta":{"footnotes":""},"categories":[2],"tags":[10],"class_list":["post-28793","post","type-post","status-publish","format-standard","has-post-thumbnail","hentry","category-informe-municipal","tag-santa-fe"],"_links":{"self":[{"href":"http:\/\/argentinamunicipal.com.ar\/argentina\/wp-json\/wp\/v2\/posts\/28793","targetHints":{"allow":["GET"]}}],"collection":[{"href":"http:\/\/argentinamunicipal.com.ar\/argentina\/wp-json\/wp\/v2\/posts"}],"about":[{"href":"http:\/\/argentinamunicipal.com.ar\/argentina\/wp-json\/wp\/v2\/types\/post"}],"author":[{"embeddable":true,"href":"http:\/\/argentinamunicipal.com.ar\/argentina\/wp-json\/wp\/v2\/users\/2"}],"replies":[{"embeddable":true,"href":"http:\/\/argentinamunicipal.com.ar\/argentina\/wp-json\/wp\/v2\/comments?post=28793"}],"version-history":[{"count":0,"href":"http:\/\/argentinamunicipal.com.ar\/argentina\/wp-json\/wp\/v2\/posts\/28793\/revisions"}],"wp:featuredmedia":[{"embeddable":true,"href":"http:\/\/argentinamunicipal.com.ar\/argentina\/wp-json\/wp\/v2\/media\/28794"}],"wp:attachment":[{"href":"http:\/\/argentinamunicipal.com.ar\/argentina\/wp-json\/wp\/v2\/media?parent=28793"}],"wp:term":[{"taxonomy":"category","embeddable":true,"href":"http:\/\/argentinamunicipal.com.ar\/argentina\/wp-json\/wp\/v2\/categories?post=28793"},{"taxonomy":"post_tag","embeddable":true,"href":"http:\/\/argentinamunicipal.com.ar\/argentina\/wp-json\/wp\/v2\/tags?post=28793"}],"curies":[{"name":"wp","href":"https:\/\/api.w.org\/{rel}","templated":true}]}}