{"id":28840,"date":"2015-05-02T08:24:44","date_gmt":"2015-05-02T11:24:44","guid":{"rendered":"http:\/\/argentinamunicipal.com.ar\/argentina\/?p=28840"},"modified":"2015-05-02T10:26:48","modified_gmt":"2015-05-02T13:26:48","slug":"victoria-a-fines-de-mayo-empezara-a-funcionar-el-servicio-de-colectivos-en-manos-de-la-municipalidad","status":"publish","type":"post","link":"http:\/\/argentinamunicipal.com.ar\/argentina\/victoria-a-fines-de-mayo-empezara-a-funcionar-el-servicio-de-colectivos-en-manos-de-la-municipalidad\/","title":{"rendered":"Victoria: A fines de mayo empezar\u00e1 a funcionar el servicio de colectivos en manos de la Municipalidad"},"content":{"rendered":"<div id=\"attachment_28841\" style=\"width: 650px\" class=\"wp-caption aligncenter\"><a href=\"http:\/\/argentinamunicipal.com.ar\/argentina\/wp-content\/uploads\/2015\/05\/apfdigital_251433_tapa_3042015_14913.jpg\"><img loading=\"lazy\" decoding=\"async\" aria-describedby=\"caption-attachment-28841\" class=\"size-full wp-image-28841\" src=\"http:\/\/argentinamunicipal.com.ar\/argentina\/wp-content\/uploads\/2015\/05\/apfdigital_251433_tapa_3042015_14913.jpg\" alt=\"A fines de mayo empezar\u00edan a circular los colectivos en manos de la Municipalidad de Victoria \" width=\"640\" height=\"480\" srcset=\"http:\/\/argentinamunicipal.com.ar\/argentina\/wp-content\/uploads\/2015\/05\/apfdigital_251433_tapa_3042015_14913.jpg 640w, http:\/\/argentinamunicipal.com.ar\/argentina\/wp-content\/uploads\/2015\/05\/apfdigital_251433_tapa_3042015_14913-300x225.jpg 300w\" sizes=\"auto, (max-width: 640px) 100vw, 640px\" \/><\/a><p id=\"caption-attachment-28841\" class=\"wp-caption-text\">A fines de mayo empezar\u00edan a circular los colectivos en manos de la Municipalidad de Victoria<\/p><\/div>\n<p>A fines de mayo o principios de junio empezar\u00e1 a funcionar el servicio urbano de pasajeros en manos de la Municipalidad de Victoria, seg\u00fan adelant\u00f3 a APFDigital el intendente Rub\u00e9n Garcilazo \u2022 Se aplicar\u00e1 un boleto estudiantil gratuito y se har\u00e1 un control satelital de las cuatro unidades que se pondr\u00e1n en circulaci\u00f3n<\/p>\n<p>Garcilazo coment\u00f3 que ya se elabor\u00f3 el decreto \u201cpara la compra en forma directa\u201d de tres colectivos modelo 2006, pertenecientes a la empresa Semtur (Sociedad del Estado Municipal para el Transporte Urbano), de Rosario. Adem\u00e1s, la comuna ya cuenta con \u201cuna cuarta unidad que se encuentra en uso, modelo 2004\u201d, precis\u00f3.<\/p>\n<p>\u201cCon estas cuatro unidades estaremos brindando un servicio que hasta ahora es privado, familiar, y que brinda hace 10 a\u00f1os un residual de la empresa Mart\u00edn Fierro de Paran\u00e1\u201d, explic\u00f3 el Intendente. Remarc\u00f3 que \u201ccon el paso del tiempo\u201d esta firma \u201cno ha presentado mejoras\u201d, por tanto \u201cla calidad del servicio genera muchas controversias con los vecinos\u201d.<\/p>\n<p>\u201cComo Estado municipal nosotros somos responsables porque tenemos que garantizar el servicio p\u00fablico, y adem\u00e1s estamos dando un subsidio bastante importante a este servicio\u201d, remarc\u00f3. Al respecto detall\u00f3 que, al otorgar un subsidio a la empresa, \u201cpr\u00e1cticamente a todo el combustible que estas unidades consumen lo suministra el Municipio\u201d. Por ello es que tomar las riendas del servicio no le implicar\u00e1 mayores erogaciones. A su vez, indic\u00f3 que \u201cel colectado del pasaje se utilizar\u00e1 para el mantenimiento de las unidades y el pago a los choferes\u201d.<\/p>\n<p>Garcilazo subray\u00f3 que este servicio del Estado municipal reemplazar\u00e1 al servicio actual, que se dar\u00e1 de baja debido a su \u201cobsolescencia\u201d y por los inconvenientes con los horarios, que son discontinuos y \u201cest\u00e1n adaptados m\u00e1s al trabajo de los choferes y no a los horarios que la gente requiere\u201d. En ese orden ejemplific\u00f3: \u201cEl colectivo arranca a las 7 de la ma\u00f1ana y a las 13 hace un corte, con lo cual los chicos que van al colegio de tarde no puede disponer del servicio. Y a la tarde tambi\u00e9n es discontinuado\u201d, se quej\u00f3.<\/p>\n<p><strong>Plazos<\/strong><\/p>\n<p>Garcilazo coment\u00f3 que, al haberse ya firmado el decreto de compra de las unidades, lo que \u00fanico que resta hacerse es el acto de transferencia de los veh\u00edculos y, una vez concretado ese paso, los veh\u00edculos ya llegar\u00edan a Victoria. Eso, estim\u00f3, se concretar\u00eda la semana pr\u00f3xima.<\/p>\n<p>\u201cCalculamos que la primera o segunda semana de mayo ya estar\u00e1n ac\u00e1. Luego haremos la preparaci\u00f3n, el pintado y ploteado de las unidades, y la capacitaci\u00f3n del personal\u201d, se\u00f1al\u00f3 luego. Anticip\u00f3 entonces que se pondr\u00e1n en circulaci\u00f3n \u201ca fines de mayo o primeros d\u00edas de junio\u201d.<\/p>\n<p><strong>Otros beneficios<\/strong><\/p>\n<p>El Intendente mencion\u00f3 dos nuevos beneficios que se brindar\u00e1n cuando el servicio de transporte urbano de pasajeros pase a manos de la Municipalidad de Victoria. Uno es la implementaci\u00f3n de un \u201cpase libre\u201d para los estudiantes que se registren, para lo cual se trabajar\u00e1 junto a la Direcci\u00f3n Departamental de Escuelas y el Consejo General de Educaci\u00f3n (CGE).<\/p>\n<p>Adem\u00e1s, \u201cdesde el primer d\u00eda estas unidades contar\u00e1n con un control satelital\u201d para monitorear principalmente \u201clo relacionado con horarios\u201d, adelant\u00f3 Garcilazo en declaraciones a esta Agencia.<\/p>\n<p>Por \u00faltimo, inform\u00f3 que tambi\u00e9n se eval\u00faa la posibilidad de instalar c\u00e1maras adentro de cada colectivo, con el objetivo de que \u201clos chicos puedan asistir solos a la escuela y los padres puedan monitorear desde su tablet o computadora, si el chico va en el colectivo y si se baja donde debe bajarse\u201d.<\/p>\n<h6>Fuente: APF Digital<\/h6>\n","protected":false},"excerpt":{"rendered":"<p>A fines de mayo o principios de junio empezar\u00e1 a funcionar el servicio urbano de pasajeros en manos de la Municipalidad de Victoria, seg\u00fan adelant\u00f3 a APFDigital el intendente Rub\u00e9n Garcilazo \u2022 Se aplicar\u00e1 un boleto estudiantil gratuito y se har\u00e1 un control satelital de las cuatro unidades que se pondr\u00e1n en circulaci\u00f3n Garcilazo coment\u00f3<\/p>\n","protected":false},"author":2,"featured_media":28841,"comment_status":"closed","ping_status":"closed","sticky":false,"template":"","format":"standard","meta":{"footnotes":""},"categories":[2],"tags":[17],"class_list":["post-28840","post","type-post","status-publish","format-standard","has-post-thumbnail","hentry","category-informe-municipal","tag-entre-rios"],"_links":{"self":[{"href":"http:\/\/argentinamunicipal.com.ar\/argentina\/wp-json\/wp\/v2\/posts\/28840","targetHints":{"allow":["GET"]}}],"collection":[{"href":"http:\/\/argentinamunicipal.com.ar\/argentina\/wp-json\/wp\/v2\/posts"}],"about":[{"href":"http:\/\/argentinamunicipal.com.ar\/argentina\/wp-json\/wp\/v2\/types\/post"}],"author":[{"embeddable":true,"href":"http:\/\/argentinamunicipal.com.ar\/argentina\/wp-json\/wp\/v2\/users\/2"}],"replies":[{"embeddable":true,"href":"http:\/\/argentinamunicipal.com.ar\/argentina\/wp-json\/wp\/v2\/comments?post=28840"}],"version-history":[{"count":0,"href":"http:\/\/argentinamunicipal.com.ar\/argentina\/wp-json\/wp\/v2\/posts\/28840\/revisions"}],"wp:featuredmedia":[{"embeddable":true,"href":"http:\/\/argentinamunicipal.com.ar\/argentina\/wp-json\/wp\/v2\/media\/28841"}],"wp:attachment":[{"href":"http:\/\/argentinamunicipal.com.ar\/argentina\/wp-json\/wp\/v2\/media?parent=28840"}],"wp:term":[{"taxonomy":"category","embeddable":true,"href":"http:\/\/argentinamunicipal.com.ar\/argentina\/wp-json\/wp\/v2\/categories?post=28840"},{"taxonomy":"post_tag","embeddable":true,"href":"http:\/\/argentinamunicipal.com.ar\/argentina\/wp-json\/wp\/v2\/tags?post=28840"}],"curies":[{"name":"wp","href":"https:\/\/api.w.org\/{rel}","templated":true}]}}