{"id":28844,"date":"2015-05-02T10:30:32","date_gmt":"2015-05-02T13:30:32","guid":{"rendered":"http:\/\/argentinamunicipal.com.ar\/argentina\/?p=28844"},"modified":"2015-05-02T10:30:32","modified_gmt":"2015-05-02T13:30:32","slug":"las-reservas-de-alojamiento-llegaron-al-90-en-los-centros-termales-entrerrianos","status":"publish","type":"post","link":"http:\/\/argentinamunicipal.com.ar\/argentina\/las-reservas-de-alojamiento-llegaron-al-90-en-los-centros-termales-entrerrianos\/","title":{"rendered":"Las reservas de alojamiento llegaron al 90% en los centros termales entrerrianos"},"content":{"rendered":"<p><a href=\"http:\/\/argentinamunicipal.com.ar\/argentina\/wp-content\/uploads\/2015\/05\/09.jpg\"><img loading=\"lazy\" decoding=\"async\" class=\"aligncenter size-full wp-image-28845\" src=\"http:\/\/argentinamunicipal.com.ar\/argentina\/wp-content\/uploads\/2015\/05\/09.jpg\" alt=\"09\" width=\"640\" height=\"480\" srcset=\"http:\/\/argentinamunicipal.com.ar\/argentina\/wp-content\/uploads\/2015\/05\/09.jpg 640w, http:\/\/argentinamunicipal.com.ar\/argentina\/wp-content\/uploads\/2015\/05\/09-300x225.jpg 300w\" sizes=\"auto, (max-width: 640px) 100vw, 640px\" \/><\/a><br \/>\nPara este fin de semana largo, el promedio de las reservas en la provincia es del 70%, seg\u00fan dio a conocer el Ministerio de Turismo este viernes.<\/p>\n<p>El Ministerio de Turismo de Entre R\u00edos inform\u00f3 que las reservas para este fin de semana largo llegaron al 90% en los centros termales de la provincia que poseen alojamiento propio.<\/p>\n<p>En tanto, el promedio de reservas registrado es superior al 70% en diversas ciudades de la provincia.<\/p>\n<p>El secretario de Turismo de la Provincia, Alfredo Bedri\u00f1an, resalt\u00f3 que el \u00e9xito de los feriados largos son una \u201cherramienta maravillosa\u201d para el sector. \u201cEstamos muy contentos con un muy buen nivel de reservas, obviamente los complejos termales empiezan a marcar la preferencia de los turistas\u201d, dijo el funcionario y acot\u00f3: \u201cMientras nos siga acompa\u00f1ando este clima las playas siguen teniendo su importancia, los parques nacionales y la oferta es cada vez mayor en toda la provincia\u201d.<\/p>\n<p>Por otra parte, seg\u00fan el relevamiento realizado por el Ministerio de Turismo de la Naci\u00f3n, la estad\u00eda promedio de cada turista ser\u00e1 de 2,8 noches, mientras que el gasto que realizar\u00e1n en ese plazo ser\u00e1 de 1.900 pesos, a raz\u00f3n de 680 pesos por d\u00eda.<\/p>\n<p>El informe destaca que para este fin de semana largo la regi\u00f3n Litoral, con un 32%, lidera las preferencias de los turistas, mientras que la segunda opci\u00f3n, con un 27%, es la provincia de Buenos Aires.<\/p>\n<h6>Fuente: Uno, Entre R\u00edos<\/h6>\n","protected":false},"excerpt":{"rendered":"<p>Para este fin de semana largo, el promedio de las reservas en la provincia es del 70%, seg\u00fan dio a conocer el Ministerio de Turismo este viernes. El Ministerio de Turismo de Entre R\u00edos inform\u00f3 que las reservas para este fin de semana largo llegaron al 90% en los centros termales de la provincia que<\/p>\n","protected":false},"author":2,"featured_media":28845,"comment_status":"closed","ping_status":"closed","sticky":false,"template":"","format":"standard","meta":{"footnotes":""},"categories":[2],"tags":[17],"class_list":["post-28844","post","type-post","status-publish","format-standard","has-post-thumbnail","hentry","category-informe-municipal","tag-entre-rios"],"_links":{"self":[{"href":"http:\/\/argentinamunicipal.com.ar\/argentina\/wp-json\/wp\/v2\/posts\/28844","targetHints":{"allow":["GET"]}}],"collection":[{"href":"http:\/\/argentinamunicipal.com.ar\/argentina\/wp-json\/wp\/v2\/posts"}],"about":[{"href":"http:\/\/argentinamunicipal.com.ar\/argentina\/wp-json\/wp\/v2\/types\/post"}],"author":[{"embeddable":true,"href":"http:\/\/argentinamunicipal.com.ar\/argentina\/wp-json\/wp\/v2\/users\/2"}],"replies":[{"embeddable":true,"href":"http:\/\/argentinamunicipal.com.ar\/argentina\/wp-json\/wp\/v2\/comments?post=28844"}],"version-history":[{"count":0,"href":"http:\/\/argentinamunicipal.com.ar\/argentina\/wp-json\/wp\/v2\/posts\/28844\/revisions"}],"wp:featuredmedia":[{"embeddable":true,"href":"http:\/\/argentinamunicipal.com.ar\/argentina\/wp-json\/wp\/v2\/media\/28845"}],"wp:attachment":[{"href":"http:\/\/argentinamunicipal.com.ar\/argentina\/wp-json\/wp\/v2\/media?parent=28844"}],"wp:term":[{"taxonomy":"category","embeddable":true,"href":"http:\/\/argentinamunicipal.com.ar\/argentina\/wp-json\/wp\/v2\/categories?post=28844"},{"taxonomy":"post_tag","embeddable":true,"href":"http:\/\/argentinamunicipal.com.ar\/argentina\/wp-json\/wp\/v2\/tags?post=28844"}],"curies":[{"name":"wp","href":"https:\/\/api.w.org\/{rel}","templated":true}]}}