{"id":28859,"date":"2015-05-02T10:52:46","date_gmt":"2015-05-02T13:52:46","guid":{"rendered":"http:\/\/argentinamunicipal.com.ar\/argentina\/?p=28859"},"modified":"2015-05-02T10:52:46","modified_gmt":"2015-05-02T13:52:46","slug":"mientras-haya-quien-aun-no-tiene-trabajo-no-esta-registrado-o-no-goce-de-un-salario-nuestro-modelo-estara-inconcluso","status":"publish","type":"post","link":"http:\/\/argentinamunicipal.com.ar\/argentina\/mientras-haya-quien-aun-no-tiene-trabajo-no-esta-registrado-o-no-goce-de-un-salario-nuestro-modelo-estara-inconcluso\/","title":{"rendered":"\u00abMientras haya quien a\u00fan no tiene trabajo, no est\u00e1 registrado o no goce de un salario, nuestro modelo estar\u00e1 inconcluso\u00bb"},"content":{"rendered":"<p><a href=\"http:\/\/argentinamunicipal.com.ar\/argentina\/wp-content\/uploads\/2015\/05\/fotos-publico-Cristina-Twitter_IECIMA20150501_0008_19.jpg\"><img loading=\"lazy\" decoding=\"async\" class=\"aligncenter size-full wp-image-28860\" src=\"http:\/\/argentinamunicipal.com.ar\/argentina\/wp-content\/uploads\/2015\/05\/fotos-publico-Cristina-Twitter_IECIMA20150501_0008_19.jpg\" alt=\"fotos-publico-Cristina-Twitter_IECIMA20150501_0008_19\" width=\"660\" height=\"370\" srcset=\"http:\/\/argentinamunicipal.com.ar\/argentina\/wp-content\/uploads\/2015\/05\/fotos-publico-Cristina-Twitter_IECIMA20150501_0008_19.jpg 660w, http:\/\/argentinamunicipal.com.ar\/argentina\/wp-content\/uploads\/2015\/05\/fotos-publico-Cristina-Twitter_IECIMA20150501_0008_19-300x168.jpg 300w\" sizes=\"auto, (max-width: 660px) 100vw, 660px\" \/><\/a><br \/>\nLa presidenta de la Naci\u00f3n utiliz\u00f3 las redes sociales para saludar a los trabajadores en su d\u00eda. \u00abLos abrazo a todos y todas muy fuerte. Feliz d\u00eda para todos los trabajadores y trabajadoras de nuestra Patria\u00bb, escribi\u00f3.<\/p>\n<p>La presidenta Cristina Fern\u00e1ndez de Kirchner salud\u00f3 hoy en su d\u00eda a los trabajadores y dej\u00f3 en claro que \u00abmientras haya quien a\u00fan no tiene trabajo, o no est\u00e1 registrado o no goce de un salario digno, la tarea que empez\u00f3 N\u00e9stor Kirchner\u00bb y el modelo \u00abde crecimiento con inclusi\u00f3n social, estar\u00e1 inconcluso\u00bb.<\/p>\n<p>En cuatro mensajes enviados esta tarde desde su cuenta personal de Twitter, la jefa del Estado llam\u00f3 a los argentinos a cuidar \u00ablo logrado\u00bb y a \u00abredoblar el compromiso\u00bb.<\/p>\n<p>En el primero de los tuits, Cristina public\u00f3 una foto de N\u00e9stor Kirchner junto a ella y un grupo de obreros, y escribi\u00f3: \u00abD\u00eda del Trabajador. 1 de Mayo en una Argentina diferente, inimaginable hace unos a\u00f1os atr\u00e1s\u00bb.<\/p>\n<p>\u00abCuidemos lo logrado y redoblemos el compromiso porque mientras haya quien a\u00fan no tiene trabajo, o no est\u00e1 registrado &#8230; o no goce de un salario digno, la tarea que empez\u00f3 N\u00e9stor Kirchner y nuestro modelo de crecimiento con inclusi\u00f3n social, estar\u00e1 inconclusa\u00bb, se explay\u00f3 en otros dos mensajes la mandataria.<\/p>\n<p>\u00abLos abrazo a todos y todas muy fuerte. Feliz d\u00eda para todos los trabajadores y trabajadoras de nuestra Patria\u00bb, finaliz\u00f3 la Presidenta.<\/p>\n<h6>Fuente: T\u00e9lam<\/h6>\n","protected":false},"excerpt":{"rendered":"<p>La presidenta de la Naci\u00f3n utiliz\u00f3 las redes sociales para saludar a los trabajadores en su d\u00eda. \u00abLos abrazo a todos y todas muy fuerte. Feliz d\u00eda para todos los trabajadores y trabajadoras de nuestra Patria\u00bb, escribi\u00f3. La presidenta Cristina Fern\u00e1ndez de Kirchner salud\u00f3 hoy en su d\u00eda a los trabajadores y dej\u00f3 en claro<\/p>\n","protected":false},"author":2,"featured_media":28860,"comment_status":"closed","ping_status":"closed","sticky":false,"template":"","format":"standard","meta":{"footnotes":""},"categories":[8],"tags":[21],"class_list":["post-28859","post","type-post","status-publish","format-standard","has-post-thumbnail","hentry","category-informe-nacional","tag-argentina"],"_links":{"self":[{"href":"http:\/\/argentinamunicipal.com.ar\/argentina\/wp-json\/wp\/v2\/posts\/28859","targetHints":{"allow":["GET"]}}],"collection":[{"href":"http:\/\/argentinamunicipal.com.ar\/argentina\/wp-json\/wp\/v2\/posts"}],"about":[{"href":"http:\/\/argentinamunicipal.com.ar\/argentina\/wp-json\/wp\/v2\/types\/post"}],"author":[{"embeddable":true,"href":"http:\/\/argentinamunicipal.com.ar\/argentina\/wp-json\/wp\/v2\/users\/2"}],"replies":[{"embeddable":true,"href":"http:\/\/argentinamunicipal.com.ar\/argentina\/wp-json\/wp\/v2\/comments?post=28859"}],"version-history":[{"count":0,"href":"http:\/\/argentinamunicipal.com.ar\/argentina\/wp-json\/wp\/v2\/posts\/28859\/revisions"}],"wp:featuredmedia":[{"embeddable":true,"href":"http:\/\/argentinamunicipal.com.ar\/argentina\/wp-json\/wp\/v2\/media\/28860"}],"wp:attachment":[{"href":"http:\/\/argentinamunicipal.com.ar\/argentina\/wp-json\/wp\/v2\/media?parent=28859"}],"wp:term":[{"taxonomy":"category","embeddable":true,"href":"http:\/\/argentinamunicipal.com.ar\/argentina\/wp-json\/wp\/v2\/categories?post=28859"},{"taxonomy":"post_tag","embeddable":true,"href":"http:\/\/argentinamunicipal.com.ar\/argentina\/wp-json\/wp\/v2\/tags?post=28859"}],"curies":[{"name":"wp","href":"https:\/\/api.w.org\/{rel}","templated":true}]}}