{"id":28903,"date":"2015-05-04T08:57:34","date_gmt":"2015-05-04T11:57:34","guid":{"rendered":"http:\/\/argentinamunicipal.com.ar\/argentina\/?p=28903"},"modified":"2015-05-04T08:57:34","modified_gmt":"2015-05-04T11:57:34","slug":"se-realizan-las-instalaciones-para-la-puesta-en-marcha-sistema-de-calefaccion-de-calles-y-veredas-en-ushuaia","status":"publish","type":"post","link":"http:\/\/argentinamunicipal.com.ar\/argentina\/se-realizan-las-instalaciones-para-la-puesta-en-marcha-sistema-de-calefaccion-de-calles-y-veredas-en-ushuaia\/","title":{"rendered":"Se realizan las instalaciones para la puesta en marcha sistema de calefacci\u00f3n de calles y veredas en Ushuaia"},"content":{"rendered":"<p><a href=\"http:\/\/argentinamunicipal.com.ar\/argentina\/wp-content\/uploads\/2015\/05\/5546b2bb2bff5_724_407.jpg\"><img loading=\"lazy\" decoding=\"async\" class=\"aligncenter  wp-image-28904\" src=\"http:\/\/argentinamunicipal.com.ar\/argentina\/wp-content\/uploads\/2015\/05\/5546b2bb2bff5_724_407.jpg\" alt=\"5546b2bb2bff5_724_407!\" width=\"656\" height=\"369\" srcset=\"http:\/\/argentinamunicipal.com.ar\/argentina\/wp-content\/uploads\/2015\/05\/5546b2bb2bff5_724_407.jpg 724w, http:\/\/argentinamunicipal.com.ar\/argentina\/wp-content\/uploads\/2015\/05\/5546b2bb2bff5_724_407-300x169.jpg 300w\" sizes=\"auto, (max-width: 656px) 100vw, 656px\" \/><\/a><br \/>\nPersonal especializado realiza los trabajos finales para poner en marcha el sistema que evita la acumulaci\u00f3n de nieve y hielo en calles y veredas del Centro Comercial a Cielo Abierto de la calles San Mart\u00edn.<\/p>\n<p>En las \u00faltimas semanas se trabaj\u00f3 en la provisi\u00f3n de energ\u00eda a los carreteles de cables para calefacci\u00f3n sobre la calle San Mart\u00edn, en el tramo comprendido entre Rosas y 25 de Mayo. Finalizados los trabajos que incluyen a la Direcci\u00f3n Provincial de Energ\u00eda se pondr\u00e1 en marcha el nuevo sistema.<\/p>\n<p>\u201cEn las \u00faltimas semanas se estuvo preparando todo para poner en funcionamiento las subestaciones transformadores que est\u00e1n sobre Maip\u00fa que son las que van a alimentar al sistema de calefacci\u00f3n y en la pr\u00f3xima semana se van a empezar a montar los tableros de comando y control del sistema de calefacci\u00f3n de las tres cuadras. Todos los circuitos del sistema ya fueron testeados y probados en el momento que se realiz\u00f3 el hormigonado y se estuvieron haciendo las veredas\u201d, explic\u00f3 el secretario de Desarrollo y Gesti\u00f3n Urbana, Juan Munaf\u00f3.<\/p>\n<p>En relaci\u00f3n a lo que falta Munaf\u00f3 detall\u00f3 que \u201cresta la puesta en marcha de los transformadores que est\u00e1n sobre Maip\u00fa para lo que es necesaria la programaci\u00f3n de un corte de energ\u00eda y la culminaci\u00f3n de la instalaci\u00f3n de los buzones que van a estar en las esquinas de la San Martin y con los cuales se va a comandar la calefacci\u00f3n de las calles\u201d.<\/p>\n<h6>Fuente: Reporte Austral<\/h6>\n","protected":false},"excerpt":{"rendered":"<p>Personal especializado realiza los trabajos finales para poner en marcha el sistema que evita la acumulaci\u00f3n de nieve y hielo en calles y veredas del Centro Comercial a Cielo Abierto de la calles San Mart\u00edn. En las \u00faltimas semanas se trabaj\u00f3 en la provisi\u00f3n de energ\u00eda a los carreteles de cables para calefacci\u00f3n sobre la<\/p>\n","protected":false},"author":2,"featured_media":28904,"comment_status":"closed","ping_status":"closed","sticky":false,"template":"","format":"standard","meta":{"footnotes":""},"categories":[2],"tags":[34],"class_list":["post-28903","post","type-post","status-publish","format-standard","has-post-thumbnail","hentry","category-informe-municipal","tag-tierra-del-fuego"],"_links":{"self":[{"href":"http:\/\/argentinamunicipal.com.ar\/argentina\/wp-json\/wp\/v2\/posts\/28903","targetHints":{"allow":["GET"]}}],"collection":[{"href":"http:\/\/argentinamunicipal.com.ar\/argentina\/wp-json\/wp\/v2\/posts"}],"about":[{"href":"http:\/\/argentinamunicipal.com.ar\/argentina\/wp-json\/wp\/v2\/types\/post"}],"author":[{"embeddable":true,"href":"http:\/\/argentinamunicipal.com.ar\/argentina\/wp-json\/wp\/v2\/users\/2"}],"replies":[{"embeddable":true,"href":"http:\/\/argentinamunicipal.com.ar\/argentina\/wp-json\/wp\/v2\/comments?post=28903"}],"version-history":[{"count":0,"href":"http:\/\/argentinamunicipal.com.ar\/argentina\/wp-json\/wp\/v2\/posts\/28903\/revisions"}],"wp:featuredmedia":[{"embeddable":true,"href":"http:\/\/argentinamunicipal.com.ar\/argentina\/wp-json\/wp\/v2\/media\/28904"}],"wp:attachment":[{"href":"http:\/\/argentinamunicipal.com.ar\/argentina\/wp-json\/wp\/v2\/media?parent=28903"}],"wp:term":[{"taxonomy":"category","embeddable":true,"href":"http:\/\/argentinamunicipal.com.ar\/argentina\/wp-json\/wp\/v2\/categories?post=28903"},{"taxonomy":"post_tag","embeddable":true,"href":"http:\/\/argentinamunicipal.com.ar\/argentina\/wp-json\/wp\/v2\/tags?post=28903"}],"curies":[{"name":"wp","href":"https:\/\/api.w.org\/{rel}","templated":true}]}}