{"id":28913,"date":"2015-05-04T09:15:06","date_gmt":"2015-05-04T12:15:06","guid":{"rendered":"http:\/\/argentinamunicipal.com.ar\/argentina\/?p=28913"},"modified":"2015-05-04T09:15:06","modified_gmt":"2015-05-04T12:15:06","slug":"provincia-de-entre-rios-y-municipios-acordaron-conformar-un-consejo-provincial-de-ambiente","status":"publish","type":"post","link":"http:\/\/argentinamunicipal.com.ar\/argentina\/provincia-de-entre-rios-y-municipios-acordaron-conformar-un-consejo-provincial-de-ambiente\/","title":{"rendered":"Provincia de Entre R\u00edos y Municipios acordaron conformar un Consejo Provincial de Ambiente"},"content":{"rendered":"<div id=\"attachment_28914\" style=\"width: 502px\" class=\"wp-caption aligncenter\"><a href=\"http:\/\/argentinamunicipal.com.ar\/argentina\/wp-content\/uploads\/2015\/05\/apfdigital_251508_tapa_252015_162359.jpg\"><img loading=\"lazy\" decoding=\"async\" aria-describedby=\"caption-attachment-28914\" class=\"size-full wp-image-28914\" src=\"http:\/\/argentinamunicipal.com.ar\/argentina\/wp-content\/uploads\/2015\/05\/apfdigital_251508_tapa_252015_162359.jpg\" alt=\"A fines de mayo se realizar\u00e1 una nueva reuni\u00f3n para designar las autoridades.\" width=\"492\" height=\"329\" srcset=\"http:\/\/argentinamunicipal.com.ar\/argentina\/wp-content\/uploads\/2015\/05\/apfdigital_251508_tapa_252015_162359.jpg 492w, http:\/\/argentinamunicipal.com.ar\/argentina\/wp-content\/uploads\/2015\/05\/apfdigital_251508_tapa_252015_162359-300x201.jpg 300w\" sizes=\"auto, (max-width: 492px) 100vw, 492px\" \/><\/a><p id=\"caption-attachment-28914\" class=\"wp-caption-text\">A fines de mayo se realizar\u00e1 una nueva reuni\u00f3n para designar las autoridades.<\/p><\/div>\n<p>Representantes del Gobierno provincial y de los municipios acordaron este jueves en Concordia crear el Consejo Provincial Ambiental (Coproam), un \u00e1mbito permanente de discusi\u00f3n para la concertaci\u00f3n y elaboraci\u00f3n de la pol\u00edtica ambiental<\/p>\n<p>A fines de mayo se realizar\u00e1 una nueva reuni\u00f3n para designar las autoridades y principales cuestiones de funcionamiento. \u201cLa idea es elevar a la Legislatura provincial un proyecto de ley que avale y de un rango mayor a este Consejo\u201d, dijo el secretario de Ambiente de la provincia, Fernando Raffo.<\/p>\n<p>Adem\u00e1s, en la ocasi\u00f3n tambi\u00e9n se realiz\u00f3 una jornada de presentaci\u00f3n y capacitaci\u00f3n del programa Plantar, que impulsa y coordina la Secretar\u00eda de Ambiente y Desarrollo Sustentable de Naci\u00f3n.<\/p>\n<p>El proyecto del Consejo Provincial Ambiental es una iniciativa de la Secretar\u00eda de Ambiente de la provincia a trav\u00e9s de la emisi\u00f3n de una resoluci\u00f3n. El titular del organismo, Fernando Raffo, dijo que con la conformaci\u00f3n del Coproam la intenci\u00f3n principal es \u201cgenerar un \u00e1mbito de discusi\u00f3n de la pol\u00edtica ambiental provincial y de los municipios y, sobre todo, ser\u00e1 un \u00e1mbito de fortalecimiento para las gestiones ambientales\u201d.<\/p>\n<p>Y agreg\u00f3: \u201cEstos a\u00f1os a cargo de la cartera ambiental provincial me permitieron comprobar que muchas veces los problemas provinciales no son los mismos que los de la agenda municipal y entendimos que para que la gesti\u00f3n ambiental mejore es necesario que las comunas tengan m\u00e1s apoyo y se vean m\u00e1s fortalecidos. Este \u00e1mbito apunta justamente a eso\u201d.<\/p>\n<p>Luego, Raffo expres\u00f3 que adem\u00e1s de la resoluci\u00f3n la idea es elevar a la Legislatura provincial un proyecto de Ley que avale este Consejo, lo cual permitir\u00e1 tener otro rango y emitir resoluciones que sean vinculantes relacionadas a distintas cuestiones de la gesti\u00f3n ambiental. \u201cLa presentaci\u00f3n del proyecto de ley ser\u00e1 el paso siguiente a la conformaci\u00f3n del Consejo\u201d, indic\u00f3.<\/p>\n<p>Dijo que la convocatoria para conformar este espacio \u201ces amplia, queremos que est\u00e9n representados todos los actores sin importar si la localidad es grande o chica, de qu\u00e9 color pol\u00edtico sea, lo que queremos asegurar es que la representatividad sea lo m\u00e1s plural posible\u201d.<\/p>\n<p>Finalmente, Raffo destac\u00f3 que no hay ninguna provincia argentina que tenga un Consejo Provincial de Ambiente. \u201cEntre R\u00edos es pionera en esto y significar\u00e1 un salto cualitativo en la gesti\u00f3n ambiental de la provincia\u201d, asegur\u00f3.<\/p>\n<p>En la ocasi\u00f3n, se acord\u00f3 que el pr\u00f3ximo encuentro del Consejo ser\u00e1 el 28 de mayo donde se designar\u00e1n las autoridades y se definir\u00e1n las cuestiones m\u00e1s formales vinculadas a su funcionamiento.<\/p>\n<h6>Fuente: APF Digital<\/h6>\n","protected":false},"excerpt":{"rendered":"<p>Representantes del Gobierno provincial y de los municipios acordaron este jueves en Concordia crear el Consejo Provincial Ambiental (Coproam), un \u00e1mbito permanente de discusi\u00f3n para la concertaci\u00f3n y elaboraci\u00f3n de la pol\u00edtica ambiental A fines de mayo se realizar\u00e1 una nueva reuni\u00f3n para designar las autoridades y principales cuestiones de funcionamiento. \u201cLa idea es elevar<\/p>\n","protected":false},"author":2,"featured_media":28914,"comment_status":"closed","ping_status":"closed","sticky":false,"template":"","format":"standard","meta":{"footnotes":""},"categories":[2],"tags":[17],"class_list":["post-28913","post","type-post","status-publish","format-standard","has-post-thumbnail","hentry","category-informe-municipal","tag-entre-rios"],"_links":{"self":[{"href":"http:\/\/argentinamunicipal.com.ar\/argentina\/wp-json\/wp\/v2\/posts\/28913","targetHints":{"allow":["GET"]}}],"collection":[{"href":"http:\/\/argentinamunicipal.com.ar\/argentina\/wp-json\/wp\/v2\/posts"}],"about":[{"href":"http:\/\/argentinamunicipal.com.ar\/argentina\/wp-json\/wp\/v2\/types\/post"}],"author":[{"embeddable":true,"href":"http:\/\/argentinamunicipal.com.ar\/argentina\/wp-json\/wp\/v2\/users\/2"}],"replies":[{"embeddable":true,"href":"http:\/\/argentinamunicipal.com.ar\/argentina\/wp-json\/wp\/v2\/comments?post=28913"}],"version-history":[{"count":0,"href":"http:\/\/argentinamunicipal.com.ar\/argentina\/wp-json\/wp\/v2\/posts\/28913\/revisions"}],"wp:featuredmedia":[{"embeddable":true,"href":"http:\/\/argentinamunicipal.com.ar\/argentina\/wp-json\/wp\/v2\/media\/28914"}],"wp:attachment":[{"href":"http:\/\/argentinamunicipal.com.ar\/argentina\/wp-json\/wp\/v2\/media?parent=28913"}],"wp:term":[{"taxonomy":"category","embeddable":true,"href":"http:\/\/argentinamunicipal.com.ar\/argentina\/wp-json\/wp\/v2\/categories?post=28913"},{"taxonomy":"post_tag","embeddable":true,"href":"http:\/\/argentinamunicipal.com.ar\/argentina\/wp-json\/wp\/v2\/tags?post=28913"}],"curies":[{"name":"wp","href":"https:\/\/api.w.org\/{rel}","templated":true}]}}