{"id":28950,"date":"2015-05-05T09:06:16","date_gmt":"2015-05-05T12:06:16","guid":{"rendered":"http:\/\/argentinamunicipal.com.ar\/argentina\/?p=28950"},"modified":"2015-05-05T09:06:16","modified_gmt":"2015-05-05T12:06:16","slug":"avanza-la-construccion-de-oficinas-y-locales-comerciales-en-santa-fe","status":"publish","type":"post","link":"http:\/\/argentinamunicipal.com.ar\/argentina\/avanza-la-construccion-de-oficinas-y-locales-comerciales-en-santa-fe\/","title":{"rendered":"Avanza la construcci\u00f3n de oficinas y locales comerciales en Santa Fe"},"content":{"rendered":"<p><a href=\"http:\/\/argentinamunicipal.com.ar\/argentina\/wp-content\/uploads\/2015\/05\/stafe2sanzaro.jpg\"><img loading=\"lazy\" decoding=\"async\" class=\"aligncenter  wp-image-28951\" src=\"http:\/\/argentinamunicipal.com.ar\/argentina\/wp-content\/uploads\/2015\/05\/stafe2sanzaro.jpg\" alt=\"stafe2sanzaro\" width=\"603\" height=\"395\" srcset=\"http:\/\/argentinamunicipal.com.ar\/argentina\/wp-content\/uploads\/2015\/05\/stafe2sanzaro.jpg 799w, http:\/\/argentinamunicipal.com.ar\/argentina\/wp-content\/uploads\/2015\/05\/stafe2sanzaro-300x196.jpg 300w\" sizes=\"auto, (max-width: 603px) 100vw, 603px\" \/><\/a><br \/>\nEl intendente Jos\u00e9 Corral recorrer\u00e1 este martes el complejo Corporate Towers. Se estima que para septiembre est\u00e9n concluidas dos torres. Las 750 d\u00e1rsenas de estacionamiento ya est\u00e1n funcionando, y el 85 % de los locales comerciales est\u00e1n reservados.<\/p>\n<p>El intendente Jos\u00e9 Corral observar\u00e1 los avances de obra de un nuevo emprendimiento inmobiliario que se construye en el Puerto de Santa Fe. Se trata del complejo Corporate Towers, que incluye un sector para cocheras -que ya est\u00e1 concluido y operando-, y otro sector destinado para locales comerciales y oficinas. La recorrida ser\u00e1 el martes, a las 10, en el Puerto santafesino.<\/p>\n<p>La obra incluy\u00f3 estacionamiento para 750 veh\u00edculos -que ya se encuentra habilitado- distribuidos en el entrepiso, primero, segundo, tercer nivel y la terraza, con un sistema de parking inteligente.<\/p>\n<p>Inversi\u00f3n y empleo para la ciudad<\/p>\n<p>Cabe destacar, que para construir el complejo se contrat\u00f3 a 250 trabajadores santafesinos, y actualmente 60 obreros de la construcci\u00f3n ultiman los detalles. Por otra parte, adem\u00e1s de las cocheras, el complejo consta de un edificio corporativo inteligente de 16 pisos, con 358 metros cuadrados cada uno, tres ascensores de \u00faltima generaci\u00f3n, seguridad f\u00edsica y electr\u00f3nica las 24 horas.<\/p>\n<p>Se estima que la primera de las torres estar\u00e1 finalizada en junio, y la segunda en septiembre.<\/p>\n<p>En cuanto a los espacios comerciales, actualmente est\u00e1 reservado el 85 % de los locales.<\/p>\n<h6>Fuente: Sin Mordaza<\/h6>\n","protected":false},"excerpt":{"rendered":"<p>El intendente Jos\u00e9 Corral recorrer\u00e1 este martes el complejo Corporate Towers. Se estima que para septiembre est\u00e9n concluidas dos torres. Las 750 d\u00e1rsenas de estacionamiento ya est\u00e1n funcionando, y el 85 % de los locales comerciales est\u00e1n reservados. El intendente Jos\u00e9 Corral observar\u00e1 los avances de obra de un nuevo emprendimiento inmobiliario que se construye<\/p>\n","protected":false},"author":2,"featured_media":28951,"comment_status":"closed","ping_status":"closed","sticky":false,"template":"","format":"standard","meta":{"footnotes":""},"categories":[2],"tags":[10],"class_list":["post-28950","post","type-post","status-publish","format-standard","has-post-thumbnail","hentry","category-informe-municipal","tag-santa-fe"],"_links":{"self":[{"href":"http:\/\/argentinamunicipal.com.ar\/argentina\/wp-json\/wp\/v2\/posts\/28950","targetHints":{"allow":["GET"]}}],"collection":[{"href":"http:\/\/argentinamunicipal.com.ar\/argentina\/wp-json\/wp\/v2\/posts"}],"about":[{"href":"http:\/\/argentinamunicipal.com.ar\/argentina\/wp-json\/wp\/v2\/types\/post"}],"author":[{"embeddable":true,"href":"http:\/\/argentinamunicipal.com.ar\/argentina\/wp-json\/wp\/v2\/users\/2"}],"replies":[{"embeddable":true,"href":"http:\/\/argentinamunicipal.com.ar\/argentina\/wp-json\/wp\/v2\/comments?post=28950"}],"version-history":[{"count":0,"href":"http:\/\/argentinamunicipal.com.ar\/argentina\/wp-json\/wp\/v2\/posts\/28950\/revisions"}],"wp:featuredmedia":[{"embeddable":true,"href":"http:\/\/argentinamunicipal.com.ar\/argentina\/wp-json\/wp\/v2\/media\/28951"}],"wp:attachment":[{"href":"http:\/\/argentinamunicipal.com.ar\/argentina\/wp-json\/wp\/v2\/media?parent=28950"}],"wp:term":[{"taxonomy":"category","embeddable":true,"href":"http:\/\/argentinamunicipal.com.ar\/argentina\/wp-json\/wp\/v2\/categories?post=28950"},{"taxonomy":"post_tag","embeddable":true,"href":"http:\/\/argentinamunicipal.com.ar\/argentina\/wp-json\/wp\/v2\/tags?post=28950"}],"curies":[{"name":"wp","href":"https:\/\/api.w.org\/{rel}","templated":true}]}}