{"id":29027,"date":"2015-05-06T08:35:21","date_gmt":"2015-05-06T11:35:21","guid":{"rendered":"http:\/\/argentinamunicipal.com.ar\/argentina\/?p=29027"},"modified":"2015-05-06T09:17:41","modified_gmt":"2015-05-06T12:17:41","slug":"se-inauguraron-viviendas-rurales-en-el-departamento-la-paz","status":"publish","type":"post","link":"http:\/\/argentinamunicipal.com.ar\/argentina\/se-inauguraron-viviendas-rurales-en-el-departamento-la-paz\/","title":{"rendered":"Se inauguraron viviendas rurales en el departamento La Paz"},"content":{"rendered":"<p><a href=\"http:\/\/argentinamunicipal.com.ar\/argentina\/wp-content\/uploads\/2015\/05\/o_1321071041.jpg\"><img loading=\"lazy\" decoding=\"async\" class=\"aligncenter size-full wp-image-29028\" src=\"http:\/\/argentinamunicipal.com.ar\/argentina\/wp-content\/uploads\/2015\/05\/o_1321071041.jpg\" alt=\"o_1321071041\" width=\"640\" height=\"360\" srcset=\"http:\/\/argentinamunicipal.com.ar\/argentina\/wp-content\/uploads\/2015\/05\/o_1321071041.jpg 640w, http:\/\/argentinamunicipal.com.ar\/argentina\/wp-content\/uploads\/2015\/05\/o_1321071041-300x169.jpg 300w\" sizes=\"auto, (max-width: 640px) 100vw, 640px\" \/><\/a><\/p>\n<p>En el marco del programa M\u00e1s Cerca, se inauguraron viviendas rurales en Omb\u00fa y Colonia 3 y 14, del departamento La Paz \u2022 \u201cPara nosotros es un alegr\u00eda enorme tener nuestra casa y adem\u00e1s regresar a nuestra provincia\u201d, manifest\u00f3 una integrante de la familia Sosa, que recibi\u00f3 su casa junto a otras cuatro familias m\u00e1s, de un total de 24 correspondientes a esta etapa \u2022 En total se entregaron 88 viviendas y hay 130 m\u00e1s planificadas en el departamento La Paz<\/p>\n<p>En el caso de la familia Sosa, su historia es representativa y ejemplifica la importancia de las pol\u00edticas p\u00fablicas que fomentan el arraigo en el campo. Sus miembros eran originarios de Omb\u00fa pero hace algunos a\u00f1os partieron a C\u00f3rdoba por cuestiones laborales. Hoy, gracias a su esfuerzo y el acompa\u00f1amiento del Estado, podr\u00e1n regresar a su lugar de origen y comenzar una nueva historia en Entre R\u00edos.<\/p>\n<p>Las viviendas se construyen a trav\u00e9s del Programa Federal de Integraci\u00f3n Sociocomunitaria y al Programa Federal de Vivienda y Mejoramiento del H\u00e1bitat de Pueblos Originarios y Rurales, que ejecuta en Entre R\u00edos la Unidad Ejecutora de Programas Especiales, a cargo de Daniel Irigoyen, en el marco del Ministerio de Planeamiento, Infraestructura y Servicios, bajo la coordinaci\u00f3n de Juan Javier Garcia.<\/p>\n<p>La Secretar\u00eda de Agricultura Familiar de la Naci\u00f3n es parte de los consorcios de construcci\u00f3n, en distintos departamentos, a trav\u00e9s del trabajo de los t\u00e9cnicos de territorio. En el caso de La Paz, la labor la realiza el ingeniero agr\u00f3nono Cesar Garnier.<\/p>\n<p>En el acto de inauguraci\u00f3n de las viviendas estuvo presente por parte de la Secretar\u00eda de Agricultura Familiar, el coordinador provincial Emiliano Gomez Tutau, junto a t\u00e9cnicos y delegados del organismo.<\/p>\n<p>Posteriormente a la inauguraci\u00f3n se realiz\u00f3 un almuerzo para celebrar. All\u00ed expusieron el ministro de Planeamiento, Juan Javier Garc\u00eda; Daniel Irigoyen y Lautaro Viscay, de la Secretar\u00eda de Inversi\u00f3n P\u00fablica y Desarrollo Territorial.<\/p>\n<h6>Fuente: APF Digital<\/h6>\n","protected":false},"excerpt":{"rendered":"<p>En el marco del programa M\u00e1s Cerca, se inauguraron viviendas rurales en Omb\u00fa y Colonia 3 y 14, del departamento La Paz \u2022 \u201cPara nosotros es un alegr\u00eda enorme tener nuestra casa y adem\u00e1s regresar a nuestra provincia\u201d, manifest\u00f3 una integrante de la familia Sosa, que recibi\u00f3 su casa junto a otras cuatro familias m\u00e1s,<\/p>\n","protected":false},"author":2,"featured_media":29028,"comment_status":"closed","ping_status":"closed","sticky":false,"template":"","format":"standard","meta":{"footnotes":""},"categories":[2],"tags":[17],"class_list":["post-29027","post","type-post","status-publish","format-standard","has-post-thumbnail","hentry","category-informe-municipal","tag-entre-rios"],"_links":{"self":[{"href":"http:\/\/argentinamunicipal.com.ar\/argentina\/wp-json\/wp\/v2\/posts\/29027","targetHints":{"allow":["GET"]}}],"collection":[{"href":"http:\/\/argentinamunicipal.com.ar\/argentina\/wp-json\/wp\/v2\/posts"}],"about":[{"href":"http:\/\/argentinamunicipal.com.ar\/argentina\/wp-json\/wp\/v2\/types\/post"}],"author":[{"embeddable":true,"href":"http:\/\/argentinamunicipal.com.ar\/argentina\/wp-json\/wp\/v2\/users\/2"}],"replies":[{"embeddable":true,"href":"http:\/\/argentinamunicipal.com.ar\/argentina\/wp-json\/wp\/v2\/comments?post=29027"}],"version-history":[{"count":0,"href":"http:\/\/argentinamunicipal.com.ar\/argentina\/wp-json\/wp\/v2\/posts\/29027\/revisions"}],"wp:featuredmedia":[{"embeddable":true,"href":"http:\/\/argentinamunicipal.com.ar\/argentina\/wp-json\/wp\/v2\/media\/29028"}],"wp:attachment":[{"href":"http:\/\/argentinamunicipal.com.ar\/argentina\/wp-json\/wp\/v2\/media?parent=29027"}],"wp:term":[{"taxonomy":"category","embeddable":true,"href":"http:\/\/argentinamunicipal.com.ar\/argentina\/wp-json\/wp\/v2\/categories?post=29027"},{"taxonomy":"post_tag","embeddable":true,"href":"http:\/\/argentinamunicipal.com.ar\/argentina\/wp-json\/wp\/v2\/tags?post=29027"}],"curies":[{"name":"wp","href":"https:\/\/api.w.org\/{rel}","templated":true}]}}