{"id":29086,"date":"2015-05-07T11:35:05","date_gmt":"2015-05-07T14:35:05","guid":{"rendered":"http:\/\/argentinamunicipal.com.ar\/argentina\/?p=29086"},"modified":"2015-05-07T11:35:05","modified_gmt":"2015-05-07T14:35:05","slug":"sampacho-celebro-sus-140-anos-y-la-provincia-hizo-aportes-por-37-millones","status":"publish","type":"post","link":"http:\/\/argentinamunicipal.com.ar\/argentina\/sampacho-celebro-sus-140-anos-y-la-provincia-hizo-aportes-por-37-millones\/","title":{"rendered":"Sampacho celebr\u00f3 sus 140 a\u00f1os y la Provincia hizo aportes por $ 3,7 millones"},"content":{"rendered":"<p><a href=\"http:\/\/argentinamunicipal.com.ar\/argentina\/wp-content\/uploads\/2015\/05\/9000_SampachoAniversario140.jpg\"><img loading=\"lazy\" decoding=\"async\" class=\"aligncenter size-full wp-image-29087\" src=\"http:\/\/argentinamunicipal.com.ar\/argentina\/wp-content\/uploads\/2015\/05\/9000_SampachoAniversario140.jpg\" alt=\"9000_SampachoAniversario140\" width=\"620\" height=\"375\" srcset=\"http:\/\/argentinamunicipal.com.ar\/argentina\/wp-content\/uploads\/2015\/05\/9000_SampachoAniversario140.jpg 620w, http:\/\/argentinamunicipal.com.ar\/argentina\/wp-content\/uploads\/2015\/05\/9000_SampachoAniversario140-300x181.jpg 300w\" sizes=\"auto, (max-width: 620px) 100vw, 620px\" \/><\/a><br \/>\nEl gobernador Jos\u00e9 Manuel de la Sota estuvo presente en el acto central, ocasi\u00f3n en la que hizo entrega de maquinarias y fondos para ejecuci\u00f3n de obras viales. Por la tarde se realiz\u00f3 un gran festival<\/p>\n<p>Esta localidad celebr\u00f3 ayer sus 140 a\u00f1os de fundaci\u00f3n, con una serie de actividades que contemplaron en la ma\u00f1ana la visita del gobernador Jos\u00e9 Manuel de la Sota, quien hizo entrega de aportes y maquinarias por $ 3,7 millones.<\/p>\n<p>El mandatario cordob\u00e9s arrib\u00f3 alrededor de las 11 acompa\u00f1ado por Adriana Nazario e integrantes del Gabinete del Sur, entre ellos Juan Manuel Llamosas. Tras la realizaci\u00f3n de la misa de acci\u00f3n de gracias concelebrada por los sacerdotes Osvaldo Leone y H\u00e9ctor Pinamonti frente al palacio municipal, se inici\u00f3 la ceremonia.<\/p>\n<p>El acto se realiz\u00f3 en la explanada de la Municipalidad local y junto a la delegaci\u00f3n provincial estuvieron el intendente Guillermo Oliva y el candidato al Ejecutivo local por el PJ, Horacio Vega, adem\u00e1s de intendentes de la zona.<\/p>\n<p>\u00abEn pueblos como \u00e9ste, que ya a est\u00e1 por ser ciudad, se funda la riqueza de nuestra C\u00f3rdoba. Colaborar con el intendente no s\u00f3lo es una obligaci\u00f3n como gobernante, sino que es una responsabilidad hacia esta tierra y su gente que tanto me ha dado\u00bb, indic\u00f3 en un momento el gobernador Jos\u00e9 Manuel de la Sota, al dirigirse a los presentes.<\/p>\n<p>Los representantes de las instituciones con sus abanderados y las escuelas se sumaron a la ceremonia que dio comienzo con el Himno Nacional, con la bendici\u00f3n del padre Osvaldo Leone y la entrega del decreto declarando \u201cHu\u00e9sped de honor\u201d al titular de Ejecutivo provincial.<\/p>\n<p>A la hora de su discurso, el intendente Oliva dijo sentirse orgulloso de ser nativo de Sampacho, para luego continuar haciendo un repaso sobre los aspectos centrales de lo que es su gesti\u00f3n que transita hoy por el tramo final. Luego fue el turno del gobernador, quien se dirigi\u00f3 a los presentes destacando las bondades que tiene Sampacho al se\u00f1alar adem\u00e1s que ya hab\u00eda recibido la invitaci\u00f3n para participar el pr\u00f3ximo 20 de junio de los actos lit\u00fargicos en honor a la Virgen de la Consolata, gesto que agradeci\u00f3 pero dijo que no puede asegurar su presencia ya que se encuentra recorriendo el pa\u00eds en su campa\u00f1a como candidato a la presidencia.<\/p>\n<p><strong>Los obsequios<\/strong><\/p>\n<p>Fiel a su costumbre, toda vez que visita un pueblo en su aniversario, De la Sota entrega obsequios.<\/p>\n<p>En este caso hizo entrega al Municipio de un cami\u00f3n recolector de residuos s\u00f3lidos urbanos Volkswagen con compactador valuado en $1.190.900.<\/p>\n<p>Asimismo, dijo que los padecimientos de los vecinos de la calle Garay (que siempre se inunda cuando hay lluvias importantes), van a concluir y anunci\u00f3 la entrega de la certificaci\u00f3n correspondiente por diez mil metros cuadrados de adoquines por un monto de $ 2 millones. Tambi\u00e9n, entreg\u00f3 una niveladora de arrastre para el mantenimiento de las calles de tierra, valuada en $ 300 mil, y un autom\u00f3vil Fiat Siena equipado totalmente para la comisar\u00eda distrito Sampacho.<\/p>\n<p>Por \u00faltimo, el gobernador anunci\u00f3 un pronto plenario con intendentes miembros de la Comunidad Regional del Departamento R\u00edo Cuarto a los fines de entregarles una motoniveladora autopropulsada de gran porte y otras herramientas.<\/p>\n<p><strong>Reconocimientos<\/strong><\/p>\n<p>La Comisi\u00f3n de Cultura junto con los representantes de los medios de prensa realizaron un reconocimiento a distintas personalidades que han tenido una labor destacada a lo largo de todo el a\u00f1o anterior.<\/p>\n<p>Ellos fueron: en el rubro Logro Personal, el m\u00fasico Franco Bridarolli, quien obtuvo un primer premio por una composici\u00f3n de m\u00fasica cl\u00e1sica que fuera ejecutada por la orquesta sinf\u00f3nica de C\u00f3rdoba. Como Trayectoria Profesional, el doctor Carlos Acha, destacado m\u00e9dico que desde 1976 -en que egres\u00f3 de la Facultad de Medicina de C\u00f3rdoba- sigue brindando sus servicios m\u00e9dicos a quien lo necesita. Por su Labor en Cultura, el destacado bailar\u00edn de arte cl\u00e1sico Mart\u00edn Cipollone, radicado en C\u00f3rdoba.<\/p>\n<p>En el rubro Labor Humanista, la Comisi\u00f3n del Hostal del Abuelo, que muy pronto cumplir\u00e1 30 a\u00f1os de labor hacia la comunidad.<\/p>\n<p>Tambi\u00e9n recibieron distinciones las directoras de las escuelas que participaron del concurso impulsado por el Concejo Deliberante \u00abUn nombre para el nuevo puente\u00bb<br \/>\nPor \u00faltimo, se realiz\u00f3 un reconocimiento a los autores de un gran mural de mosaiquismo que se hizo frente al Municipio.<\/p>\n<h6>Fuente: Puntal<\/h6>\n","protected":false},"excerpt":{"rendered":"<p>El gobernador Jos\u00e9 Manuel de la Sota estuvo presente en el acto central, ocasi\u00f3n en la que hizo entrega de maquinarias y fondos para ejecuci\u00f3n de obras viales. Por la tarde se realiz\u00f3 un gran festival Esta localidad celebr\u00f3 ayer sus 140 a\u00f1os de fundaci\u00f3n, con una serie de actividades que contemplaron en la ma\u00f1ana<\/p>\n","protected":false},"author":2,"featured_media":29087,"comment_status":"closed","ping_status":"closed","sticky":false,"template":"","format":"standard","meta":{"footnotes":""},"categories":[2],"tags":[3],"class_list":["post-29086","post","type-post","status-publish","format-standard","has-post-thumbnail","hentry","category-informe-municipal","tag-cordoba"],"_links":{"self":[{"href":"http:\/\/argentinamunicipal.com.ar\/argentina\/wp-json\/wp\/v2\/posts\/29086","targetHints":{"allow":["GET"]}}],"collection":[{"href":"http:\/\/argentinamunicipal.com.ar\/argentina\/wp-json\/wp\/v2\/posts"}],"about":[{"href":"http:\/\/argentinamunicipal.com.ar\/argentina\/wp-json\/wp\/v2\/types\/post"}],"author":[{"embeddable":true,"href":"http:\/\/argentinamunicipal.com.ar\/argentina\/wp-json\/wp\/v2\/users\/2"}],"replies":[{"embeddable":true,"href":"http:\/\/argentinamunicipal.com.ar\/argentina\/wp-json\/wp\/v2\/comments?post=29086"}],"version-history":[{"count":0,"href":"http:\/\/argentinamunicipal.com.ar\/argentina\/wp-json\/wp\/v2\/posts\/29086\/revisions"}],"wp:featuredmedia":[{"embeddable":true,"href":"http:\/\/argentinamunicipal.com.ar\/argentina\/wp-json\/wp\/v2\/media\/29087"}],"wp:attachment":[{"href":"http:\/\/argentinamunicipal.com.ar\/argentina\/wp-json\/wp\/v2\/media?parent=29086"}],"wp:term":[{"taxonomy":"category","embeddable":true,"href":"http:\/\/argentinamunicipal.com.ar\/argentina\/wp-json\/wp\/v2\/categories?post=29086"},{"taxonomy":"post_tag","embeddable":true,"href":"http:\/\/argentinamunicipal.com.ar\/argentina\/wp-json\/wp\/v2\/tags?post=29086"}],"curies":[{"name":"wp","href":"https:\/\/api.w.org\/{rel}","templated":true}]}}