{"id":29121,"date":"2015-05-07T12:47:18","date_gmt":"2015-05-07T15:47:18","guid":{"rendered":"http:\/\/argentinamunicipal.com.ar\/argentina\/?p=29121"},"modified":"2015-05-07T12:47:18","modified_gmt":"2015-05-07T15:47:18","slug":"se-construyen-las-primeras-viviendas-de-madera-en-entre-rios","status":"publish","type":"post","link":"http:\/\/argentinamunicipal.com.ar\/argentina\/se-construyen-las-primeras-viviendas-de-madera-en-entre-rios\/","title":{"rendered":"Se construyen las primeras viviendas de madera en Entre R\u00edos"},"content":{"rendered":"<p><a href=\"http:\/\/argentinamunicipal.com.ar\/argentina\/wp-content\/uploads\/2015\/05\/viviendas-madera.jpg\"><img loading=\"lazy\" decoding=\"async\" class=\"aligncenter size-full wp-image-29122\" src=\"http:\/\/argentinamunicipal.com.ar\/argentina\/wp-content\/uploads\/2015\/05\/viviendas-madera.jpg\" alt=\"viviendas-madera\" width=\"600\" height=\"400\" srcset=\"http:\/\/argentinamunicipal.com.ar\/argentina\/wp-content\/uploads\/2015\/05\/viviendas-madera.jpg 600w, http:\/\/argentinamunicipal.com.ar\/argentina\/wp-content\/uploads\/2015\/05\/viviendas-madera-300x200.jpg 300w\" sizes=\"auto, (max-width: 600px) 100vw, 600px\" \/><\/a><\/p>\n<p>A trav\u00e9s de la Unidad Ejecutora de Programas Especiales (UEPE) del Ministerio de Planeamiento, Infraestructura y Servicios se lleva adelante la construcci\u00f3n de viviendas en todo el territorio entrerriano \u2022 Es as\u00ed que se dio inicio a las primeras unidades de madera en la ciudad de Chajar\u00ed, con certificado de aptitud t\u00e9cnica nacional<\/p>\n<p>En el marco de una jornada de trabajo, se visit\u00f3 las instalaciones donde se est\u00e1 llevando adelante la construcci\u00f3n de viviendas de madera.<\/p>\n<p>La recorrida cont\u00f3 con la presencia del ministro de Planeamiento, Juan Javier Garc\u00eda; la senadora provincial, Mar\u00eda Ang\u00e9lica Guerra; el presidente municipal, Jos\u00e9 Luis Panozzo; el ingeniero forestal del Instituto de Tecnolog\u00eda Agropecuaria (INTA), Mart\u00edn S\u00e1nchez Acosta, a cargo de las capacitaciones, y autoridades provinciales y locales.<\/p>\n<p>\u201cLa inversi\u00f3n en materia de viviendas en toda la provincia de Entre R\u00edos es hist\u00f3rica, jam\u00e1s se ha invertido tanto para cada uno de nuestros pueblos, y es posible porque la presidenta Cristina Fern\u00e1ndez de Kirchner, y el gobernador Urribarri, piensan en nosotros, donde la federalizaci\u00f3n de los recursos es visible en cada rinc\u00f3n entrerriano\u201d, sostuvo el ministro Garc\u00eda.<\/p>\n<p>Adem\u00e1s dijo que \u201cse est\u00e1 montando la primera vivienda de madera en la ciudad de Chajar\u00ed, con certificaci\u00f3n de aptitud t\u00e9cnica nacional, a partir de esta experiencia se pretende la r\u00e9plica en lugares m\u00e1s amplios con otras dimensiones, siendo que este tipo de actividades posibilita un aumento significativo en el valor agregado de la madera local, estimula el desarrollo regional y genera empleo, al mismo tiempo que permite la ocupaci\u00f3n de mano de obra regional capacitada en la materia\u201d.<\/p>\n<p>En tanto el ingeniero del INTA, S\u00e1nchez Acosta, se refiri\u00f3 a las caracter\u00edsticas de las viviendas y dijo que \u201ceste tipo de viviendas de madera son del tipo de tecnolog\u00eda canadiense empleando principalmente maderas regionales de eucalipto y pino, y materiales que se encuentran en el mercado local\u201d. Y agreg\u00f3 que \u201cpor otro lado, fomenta la vinculaci\u00f3n interinstitucional con el fin de optimizar recursos, generar nuevas investigaciones en tecnolog\u00eda de la madera y dar respuestas \u00e1giles a la demanda de viviendas\u201d.<\/p>\n<p>Actualmente son 12 unidades que dieron su inicio de un total de 30 a ejecutarse en todo el departamento Federaci\u00f3n y se llevan adelante a trav\u00e9s del Consorcio de Gesti\u00f3n para la Construcci\u00f3n de Viviendas.<\/p>\n<h6>Fuente: APF Digital<\/h6>\n","protected":false},"excerpt":{"rendered":"<p>A trav\u00e9s de la Unidad Ejecutora de Programas Especiales (UEPE) del Ministerio de Planeamiento, Infraestructura y Servicios se lleva adelante la construcci\u00f3n de viviendas en todo el territorio entrerriano \u2022 Es as\u00ed que se dio inicio a las primeras unidades de madera en la ciudad de Chajar\u00ed, con certificado de aptitud t\u00e9cnica nacional En el<\/p>\n","protected":false},"author":2,"featured_media":29122,"comment_status":"closed","ping_status":"closed","sticky":false,"template":"","format":"standard","meta":{"footnotes":""},"categories":[2],"tags":[17],"class_list":["post-29121","post","type-post","status-publish","format-standard","has-post-thumbnail","hentry","category-informe-municipal","tag-entre-rios"],"_links":{"self":[{"href":"http:\/\/argentinamunicipal.com.ar\/argentina\/wp-json\/wp\/v2\/posts\/29121","targetHints":{"allow":["GET"]}}],"collection":[{"href":"http:\/\/argentinamunicipal.com.ar\/argentina\/wp-json\/wp\/v2\/posts"}],"about":[{"href":"http:\/\/argentinamunicipal.com.ar\/argentina\/wp-json\/wp\/v2\/types\/post"}],"author":[{"embeddable":true,"href":"http:\/\/argentinamunicipal.com.ar\/argentina\/wp-json\/wp\/v2\/users\/2"}],"replies":[{"embeddable":true,"href":"http:\/\/argentinamunicipal.com.ar\/argentina\/wp-json\/wp\/v2\/comments?post=29121"}],"version-history":[{"count":0,"href":"http:\/\/argentinamunicipal.com.ar\/argentina\/wp-json\/wp\/v2\/posts\/29121\/revisions"}],"wp:featuredmedia":[{"embeddable":true,"href":"http:\/\/argentinamunicipal.com.ar\/argentina\/wp-json\/wp\/v2\/media\/29122"}],"wp:attachment":[{"href":"http:\/\/argentinamunicipal.com.ar\/argentina\/wp-json\/wp\/v2\/media?parent=29121"}],"wp:term":[{"taxonomy":"category","embeddable":true,"href":"http:\/\/argentinamunicipal.com.ar\/argentina\/wp-json\/wp\/v2\/categories?post=29121"},{"taxonomy":"post_tag","embeddable":true,"href":"http:\/\/argentinamunicipal.com.ar\/argentina\/wp-json\/wp\/v2\/tags?post=29121"}],"curies":[{"name":"wp","href":"https:\/\/api.w.org\/{rel}","templated":true}]}}