{"id":29124,"date":"2015-05-07T12:52:29","date_gmt":"2015-05-07T15:52:29","guid":{"rendered":"http:\/\/argentinamunicipal.com.ar\/argentina\/?p=29124"},"modified":"2015-05-07T12:52:29","modified_gmt":"2015-05-07T15:52:29","slug":"parana-se-sumo-al-debate-por-la-ley-de-economia-solidaria","status":"publish","type":"post","link":"http:\/\/argentinamunicipal.com.ar\/argentina\/parana-se-sumo-al-debate-por-la-ley-de-economia-solidaria\/","title":{"rendered":"Paran\u00e1 se sum\u00f3 al debate por la ley de econom\u00eda solidaria"},"content":{"rendered":"<div id=\"attachment_29125\" style=\"width: 650px\" class=\"wp-caption aligncenter\"><a href=\"http:\/\/argentinamunicipal.com.ar\/argentina\/wp-content\/uploads\/2015\/05\/o_1430971672.jpg\"><img loading=\"lazy\" decoding=\"async\" aria-describedby=\"caption-attachment-29125\" class=\"size-full wp-image-29125\" src=\"http:\/\/argentinamunicipal.com.ar\/argentina\/wp-content\/uploads\/2015\/05\/o_1430971672.jpg\" alt=\"Los foros organizados por el IPES tienen por objetivo actualizar la normativa vigente en materia de cooperativismo\" width=\"640\" height=\"360\" srcset=\"http:\/\/argentinamunicipal.com.ar\/argentina\/wp-content\/uploads\/2015\/05\/o_1430971672.jpg 640w, http:\/\/argentinamunicipal.com.ar\/argentina\/wp-content\/uploads\/2015\/05\/o_1430971672-300x169.jpg 300w\" sizes=\"auto, (max-width: 640px) 100vw, 640px\" \/><\/a><p id=\"caption-attachment-29125\" class=\"wp-caption-text\">Los foros organizados por el IPES tienen por objetivo actualizar la normativa vigente en materia de cooperativismo<\/p><\/div>\n<p>M\u00e1s de 2 mil representantes de la econom\u00eda solidaria participaron en los 15 espacios de debate que ya se realizaron en las ciudades de Sunchales, Neuqu\u00e9n, R\u00edo Cuarto, Tucum\u00e1n, Trelew, Bah\u00eda Blanca, Santa Fe, Azul, C\u00f3rdoba, Luj\u00e1n, Mendoza, Santiago del Estero, Mar del Plata y Santa Rosa. En cada foro se presentaron ponencias que son evaluadas por la comisi\u00f3n institucional del IPES para elaborar el proyecto a presentar en el Congreso.<\/p>\n<p>Avanza el debate a nivel nacional de parte de los actores de la econom\u00eda social para lograr una nueva legislaci\u00f3n federal que represente los intereses del sector y atienda la nueva realidad que atraviesa al pa\u00eds en las \u00faltimas d\u00e9cadas.<\/p>\n<p>De este modo, desde el Instituto de Promoci\u00f3n de la Econom\u00eda Solidaria de Argentina (IPES) se viene impulsado la realizaci\u00f3n de foros en las principales ciudades del pa\u00eds, y Paran\u00e1 no le fue en saga.<\/p>\n<p>En la capital provincial, d\u00edas atr\u00e1s, en el auditorio \u201cAmanda Mayor\u201d de la Universidad Aut\u00f3noma de Entre R\u00edos se abri\u00f3 el juego a la realidad regional para \u201cgarantizar el debate e institucionalizar la necesidad de avanzar en la regulaci\u00f3n y la promoci\u00f3n de la econom\u00eda social en el territorio entrerriano\u201d, seg\u00fan describieron los organizadores.<\/p>\n<p>El acto estuvo encabezado en Paran\u00e1 por el viceintendente Gast\u00f3n Grand; el presidente de la Federaci\u00f3n Entrerriana de Entidades Mutuales (Fedem), Adri\u00e1n Bruffal; el representante del IPES, Orlando Barqu\u00edn; el director de Cooperativas y Mutuales de la provincia, Ricardo Etchemendy; y por la Uader, la secretaria de Integraci\u00f3n y Cooperaci\u00f3n con la Comunidad y el Territorio, Mabel Homar.<\/p>\n<p>En paralelo al foro, en la sede de la Fedem se conform\u00f3 la Mesa Provincial Provisoria del IPES, que estar\u00e1 integrada por representantes del sector ap\u00edcola, de la Sociedad Italiana de Socorros Mutuos, del sector gastron\u00f3mico y de la Mutual de Viviendas de la Utedyc.<\/p>\n<p><strong>FOROS.<\/strong> De un total de 35 previstos para las pr\u00f3ximas semanas, ya se realizaron 15 foros \u2013todos organizados por el IPES- con el norte puesto en actualizar la normativa vigente en materia de cooperativismo y mutualismo y, de acuerdo a lo afirmado por los referentes nacionales, cada uno cont\u00f3 con un promedio de 140 representantes de la econom\u00eda solidaria.<\/p>\n<p>\u201cHubo una verdadera y fuerte participaci\u00f3n, un compromiso generalizado para con los foros y \u2013 especialmente- un claro reconocimiento al mecanismo de debate. Hubo planteos que van desde aspectos puntuales, pasando por modificaciones integrales hasta los que dicen que no es conveniente derogar las leyes (existentes), a pesar de introducirle los cambios necesarios\u201d, se\u00f1al\u00f3 a la agencia de noticias solidarias el secretario del IPES, Nah\u00fam Mirad.<\/p>\n<p>El primero de los foros para actualizar la normativa vigente en materia de cooperativismo y mutualismo se realiz\u00f3 en la ciudad santafesina de Sunchales el 11 de marzo pasado con m\u00e1s de 200 participantes y 23 exposiciones orales y escritas.<\/p>\n<p>En su inauguraci\u00f3n, el presidente del Instituto Nacional de Asociativismo y Econom\u00eda Social (Inaes), Patricio Griffin, apunt\u00f3 que \u201ccuando logremos la sanci\u00f3n -de la ley- se dar\u00e1 inicio a una nueva etapa de un sector con fuerte unidad y trabajo asociado\u201d. Por su parte, Mirad apunt\u00f3 que luego de los primeros foros \u201cempezaron a aparecer propuestas. En una primera etapa, el movimiento fij\u00f3 los pisos del debate, y sobre eso empezaron a aparecer propuestas m\u00e1s de fondo y para avanzar\u201d.<\/p>\n<p>Los aspectos centrales que se trataron fueron la superposici\u00f3n en los grav\u00e1menes tributarios; al sujeto en la econom\u00eda solidaria y su definici\u00f3n; y al fuero espec\u00edfico para el tratamiento de las problem\u00e1ticas del sector.<\/p>\n<p><strong>PARLAMENTO.<\/strong> El martes 28 de abril, referentes del IPES y diputados se reunieron en el marco de la Red de Parlamentarios Cooperativistas para realizar un seguimiento de los debates que se est\u00e1n dando en todo el pa\u00eds.<\/p>\n<p>En ese marco, el vicepresidente primero del instituto, Miguel Olaviaga, explic\u00f3 el car\u00e1cter plural de los foros. \u201cDeb\u00eda tener un \u00e1mbito abarcativo donde estuvieran las academias y las universidades, los especialistas y las representaciones de nuestras confederaciones y federaciones del sector tanto cooperativas como mutuales.<\/p>\n<p>Decimos que los ciudadanos tienen que reivindicar la pol\u00edtica como un instrumento de cambio de la sociedad y decimos tambi\u00e9n que los consumidores, los que tenemos la necesidad de demandar servicios, mercader\u00eda y dem\u00e1s, tenemos que reivindicar la econom\u00eda social que ahora se proyecta a un campo de reparaci\u00f3n de lo que pueden ser las inequidades que suele representar el sistema\u201d, expuso. Desde el sector aspiran a que las discusiones y el consenso concluyan en \u201cla ley que queremos y que nos rija por cincuenta a\u00f1os\u201d.<\/p>\n<h6>Fuente: El Diario, Entre R\u00edos<\/h6>\n","protected":false},"excerpt":{"rendered":"<p>M\u00e1s de 2 mil representantes de la econom\u00eda solidaria participaron en los 15 espacios de debate que ya se realizaron en las ciudades de Sunchales, Neuqu\u00e9n, R\u00edo Cuarto, Tucum\u00e1n, Trelew, Bah\u00eda Blanca, Santa Fe, Azul, C\u00f3rdoba, Luj\u00e1n, Mendoza, Santiago del Estero, Mar del Plata y Santa Rosa. En cada foro se presentaron ponencias que son<\/p>\n","protected":false},"author":2,"featured_media":29125,"comment_status":"closed","ping_status":"closed","sticky":false,"template":"","format":"standard","meta":{"footnotes":""},"categories":[2],"tags":[17],"class_list":["post-29124","post","type-post","status-publish","format-standard","has-post-thumbnail","hentry","category-informe-municipal","tag-entre-rios"],"_links":{"self":[{"href":"http:\/\/argentinamunicipal.com.ar\/argentina\/wp-json\/wp\/v2\/posts\/29124","targetHints":{"allow":["GET"]}}],"collection":[{"href":"http:\/\/argentinamunicipal.com.ar\/argentina\/wp-json\/wp\/v2\/posts"}],"about":[{"href":"http:\/\/argentinamunicipal.com.ar\/argentina\/wp-json\/wp\/v2\/types\/post"}],"author":[{"embeddable":true,"href":"http:\/\/argentinamunicipal.com.ar\/argentina\/wp-json\/wp\/v2\/users\/2"}],"replies":[{"embeddable":true,"href":"http:\/\/argentinamunicipal.com.ar\/argentina\/wp-json\/wp\/v2\/comments?post=29124"}],"version-history":[{"count":0,"href":"http:\/\/argentinamunicipal.com.ar\/argentina\/wp-json\/wp\/v2\/posts\/29124\/revisions"}],"wp:featuredmedia":[{"embeddable":true,"href":"http:\/\/argentinamunicipal.com.ar\/argentina\/wp-json\/wp\/v2\/media\/29125"}],"wp:attachment":[{"href":"http:\/\/argentinamunicipal.com.ar\/argentina\/wp-json\/wp\/v2\/media?parent=29124"}],"wp:term":[{"taxonomy":"category","embeddable":true,"href":"http:\/\/argentinamunicipal.com.ar\/argentina\/wp-json\/wp\/v2\/categories?post=29124"},{"taxonomy":"post_tag","embeddable":true,"href":"http:\/\/argentinamunicipal.com.ar\/argentina\/wp-json\/wp\/v2\/tags?post=29124"}],"curies":[{"name":"wp","href":"https:\/\/api.w.org\/{rel}","templated":true}]}}