{"id":29140,"date":"2015-05-07T13:09:59","date_gmt":"2015-05-07T16:09:59","guid":{"rendered":"http:\/\/argentinamunicipal.com.ar\/argentina\/?p=29140"},"modified":"2015-05-07T13:09:59","modified_gmt":"2015-05-07T16:09:59","slug":"kicillof-necesitamos-que-los-empresarios-discutan-con-responsabilidad-las-paritarias-y-que-no-trasladen-a-los-precios-las-mejoras-salariales","status":"publish","type":"post","link":"http:\/\/argentinamunicipal.com.ar\/argentina\/kicillof-necesitamos-que-los-empresarios-discutan-con-responsabilidad-las-paritarias-y-que-no-trasladen-a-los-precios-las-mejoras-salariales\/","title":{"rendered":"Kicillof: \u00abNecesitamos que los empresarios discutan con responsabilidad\u00bb las paritarias y que no trasladen a los precios las mejoras salariales"},"content":{"rendered":"<p>El ministro de Econom\u00eda, Axel Kicillof, pidi\u00f3 \u00abresponsabilidad\u00bb al sector empresario en las discusiones paritarias, al tiempo que enfatiz\u00f3 que existen sectores que ganaron \u00abmuch\u00edsima plata\u00bb durante la \u00faltima d\u00e9cada y que deber\u00edan \u00abcompartir con los trabajadores\u00bb esa renta.<\/p>\n<p>Kicillof critic\u00f3 adem\u00e1s la pol\u00edtica de trasladar los aumentos de sueldo a los precios de bienes y servicios, que termina repercutiendo sobre todos los consumidores.<\/p>\n<p>En un acto desarrollado en el Mercado Central que comparti\u00f3 con el ministro del Interior, Florencio Randazzo, el secretario de Comercio, Augusto Costa, y el intendente de la Matanza, Fernando Espinoza, Kicillof remarc\u00f3 que las paritarias son \u00ababsolutamente libres\u00bb y que en el gobierno \u00abno tenemos instrumentos para ponerle techo a las paritarias\u00bb.<\/p>\n<p>Sobre la llegada del primer tren desde Mendoza con carga al Mercado Central, el funcionario dijo que es el \u00abprimer paso\u00bb de un \u00abcamino que requer\u00eda much\u00edsimo trabajo y much\u00edsima inversi\u00f3n\u00bb y que se logr\u00f3 por el trabajo \u00abmancomunado de los ministerios con la Presidenta\u00bb Cristina Fern\u00e1ndez de Kirchner.<\/p>\n<p>\u00abEs la muestra de que se pueden lograr estos sue\u00f1os\u00bb, enfatiz\u00f3 para agregar que \u00abtenemos un cr\u00e9dito para poner a nuevo al Belgrano Cargas y esto es un modelo productivo para la Argentina\u00bb.<\/p>\n<p>Consultado sobre la medida de fuerza de los trabajadores del sector bancario, Kicillof se\u00f1al\u00f3 que \u00ablos trabajadores est\u00e1n discutiendo las paritarias\u00bb, las cuales tambi\u00e9n fueron impulsadas por la gesti\u00f3n presidencial de N\u00e9stor Kirchner y que son \u00abun modelo vivo\u00bb.<\/p>\n<p>Para el ministro hay \u00absectores que han ganado much\u00edsima plata y a mi me parece que deber\u00edan compartir con los trabajadores\u00bb.<\/p>\n<p>Esta discusi\u00f3n, agreg\u00f3 el ministro ocurre \u00abcuando tenemos 6,9% de desocupaci\u00f3n\u00bb por lo cual los trabajadores \u00abtienen la posibilidad de discutir con libertad y sin la presi\u00f3n de una desocupaci\u00f3n del 25%\u00bb como la registrada a principios del 2000.<\/p>\n<p>En ese marco, Kicillof cuestion\u00f3 a \u00abalgunos empresarios que dicen: yo doy el aumento porque despu\u00e9s lo traslado a precio\u00bb y luego responsabilizan por esto a los trabajadores.<\/p>\n<p>\u00abDespu\u00e9s va a resultar que la culpa de los precios es de los trabajadores\u00bb, dijo el ministro.<\/p>\n<p>Agreg\u00f3 que los empresario que plantean esta situaci\u00f3n \u00abquieren pagar pero no de la suya sino del aumento de precios al consumidor que nos perjudica a todos\u00bb.<\/p>\n<p>En ese contexto, Kicillof subray\u00f3 que \u00abnecesitamos que los empresarios discutan con responsabilidad\u00bb.<\/p>\n<p>Tambi\u00e9n ratific\u00f3 que en el \u00faltimo tiempo \u00abhubo una desaceleraci\u00f3n de los precios\u00bb y que incluso algunos medios de prensa que no coinciden con el Gobierno, como Clar\u00edn, reconocen que la inflaci\u00f3n mensual est\u00e1 en el orden del 2%.<\/p>\n<p>\u00abYo multiplico por doce y me da 24%\u00bb, dijo para agregar que \u00abes l\u00f3gico que si se desaceleran los precios los aumentos salariales sigan esa trayectoria\u00bb, pero insisti\u00f3 en que \u00abcada sector tiene sus particularidades\u00bb y que desde su posici\u00f3n \u00ablo que veo es la macroeconom\u00eda\u00bb.<\/p>\n<p>\u00abEl gobierno tiene el papel de tratar que la econom\u00eda siga funcionado\u00bb, remarc\u00f3.<\/p>\n<p>Respecto del tren que lleg\u00f3 hoy al Mercado Central, destac\u00f3 que el env\u00edo de productos desde Mendoza tiene ahora un ahorro de 72% en el costo de log\u00edstica respecto de los art\u00edculos trasladados en cami\u00f3n.<\/p>\n<p>Kicillof consider\u00f3 un \u00abdelito econ\u00f3mico haber destruido el tren de carga\u00bb durante la d\u00e9cada del 90, porque esta modalidad de transporte \u00abmejora la competitividad de la producci\u00f3n regional, las integra con la capital federal y estamos juntando esto con la red Comprar\u00bb.<\/p>\n<p>Al respecto, el secretario Costa subray\u00f3 el rol del \u00abcentro de log\u00edstica y distribuci\u00f3n\u00bb que opera en el Mercado Central y que abastece a todos los negocios adheridos al programa Comprar que permite a los almacenes y pymes tener precios competitivos frente a los hipermercados.<\/p>\n<h6>Fuente: T\u00e9lam<\/h6>\n","protected":false},"excerpt":{"rendered":"<p>El ministro de Econom\u00eda, Axel Kicillof, pidi\u00f3 \u00abresponsabilidad\u00bb al sector empresario en las discusiones paritarias, al tiempo que enfatiz\u00f3 que existen sectores que ganaron \u00abmuch\u00edsima plata\u00bb durante la \u00faltima d\u00e9cada y que deber\u00edan \u00abcompartir con los trabajadores\u00bb esa renta. Kicillof critic\u00f3 adem\u00e1s la pol\u00edtica de trasladar los aumentos de sueldo a los precios de bienes<\/p>\n","protected":false},"author":2,"featured_media":0,"comment_status":"closed","ping_status":"closed","sticky":false,"template":"","format":"standard","meta":{"footnotes":""},"categories":[8],"tags":[21],"class_list":["post-29140","post","type-post","status-publish","format-standard","hentry","category-informe-nacional","tag-argentina"],"_links":{"self":[{"href":"http:\/\/argentinamunicipal.com.ar\/argentina\/wp-json\/wp\/v2\/posts\/29140","targetHints":{"allow":["GET"]}}],"collection":[{"href":"http:\/\/argentinamunicipal.com.ar\/argentina\/wp-json\/wp\/v2\/posts"}],"about":[{"href":"http:\/\/argentinamunicipal.com.ar\/argentina\/wp-json\/wp\/v2\/types\/post"}],"author":[{"embeddable":true,"href":"http:\/\/argentinamunicipal.com.ar\/argentina\/wp-json\/wp\/v2\/users\/2"}],"replies":[{"embeddable":true,"href":"http:\/\/argentinamunicipal.com.ar\/argentina\/wp-json\/wp\/v2\/comments?post=29140"}],"version-history":[{"count":0,"href":"http:\/\/argentinamunicipal.com.ar\/argentina\/wp-json\/wp\/v2\/posts\/29140\/revisions"}],"wp:attachment":[{"href":"http:\/\/argentinamunicipal.com.ar\/argentina\/wp-json\/wp\/v2\/media?parent=29140"}],"wp:term":[{"taxonomy":"category","embeddable":true,"href":"http:\/\/argentinamunicipal.com.ar\/argentina\/wp-json\/wp\/v2\/categories?post=29140"},{"taxonomy":"post_tag","embeddable":true,"href":"http:\/\/argentinamunicipal.com.ar\/argentina\/wp-json\/wp\/v2\/tags?post=29140"}],"curies":[{"name":"wp","href":"https:\/\/api.w.org\/{rel}","templated":true}]}}