{"id":29157,"date":"2015-05-08T08:37:29","date_gmt":"2015-05-08T11:37:29","guid":{"rendered":"http:\/\/argentinamunicipal.com.ar\/argentina\/?p=29157"},"modified":"2015-05-08T08:37:29","modified_gmt":"2015-05-08T11:37:29","slug":"rio-cuarto-el-parque-industrial-del-cecis-se-multiplica-por-10-tendra-100-hectareas","status":"publish","type":"post","link":"http:\/\/argentinamunicipal.com.ar\/argentina\/rio-cuarto-el-parque-industrial-del-cecis-se-multiplica-por-10-tendra-100-hectareas\/","title":{"rendered":"R\u00edo Cuarto: El Parque Industrial del Cecis se multiplica por 10: tendr\u00e1 100 hect\u00e1reas"},"content":{"rendered":"<p><a href=\"http:\/\/argentinamunicipal.com.ar\/argentina\/wp-content\/uploads\/2015\/05\/2g10-01.jpg\"><img loading=\"lazy\" decoding=\"async\" class=\"alignleft size-full wp-image-29158\" src=\"http:\/\/argentinamunicipal.com.ar\/argentina\/wp-content\/uploads\/2015\/05\/2g10-01.jpg\" alt=\"2g10-01\" width=\"479\" height=\"351\" srcset=\"http:\/\/argentinamunicipal.com.ar\/argentina\/wp-content\/uploads\/2015\/05\/2g10-01.jpg 479w, http:\/\/argentinamunicipal.com.ar\/argentina\/wp-content\/uploads\/2015\/05\/2g10-01-300x220.jpg 300w\" sizes=\"auto, (max-width: 479px) 100vw, 479px\" \/><\/a>La entidad gremial se asoci\u00f3 con la empresa Bio4. Hoy cuenta con 14 hect\u00e1reas. El proyecto ser\u00e1 aprobado por el Concejo la semana que viene. La propuesta fue presentada al intendente Jure<\/p>\n<p>Una alianza estrat\u00e9gica entre el Centro Empresario, Comercial, Industrial y de Servicios (Cecis) y la empresa Bio4 permitir\u00e1 incrementar de 14 a 100 hect\u00e1reas el Parque Industrial Dos, por lo que con la participaci\u00f3n del Municipio se crear\u00e1 en el sur de la ciudad un polo fabril, que permitir\u00e1 el desarrollo productivo de la ciudad.<\/p>\n<p>El presidente del Cecis, Armando Becerra, el vicepresidente del sector Industria, Pablo Vasquetto, el secretario Sergio Saleme y el gerente de Bio4, Manuel Ron, presentaron el proyecto al intendente Juan Jure y al secretario de Desarrollo Econ\u00f3mico, Marcelo Terzo.<\/p>\n<p>Paralelamente, la comisi\u00f3n de Planificaci\u00f3n y Desarrollo Sustentable del Concejo Deliberante aprob\u00f3 el proyecto para que se declare al sector como parque industrial, que ser\u00e1 tratado en la sesi\u00f3n de la pr\u00f3xima semana, confirm\u00f3 el concejal de Encuentro Ciudadano, Eduardo Scoppa.<\/p>\n<p>A las 14 hect\u00e1reas que en 2007 fueron adquiridas por el Cecis a partir de un aporte realizado por el gobernador Jos\u00e9 Manuel de la Sota, se sumar\u00e1n 24 hect\u00e1reas donde se encuentra el predio de Bio4, m\u00e1s otras 60 adquiridas recientemente por la firma dedicada a la generaci\u00f3n de biodiesel y otras dos de un socio de la empresa.<\/p>\n<p>Terzo consider\u00f3 que a partir del acuerdo entre privados se suma la tarea que realizar\u00e1 el Municipio en el marco de un plan estrat\u00e9gico de desarrollo industrial, que traer\u00e1 aparejado m\u00e1s f\u00e1bricas y la generaci\u00f3n de nuevos puestos de trabajo.<\/p>\n<p>Agreg\u00f3 que se conforma \u201cun gran polo industrial, que se puede considerar como un hito en la historia industiral de R\u00edo Cuarto, que a futuro ser\u00e1 un cambio trascendental en la desarrollo econ\u00f3mico de la ciudad\u201d.<\/p>\n<p>A partir de la sanci\u00f3n del Concejo como parque industrial, se deben cumplir una serie de requisitos para que el predio tenga la aprobaci\u00f3n de la Provincia y de la Naci\u00f3n, con el fin que a las empresas que se radiquen en el lugar cuenten con los beneficios impositivos.<\/p>\n<p>El sector cuenta con la mayor\u00eda de los servicios como energ\u00eda el\u00e9ctrica, gas natural y se avanza la \u00faltima etapa de la obra de agua potable.<\/p>\n<p>El trabajo conjunto entre el sector privado y p\u00fablico contempla la conformaci\u00f3n de una unidad gerenciadora o consorcio de administraci\u00f3n para verficar el cumplimento de las disposiciones.<\/p>\n<p>Scoppa dijo que es una soluci\u00f3n a la falta de tierras para el sector industrial en la ciudad, para permtir la radicaci\u00f3n de nuevas empresas y el traslado de otras ubicadas en la ciudad que no tienen capacidad de expansi\u00f3n o deben reubicarse.<\/p>\n<h6>Fuente: Puntal<\/h6>\n","protected":false},"excerpt":{"rendered":"<p>La entidad gremial se asoci\u00f3 con la empresa Bio4. Hoy cuenta con 14 hect\u00e1reas. El proyecto ser\u00e1 aprobado por el Concejo la semana que viene. La propuesta fue presentada al intendente Jure Una alianza estrat\u00e9gica entre el Centro Empresario, Comercial, Industrial y de Servicios (Cecis) y la empresa Bio4 permitir\u00e1 incrementar de 14 a 100<\/p>\n","protected":false},"author":2,"featured_media":29158,"comment_status":"closed","ping_status":"closed","sticky":false,"template":"","format":"standard","meta":{"footnotes":""},"categories":[2],"tags":[3],"class_list":["post-29157","post","type-post","status-publish","format-standard","has-post-thumbnail","hentry","category-informe-municipal","tag-cordoba"],"_links":{"self":[{"href":"http:\/\/argentinamunicipal.com.ar\/argentina\/wp-json\/wp\/v2\/posts\/29157","targetHints":{"allow":["GET"]}}],"collection":[{"href":"http:\/\/argentinamunicipal.com.ar\/argentina\/wp-json\/wp\/v2\/posts"}],"about":[{"href":"http:\/\/argentinamunicipal.com.ar\/argentina\/wp-json\/wp\/v2\/types\/post"}],"author":[{"embeddable":true,"href":"http:\/\/argentinamunicipal.com.ar\/argentina\/wp-json\/wp\/v2\/users\/2"}],"replies":[{"embeddable":true,"href":"http:\/\/argentinamunicipal.com.ar\/argentina\/wp-json\/wp\/v2\/comments?post=29157"}],"version-history":[{"count":0,"href":"http:\/\/argentinamunicipal.com.ar\/argentina\/wp-json\/wp\/v2\/posts\/29157\/revisions"}],"wp:featuredmedia":[{"embeddable":true,"href":"http:\/\/argentinamunicipal.com.ar\/argentina\/wp-json\/wp\/v2\/media\/29158"}],"wp:attachment":[{"href":"http:\/\/argentinamunicipal.com.ar\/argentina\/wp-json\/wp\/v2\/media?parent=29157"}],"wp:term":[{"taxonomy":"category","embeddable":true,"href":"http:\/\/argentinamunicipal.com.ar\/argentina\/wp-json\/wp\/v2\/categories?post=29157"},{"taxonomy":"post_tag","embeddable":true,"href":"http:\/\/argentinamunicipal.com.ar\/argentina\/wp-json\/wp\/v2\/tags?post=29157"}],"curies":[{"name":"wp","href":"https:\/\/api.w.org\/{rel}","templated":true}]}}