{"id":29190,"date":"2015-05-08T09:10:22","date_gmt":"2015-05-08T12:10:22","guid":{"rendered":"http:\/\/argentinamunicipal.com.ar\/argentina\/?p=29190"},"modified":"2015-05-08T09:10:22","modified_gmt":"2015-05-08T12:10:22","slug":"nacion-aportara-190-millones-en-infraestructura-para-catamarca","status":"publish","type":"post","link":"http:\/\/argentinamunicipal.com.ar\/argentina\/nacion-aportara-190-millones-en-infraestructura-para-catamarca\/","title":{"rendered":"Naci\u00f3n aportar\u00e1 $190 millones en infraestructura para Catamarca"},"content":{"rendered":"<p><a href=\"http:\/\/argentinamunicipal.com.ar\/argentina\/wp-content\/uploads\/2015\/05\/f620x0-36496_36514_30.jpg\"><img loading=\"lazy\" decoding=\"async\" class=\"aligncenter size-full wp-image-29191\" src=\"http:\/\/argentinamunicipal.com.ar\/argentina\/wp-content\/uploads\/2015\/05\/f620x0-36496_36514_30.jpg\" alt=\"f620x0-36496_36514_30\" width=\"620\" height=\"461\" srcset=\"http:\/\/argentinamunicipal.com.ar\/argentina\/wp-content\/uploads\/2015\/05\/f620x0-36496_36514_30.jpg 620w, http:\/\/argentinamunicipal.com.ar\/argentina\/wp-content\/uploads\/2015\/05\/f620x0-36496_36514_30-300x223.jpg 300w\" sizes=\"auto, (max-width: 620px) 100vw, 620px\" \/><\/a><br \/>\nGestionados ante la Subsecretar\u00eda de Desarrollo Urbano de la Naci\u00f3n, ir\u00e1n a obras en el toda la provincia.<\/p>\n<p>Por gesti\u00f3n de la gobernadora Luc\u00eda Corpacci ante la Subsecretar\u00eda de Desarrollo Urbano y Vivienda de la Naci\u00f3n, Catamarca recibir\u00e1 una inversi\u00f3n de $190 millones para diferentes obras de infraestructura, que ir\u00e1n en gran parte al proyecto de Urbanizaci\u00f3n de la Ribera del Valle, en la zona sur de la Capital.<\/p>\n<p>Seg\u00fan inform\u00f3 el secretario de la Vivienda, Octavio Guti\u00e9rrez, se aprobaron las carpetas t\u00e9cnicas de importantes proyectos y la Provincia ya se asegur\u00f3 ese financiamiento. Seg\u00fan se especific\u00f3, llegar\u00e1n \u00ab$84.772.158 para la obra de colectora cloacal y red distribuidora de agua potable, y otro aporte de $48.324.675 para la red frentista de agua y cloaca, pavimento asf\u00e1ltico con cord\u00f3n cuneta y obras complementarias\u00bb de la Ribera del Valle, con la que se beneficiar\u00e1n vecinos de los barrios Montecristo, Villa Eumelia, Virgen Ni\u00f1a y Virgen del Valle, en el sur de la Capital. Estos fondos llegar\u00e1n gracias al Programa Federal de Urbanizaci\u00f3n de Villas y Asentamientos Precarios.<br \/>\nPor otra parte, a trav\u00e9s del Programa Federal de Mejoramiento de Viviendas, se recibir\u00e1n $58.701.881 para el mejoramiento de 500 viviendas en diversas localidades de la provincia.<\/p>\n<p>\u00abCumplimos con el pedido de la Gobernadora, que inici\u00f3 las gestiones y nos encomend\u00f3 presentar todos los proyectos para conseguir recursos muy importantes\u00bb, coment\u00f3 Guti\u00e9rrez. Por su parte, Corpacci agradeci\u00f3 la participaci\u00f3n del Gobierno Nacional, \u00abque una vez m\u00e1s brinda un apoyo esencial para que las obras que so\u00f1amos para nuestro pueblo\u00bb.<\/p>\n<p><strong>Valle Chico: piden informe<\/strong><\/p>\n<p>El Concejo Deliberante de la Capital aprob\u00f3 un pedido de informes por un convenio celebrado entre la Municipalidad y el Instituto Provincial de la Vivienda (IPV). La solicitud es para que el municipio remita el instrumento legal mediante el cual se le cedi\u00f3 en forma gratuita una parcela de terreno en el complejo habitacional Valle Chico (conocido como Ciudad Sat\u00e9lite), que luego fue vendida a una empresa privada. La autora del proyecto, Liliana Barrionuevo, enumer\u00f3 una serie de informes que cuestionan la legalidad de lo actuado y menciona el riesgo de inundabilidad de los terrenos que se ubican entre La Quebrada y el margen del r\u00edo Ongol\u00ed.<br \/>\nPor otra parte, mediante ordenanza, el CD insisti\u00f3 con que en el plazo de diez d\u00edas el Ejecutivo responda un pedido de informes respecto del Banco Municipal de Tierras, que se present\u00f3 en agosto del a\u00f1o pasado y no fue respondido.<\/p>\n<h6>Fuente: El Ancasti<\/h6>\n","protected":false},"excerpt":{"rendered":"<p>Gestionados ante la Subsecretar\u00eda de Desarrollo Urbano de la Naci\u00f3n, ir\u00e1n a obras en el toda la provincia. Por gesti\u00f3n de la gobernadora Luc\u00eda Corpacci ante la Subsecretar\u00eda de Desarrollo Urbano y Vivienda de la Naci\u00f3n, Catamarca recibir\u00e1 una inversi\u00f3n de $190 millones para diferentes obras de infraestructura, que ir\u00e1n en gran parte al proyecto<\/p>\n","protected":false},"author":2,"featured_media":29191,"comment_status":"closed","ping_status":"closed","sticky":false,"template":"","format":"standard","meta":{"footnotes":""},"categories":[2],"tags":[16],"class_list":["post-29190","post","type-post","status-publish","format-standard","has-post-thumbnail","hentry","category-informe-municipal","tag-catamarca"],"_links":{"self":[{"href":"http:\/\/argentinamunicipal.com.ar\/argentina\/wp-json\/wp\/v2\/posts\/29190","targetHints":{"allow":["GET"]}}],"collection":[{"href":"http:\/\/argentinamunicipal.com.ar\/argentina\/wp-json\/wp\/v2\/posts"}],"about":[{"href":"http:\/\/argentinamunicipal.com.ar\/argentina\/wp-json\/wp\/v2\/types\/post"}],"author":[{"embeddable":true,"href":"http:\/\/argentinamunicipal.com.ar\/argentina\/wp-json\/wp\/v2\/users\/2"}],"replies":[{"embeddable":true,"href":"http:\/\/argentinamunicipal.com.ar\/argentina\/wp-json\/wp\/v2\/comments?post=29190"}],"version-history":[{"count":0,"href":"http:\/\/argentinamunicipal.com.ar\/argentina\/wp-json\/wp\/v2\/posts\/29190\/revisions"}],"wp:featuredmedia":[{"embeddable":true,"href":"http:\/\/argentinamunicipal.com.ar\/argentina\/wp-json\/wp\/v2\/media\/29191"}],"wp:attachment":[{"href":"http:\/\/argentinamunicipal.com.ar\/argentina\/wp-json\/wp\/v2\/media?parent=29190"}],"wp:term":[{"taxonomy":"category","embeddable":true,"href":"http:\/\/argentinamunicipal.com.ar\/argentina\/wp-json\/wp\/v2\/categories?post=29190"},{"taxonomy":"post_tag","embeddable":true,"href":"http:\/\/argentinamunicipal.com.ar\/argentina\/wp-json\/wp\/v2\/tags?post=29190"}],"curies":[{"name":"wp","href":"https:\/\/api.w.org\/{rel}","templated":true}]}}