{"id":29193,"date":"2015-05-08T09:14:41","date_gmt":"2015-05-08T12:14:41","guid":{"rendered":"http:\/\/argentinamunicipal.com.ar\/argentina\/?p=29193"},"modified":"2015-05-08T09:14:41","modified_gmt":"2015-05-08T12:14:41","slug":"millonaria-inversion-para-mejorar-el-sistema-de-riego-en-belen-y-poman","status":"publish","type":"post","link":"http:\/\/argentinamunicipal.com.ar\/argentina\/millonaria-inversion-para-mejorar-el-sistema-de-riego-en-belen-y-poman\/","title":{"rendered":"Millonaria inversi\u00f3n para mejorar el sistema de riego en Bel\u00e9n y Pom\u00e1n"},"content":{"rendered":"<p><a href=\"http:\/\/argentinamunicipal.com.ar\/argentina\/wp-content\/uploads\/2015\/05\/Riego.jpg\"><img loading=\"lazy\" decoding=\"async\" class=\"aligncenter size-full wp-image-29194\" src=\"http:\/\/argentinamunicipal.com.ar\/argentina\/wp-content\/uploads\/2015\/05\/Riego.jpg\" alt=\"Riego\" width=\"640\" height=\"384\" srcset=\"http:\/\/argentinamunicipal.com.ar\/argentina\/wp-content\/uploads\/2015\/05\/Riego.jpg 640w, http:\/\/argentinamunicipal.com.ar\/argentina\/wp-content\/uploads\/2015\/05\/Riego-300x180.jpg 300w\" sizes=\"auto, (max-width: 640px) 100vw, 640px\" \/><\/a><br \/>\nSe invertir\u00e1n 200 millones de pesos para beneficio de m\u00e1s de mil productores del interior. Adem\u00e1s, se firm\u00f3 un convenio con Loma Negra, mediante el cual la empresa aportar\u00e1 m\u00e1s de 5.000 toneladas de cemento para obras, entre ellas la reparaci\u00f3n de la ruta 157.<\/p>\n<p>La Gobernadora Luc\u00eda Corpacci particip\u00f3 esta tarde de la firma de un convenio que permitir\u00e1 llevar adelante una obra esencial para los sistemas de riego de m\u00e1s de mil productores del interior.<\/p>\n<p>El acuerdo, rubricado entre el ministro de Obras P\u00fablicas, Rub\u00e9n Dusso; el ministro de Producci\u00f3n, Ra\u00fal Chico, y el representante de la empresa CEOSA, Jos\u00e9 Bevacua, es el primer paso para la ejecuci\u00f3n de una obra que contempla la ejecuci\u00f3n de 11 redes presurizadas en 9 localidades de Bel\u00e9n y Pom\u00e1n.<\/p>\n<p>La Estancia, Condor Huasi, Las Barrancas, Las Juntas, Pozo de Piedra-Rosario de Colana, El Pajonal, Sij\u00e1n y Mutqu\u00edn, ser\u00e1n los lugares donde se desarrollar\u00e1 el trabajo, para beneficio de 1.064 productores en un \u00e1rea de 1.850 hect\u00e1reas.<\/p>\n<p>El nuevo sistema de redes presurizadas permitir\u00e1 realizar un riego m\u00e1s eficiente, con lo que se podr\u00e1 ampliar el horizonte productivo, aumentando el rendimiento por hect\u00e1rea y las superficies plantadas con nogal.<\/p>\n<p>El nuevo sistema garantizar\u00e1 el abastecimiento de agua para los productores, al tiempo que disminuir\u00e1 las actuales p\u00e9rdidas de agua.<\/p>\n<p>La obra civil tiene un plazo de ejecuci\u00f3n de 18 meses por cada lote correspondiente a cada departamento, al tiempo que se iniciar\u00e1 una tarea de capacitaci\u00f3n que se extender\u00e1 durante 24 meses, para que todos los productores sepan c\u00f3mo aprovechar al m\u00e1ximo la nueva red.<\/p>\n<p>Las obras se realizar\u00e1n con un elevado control del impacto ambiental.<\/p>\n<p>El ministro Ra\u00fal Chico estim\u00f3 que la obra demandar\u00e1 una inversi\u00f3n de 200 millones de pesos, en un aporte sin precedentes para la mejora de las condiciones de riego de los peque\u00f1os productores.<\/p>\n<p>Acompa\u00f1aron la firma de convenio autoridades provinciales, intendentes y un gran n\u00famero de productores del interior, muchos de los cuales ofrecieron obsequios a la mandataria en gesto de agradecimiento por la pol\u00edtica de fortalecimiento que implement\u00f3 para el sector que representan.<\/p>\n<p><strong>Convenio con Loma Negra<\/strong><\/p>\n<p>Previamente, en el Sal\u00f3n de Acuerdos Fray Mamerto Esqui\u00fa, Luc\u00eda firm\u00f3 un convenio de cooperaci\u00f3n que involucra al Ministerio de Obras P\u00fablicas y la empresa Loma Negra, mediante la cual la f\u00e1brica cementera comprometi\u00f3 el aporte de 5.760 toneladas de cemento.<\/p>\n<p>El acuerdo, firmado por el ministro Rub\u00e9n Dusso por parte del ministerio y por Dardo Damiano y Osvaldo Schultz por parte de la empresa, contempla entre otras cosas la reparaci\u00f3n de la ruta 157, que conduce a la f\u00e1brica, pero que a la vez implica un servicio para toda la comunidad que utiliza esa v\u00eda.<\/p>\n<p>La Provincia dispondr\u00e1 adem\u00e1s el destino del resto del material, entre las m\u00faltiples obras que debe realizar, en particular para reparar los da\u00f1os sufridos en los \u00faltimos meses por fen\u00f3menos naturales.<br \/>\nLa Gobernadora destac\u00f3 este hecho como una expresi\u00f3n m\u00e1s del cambio que se produjo en la relaci\u00f3n entre las empresas y la comunidad, y consider\u00f3 que \u201cestamos cosechando lo que sembramos\u201d.<\/p>\n<p>\u201cNo sirve que una empresa crezca mucho si la comunidad de la que forma parte no crece\u201d, observ\u00f3 la jefa de Estado, para insistir en que \u201cayudarnos todos es el modelo a seguir\u201d.<\/p>\n<p><strong>Nuevos funcionarios<\/strong><\/p>\n<p>La Gobernadora Luc\u00eda Corpacci puso en funciones\u00a0 al nuevo subsecretario de Infraestructura P\u00fablica, Carlos L\u00f3pez, quien trabajar\u00e1 bajo la \u00f3rbita del Ministerio de Obras P\u00fablicas.<\/p>\n<p>Asumi\u00f3 tambi\u00e9n Marcelo\u00a0 Daniel Costa como nuevo subsecretario de Coordinaci\u00f3n Administrativa del Ministerio de Educaci\u00f3n.<\/p>\n<p>Tambi\u00e9n entr\u00f3 en funciones como flamante director de Vialidad Provincial, Hugo Solano Naranjo.<\/p>\n<h6>Fuente: La Uni\u00f3n Digital<\/h6>\n","protected":false},"excerpt":{"rendered":"<p>Se invertir\u00e1n 200 millones de pesos para beneficio de m\u00e1s de mil productores del interior. Adem\u00e1s, se firm\u00f3 un convenio con Loma Negra, mediante el cual la empresa aportar\u00e1 m\u00e1s de 5.000 toneladas de cemento para obras, entre ellas la reparaci\u00f3n de la ruta 157. La Gobernadora Luc\u00eda Corpacci particip\u00f3 esta tarde de la firma<\/p>\n","protected":false},"author":2,"featured_media":29194,"comment_status":"closed","ping_status":"closed","sticky":false,"template":"","format":"standard","meta":{"footnotes":""},"categories":[2],"tags":[16],"class_list":["post-29193","post","type-post","status-publish","format-standard","has-post-thumbnail","hentry","category-informe-municipal","tag-catamarca"],"_links":{"self":[{"href":"http:\/\/argentinamunicipal.com.ar\/argentina\/wp-json\/wp\/v2\/posts\/29193","targetHints":{"allow":["GET"]}}],"collection":[{"href":"http:\/\/argentinamunicipal.com.ar\/argentina\/wp-json\/wp\/v2\/posts"}],"about":[{"href":"http:\/\/argentinamunicipal.com.ar\/argentina\/wp-json\/wp\/v2\/types\/post"}],"author":[{"embeddable":true,"href":"http:\/\/argentinamunicipal.com.ar\/argentina\/wp-json\/wp\/v2\/users\/2"}],"replies":[{"embeddable":true,"href":"http:\/\/argentinamunicipal.com.ar\/argentina\/wp-json\/wp\/v2\/comments?post=29193"}],"version-history":[{"count":0,"href":"http:\/\/argentinamunicipal.com.ar\/argentina\/wp-json\/wp\/v2\/posts\/29193\/revisions"}],"wp:featuredmedia":[{"embeddable":true,"href":"http:\/\/argentinamunicipal.com.ar\/argentina\/wp-json\/wp\/v2\/media\/29194"}],"wp:attachment":[{"href":"http:\/\/argentinamunicipal.com.ar\/argentina\/wp-json\/wp\/v2\/media?parent=29193"}],"wp:term":[{"taxonomy":"category","embeddable":true,"href":"http:\/\/argentinamunicipal.com.ar\/argentina\/wp-json\/wp\/v2\/categories?post=29193"},{"taxonomy":"post_tag","embeddable":true,"href":"http:\/\/argentinamunicipal.com.ar\/argentina\/wp-json\/wp\/v2\/tags?post=29193"}],"curies":[{"name":"wp","href":"https:\/\/api.w.org\/{rel}","templated":true}]}}