{"id":29279,"date":"2015-05-09T13:43:34","date_gmt":"2015-05-09T16:43:34","guid":{"rendered":"http:\/\/argentinamunicipal.com.ar\/argentina\/?p=29279"},"modified":"2015-05-09T13:43:34","modified_gmt":"2015-05-09T16:43:34","slug":"avanza-el-anteproyecto-de-la-ley-federal-de-las-culturas","status":"publish","type":"post","link":"http:\/\/argentinamunicipal.com.ar\/argentina\/avanza-el-anteproyecto-de-la-ley-federal-de-las-culturas\/","title":{"rendered":"Avanza el anteproyecto de la Ley Federal de las Culturas"},"content":{"rendered":"<p><a href=\"http:\/\/argentinamunicipal.com.ar\/argentina\/wp-content\/uploads\/2015\/05\/o_1431142112.jpg\"><img loading=\"lazy\" decoding=\"async\" class=\"aligncenter size-full wp-image-29280\" src=\"http:\/\/argentinamunicipal.com.ar\/argentina\/wp-content\/uploads\/2015\/05\/o_1431142112.jpg\" alt=\"o_1431142112\" width=\"640\" height=\"360\" srcset=\"http:\/\/argentinamunicipal.com.ar\/argentina\/wp-content\/uploads\/2015\/05\/o_1431142112.jpg 640w, http:\/\/argentinamunicipal.com.ar\/argentina\/wp-content\/uploads\/2015\/05\/o_1431142112-300x169.jpg 300w\" sizes=\"auto, (max-width: 640px) 100vw, 640px\" \/><\/a><br \/>\nLas conclusiones de los foros de debate realizados en todo el pa\u00eds para la elaboraci\u00f3n participativa de la Ley Federal de las Culturas, que prev\u00e9 un marco legal para el sector, fueron entregadas a las autoridades del Ministerio de Cultura de la Naci\u00f3n, para condensarlo en un anteproyecto.<\/p>\n<p>El documento, con los aportes de los 46 foros que se realizaron desde diciembre de 2014 a lo largo y ancho de la Argentina, con la participaci\u00f3n lde unas 12 mil personas, m\u00e1s de 2 mil expositores, 2 mil organizaciones, 34 pueblos originarios y 23 universidades p\u00fablicas, entre otros fue entregado a la ministra de Cultura, Teresa Parodi, durante una ceremonia realizada en la Biblioteca Nacional.<\/p>\n<p>Estas primeras conclusiones no son m\u00e1s que un eslab\u00f3n en la cadena hacia la ley, en la que el frente comenz\u00f3 con la iniciativa y elabor\u00f3 21 puntos pilares, m\u00e1s tarde el Ministerio apoy\u00f3 la propuesta y lanz\u00f3 una plataforma de participaci\u00f3n colectiva. Ahora lo que falta es sintetizar esas conclusiones finales a modo de documento para la redacci\u00f3n del anteproyecto.<\/p>\n<p>La ministra record\u00f3 que cuando \u201canunciamos los foros con la intenci\u00f3n de federalizar los 21 puntos iniciales, discutir qu\u00e9 ley necesitamos para el desarrollo y la potencializaci\u00f3n de nuestra cultura, empez\u00f3 a llamar much\u00edsima gente que quer\u00eda participar\u201d.<\/p>\n<p>Aquel empuj\u00f3n vino a motivar \u201cuna idea que ya estaba en el aire, la de la ley de Culturas, pero nunca fue impulsada con tanta fuerza\u201d, cont\u00f3 Julia Narcy, miembro de el Frente de Artistas y Trabajadores de las Culturas, quien particip\u00f3 de muchos de los foros realizados en todos el pa\u00eds, una experiencia \u201criqu\u00edsima y diversa, pero a la vez con grandes similitudes entre espacios diferentes\u201d, como la calific\u00f3.<\/p>\n<p>Justamente ese recorrido dio como resultado un conjunto de conclusiones federales y plurales, cuyo esp\u00edritu, en palabras de Francisco Tet\u00e9 Romero, miembro del frente y Director de Asuntos Acad\u00e9micos y Pol\u00edticas Regionales del Ministerio, se resume en un modo de entender \u201ca nuestra diversidad cultural dentro de la trama din\u00e1mica identitaria de un proyecto emancipador de soberan\u00eda cultural\u201d.<\/p>\n<p><strong>CONSTRUCCI\u00d3N PLURAL<\/strong><\/p>\n<p>Acerca de los 21 puntos originales que funcionaron como disparadores para idear entre todos una futura ley, Romero, cont\u00f3 que \u201cfueron repensados, resignificados, ampliados y fundamentalmente enriquecidos porque viajaron a lo largo y ancho del pa\u00eds\u201d.<\/p>\n<p>Sindicatos, colectivos de diversidad de g\u00e9nero y sexual, espacios educativos, artistas, referentes, voces singulares y comunitarias, todos ellos fueron parte de esta construcci\u00f3n..<\/p>\n<p>Con esta impronta federal y plural, se incluyeron as\u00ed aportes de cada comunidad pero en toda su diversidad, como la de los pueblos originarios con las propuestas de los Consejos de Participaci\u00f3n Ind\u00edgena del INAI -que la Ministra recibi\u00f3 personalmente en Jujuy en febrero pasado-, o los derechos culturales a la lectura y los libros, aportado por las Bibliotecas Populares y la Conabip.<\/p>\n<p>Porque, como sostuvo Romero, \u201cno se ama lo que no se conoce y vaya si es compleja y diversa nuestra Argentina como para pretender hablar en nombre de todos y de ser su letra en la creaci\u00f3n de una Ley Federal de las Culturas sin recorrerla, sin viajar a trav\u00e9s de ella, para que sus voces singulares y colectivas y sus culturas, sus tensiones y conflictos, sus asignaturas pendientes, nos atraviesen como un rayo\u201d.<\/p>\n<p>Ahora, la expectativa, seg\u00fan se\u00f1al\u00f3 Romero, \u201ces que este a\u00f1o se convierta en Ley, y que sea enviada por el Poder Ejecutivo\u201d. En tal sentido, concluy\u00f3: \u201cya todo est\u00e1 en marcha\u201d.<\/p>\n<h6>Fuente: El Diario, Entre R\u00edos<\/h6>\n<p>&nbsp;<\/p>\n","protected":false},"excerpt":{"rendered":"<p>Las conclusiones de los foros de debate realizados en todo el pa\u00eds para la elaboraci\u00f3n participativa de la Ley Federal de las Culturas, que prev\u00e9 un marco legal para el sector, fueron entregadas a las autoridades del Ministerio de Cultura de la Naci\u00f3n, para condensarlo en un anteproyecto. El documento, con los aportes de los<\/p>\n","protected":false},"author":2,"featured_media":29280,"comment_status":"closed","ping_status":"closed","sticky":false,"template":"","format":"standard","meta":{"footnotes":""},"categories":[8],"tags":[21],"class_list":["post-29279","post","type-post","status-publish","format-standard","has-post-thumbnail","hentry","category-informe-nacional","tag-argentina"],"_links":{"self":[{"href":"http:\/\/argentinamunicipal.com.ar\/argentina\/wp-json\/wp\/v2\/posts\/29279","targetHints":{"allow":["GET"]}}],"collection":[{"href":"http:\/\/argentinamunicipal.com.ar\/argentina\/wp-json\/wp\/v2\/posts"}],"about":[{"href":"http:\/\/argentinamunicipal.com.ar\/argentina\/wp-json\/wp\/v2\/types\/post"}],"author":[{"embeddable":true,"href":"http:\/\/argentinamunicipal.com.ar\/argentina\/wp-json\/wp\/v2\/users\/2"}],"replies":[{"embeddable":true,"href":"http:\/\/argentinamunicipal.com.ar\/argentina\/wp-json\/wp\/v2\/comments?post=29279"}],"version-history":[{"count":0,"href":"http:\/\/argentinamunicipal.com.ar\/argentina\/wp-json\/wp\/v2\/posts\/29279\/revisions"}],"wp:featuredmedia":[{"embeddable":true,"href":"http:\/\/argentinamunicipal.com.ar\/argentina\/wp-json\/wp\/v2\/media\/29280"}],"wp:attachment":[{"href":"http:\/\/argentinamunicipal.com.ar\/argentina\/wp-json\/wp\/v2\/media?parent=29279"}],"wp:term":[{"taxonomy":"category","embeddable":true,"href":"http:\/\/argentinamunicipal.com.ar\/argentina\/wp-json\/wp\/v2\/categories?post=29279"},{"taxonomy":"post_tag","embeddable":true,"href":"http:\/\/argentinamunicipal.com.ar\/argentina\/wp-json\/wp\/v2\/tags?post=29279"}],"curies":[{"name":"wp","href":"https:\/\/api.w.org\/{rel}","templated":true}]}}