{"id":29326,"date":"2015-05-11T09:05:34","date_gmt":"2015-05-11T12:05:34","guid":{"rendered":"http:\/\/argentinamunicipal.com.ar\/argentina\/?p=29326"},"modified":"2015-05-11T09:05:34","modified_gmt":"2015-05-11T12:05:34","slug":"dos-grandes-obras-en-entre-rios-que-daran-autonomia-energetica-a-la-provincia","status":"publish","type":"post","link":"http:\/\/argentinamunicipal.com.ar\/argentina\/dos-grandes-obras-en-entre-rios-que-daran-autonomia-energetica-a-la-provincia\/","title":{"rendered":"Dos grandes obras en Entre R\u00edos que dar\u00e1n autonom\u00eda energ\u00e9tica a la provincia"},"content":{"rendered":"<div id=\"attachment_29327\" style=\"width: 650px\" class=\"wp-caption aligncenter\"><a href=\"http:\/\/argentinamunicipal.com.ar\/argentina\/wp-content\/uploads\/2015\/05\/o_1431316123.jpg\"><img loading=\"lazy\" decoding=\"async\" aria-describedby=\"caption-attachment-29327\" class=\"size-full wp-image-29327\" src=\"http:\/\/argentinamunicipal.com.ar\/argentina\/wp-content\/uploads\/2015\/05\/o_1431316123.jpg\" alt=\"Urribarri recorri\u00f3 las obras y destac\u00f3 los beneficios para la provincia.\" width=\"640\" height=\"360\" srcset=\"http:\/\/argentinamunicipal.com.ar\/argentina\/wp-content\/uploads\/2015\/05\/o_1431316123.jpg 640w, http:\/\/argentinamunicipal.com.ar\/argentina\/wp-content\/uploads\/2015\/05\/o_1431316123-300x169.jpg 300w\" sizes=\"auto, (max-width: 640px) 100vw, 640px\" \/><\/a><p id=\"caption-attachment-29327\" class=\"wp-caption-text\">Urribarri recorri\u00f3 las obras y destac\u00f3 los beneficios para la provincia.<\/p><\/div>\n<p>La obra de la Estaci\u00f3n Transformadora Gran Paran\u00e1, que cuenta con un avance superior al 80 por ciento y que ser\u00e1 inaugurada a medidos de este a\u00f1o, y la Estaci\u00f3n Transformadora de Colon\u00eda El\u00eda, en la que comenz\u00f3 a funcionar una nueva l\u00ednea de alta tensi\u00f3n de 132 kv entre esa ciudad y Concepci\u00f3n del Uruguay, le permitir\u00e1n a la provincia ganar en autonom\u00eda en este tipo de servicio.<\/p>\n<p>D\u00edas pasados el gobernador Sergio Urribarri recorri\u00f3 ambos complejos y asegur\u00f3 que con esas obras de infraestructura la provincia \u201ctendr\u00e1 una proyecci\u00f3n de utilidad en el tiempo, estrat\u00e9gica para la autonom\u00eda energ\u00e9tica\u201d.<\/p>\n<p>La Estaci\u00f3n Transformadora de 500 kw Gran Paran\u00e1 ha concluido la etapa de la obra civil y actualmente se avanza en la parte el\u00e9ctrica.<\/p>\n<p>\u201cEste a\u00f1o vamos a tener la ET en funcionamiento, lo que es muy importante para el abastecimiento de toda la costa oeste del Paran\u00e1. M\u00e1s energ\u00eda es m\u00e1s potencial de producci\u00f3n. Hoy hay zonas donde el gran consumo hace que tengamos capacidad de abastecimiento al l\u00edmite. Con esta obra tendremos un mayor margen y garantizaremos infraestructura energ\u00e9tica por mucho tiempo. Duplicamos la capacidad de provisi\u00f3n de energ\u00eda de la provincia y garantizamos un horizonte de previsibilidad de m\u00e1s 20 a\u00f1os, no s\u00f3lo para la industria sino para todos los entrerrianos\u201d, dijo el mandatario.<\/p>\n<p>La ET Gran Paran\u00e1 demand\u00f3 una inversi\u00f3n de m\u00e1s de 700 millones de pesos, aportar\u00e1 600 megavatios a la provincia que suman al producido por las dos estaciones transformadoras de 500 de la costa el Uruguay.<\/p>\n<p>Hasta el momento se montaron todos los accesorios: tanques, bombas y los 100.000 litros de aceite que \u00e9stos necesitan para trabajar y se hicieron los ensayos correspondientes. Falta \u00fanicamente que llegue la energ\u00eda de Salto Grande, los 500 kilovolt y ponerla en servicio.<\/p>\n<p><strong>COLONIA EL\u00cdA.<\/strong> El gobernador tambi\u00e9n recorri\u00f3 la estaci\u00f3n transformadora de Colon\u00eda El\u00eda donde hace unos meses comenz\u00f3 a funcionar una nueva l\u00ednea de alta tensi\u00f3n de 132 Kv, que une esa localidad con Concepci\u00f3n del Uruguay, en 16,5 kil\u00f3metros, y que fue ejecutada por Enersa.<\/p>\n<p>Los beneficios de dicha obra, que demand\u00f3 una inversi\u00f3n de 46.672.755 pesos, son mayor capacidad al sistema provincial de transporte de energ\u00eda el\u00e9ctrica y una mejora en la alimentaci\u00f3n energ\u00e9tica a la zona centro y sureste de la provincia.<\/p>\n<p>La obra incluye, dentro de su construcci\u00f3n, la instalaci\u00f3n de un cable de fibra \u00f3ptica que permite la comunicaci\u00f3n entre la Estaci\u00f3n Transformadora de 500 kV Gran Paran\u00e1 con las dos estaciones transformadoras ubicadas en Concepci\u00f3n del Uruguay: la actual y la que se encuentra en proceso de construcci\u00f3n, denominada Uruguay Sur.<br \/>\nCon la instalaci\u00f3n de este nuevo v\u00ednculo se modific\u00f3 la l\u00ednea de alta tensi\u00f3n Concepci\u00f3n del Uruguay-Basavilbaso, lo que permite que la Estaci\u00f3n Transformadora de 132 kV Basavilbaso quede conectada directamente desde Colonia El\u00eda. De este modo, se libera un campo de l\u00ednea en la Estaci\u00f3n Transformadora de Concepci\u00f3n del Uruguay para disponibilidad futura.<\/p>\n<p>Adem\u00e1s de estas, tambi\u00e9n se concretan otras dos obras estrat\u00e9gicas: la Estaci\u00f3n Transformadora de 132 kV Uruguay Sur y la L\u00ednea de Media Tensi\u00f3n de 33 kV Gualeguay-Galarza<\/p>\n<h6>Fuente: El Diario, Entre r\u00edos<\/h6>\n","protected":false},"excerpt":{"rendered":"<p>La obra de la Estaci\u00f3n Transformadora Gran Paran\u00e1, que cuenta con un avance superior al 80 por ciento y que ser\u00e1 inaugurada a medidos de este a\u00f1o, y la Estaci\u00f3n Transformadora de Colon\u00eda El\u00eda, en la que comenz\u00f3 a funcionar una nueva l\u00ednea de alta tensi\u00f3n de 132 kv entre esa ciudad y Concepci\u00f3n del<\/p>\n","protected":false},"author":2,"featured_media":29327,"comment_status":"closed","ping_status":"closed","sticky":false,"template":"","format":"standard","meta":{"footnotes":""},"categories":[2],"tags":[17],"class_list":["post-29326","post","type-post","status-publish","format-standard","has-post-thumbnail","hentry","category-informe-municipal","tag-entre-rios"],"_links":{"self":[{"href":"http:\/\/argentinamunicipal.com.ar\/argentina\/wp-json\/wp\/v2\/posts\/29326","targetHints":{"allow":["GET"]}}],"collection":[{"href":"http:\/\/argentinamunicipal.com.ar\/argentina\/wp-json\/wp\/v2\/posts"}],"about":[{"href":"http:\/\/argentinamunicipal.com.ar\/argentina\/wp-json\/wp\/v2\/types\/post"}],"author":[{"embeddable":true,"href":"http:\/\/argentinamunicipal.com.ar\/argentina\/wp-json\/wp\/v2\/users\/2"}],"replies":[{"embeddable":true,"href":"http:\/\/argentinamunicipal.com.ar\/argentina\/wp-json\/wp\/v2\/comments?post=29326"}],"version-history":[{"count":0,"href":"http:\/\/argentinamunicipal.com.ar\/argentina\/wp-json\/wp\/v2\/posts\/29326\/revisions"}],"wp:featuredmedia":[{"embeddable":true,"href":"http:\/\/argentinamunicipal.com.ar\/argentina\/wp-json\/wp\/v2\/media\/29327"}],"wp:attachment":[{"href":"http:\/\/argentinamunicipal.com.ar\/argentina\/wp-json\/wp\/v2\/media?parent=29326"}],"wp:term":[{"taxonomy":"category","embeddable":true,"href":"http:\/\/argentinamunicipal.com.ar\/argentina\/wp-json\/wp\/v2\/categories?post=29326"},{"taxonomy":"post_tag","embeddable":true,"href":"http:\/\/argentinamunicipal.com.ar\/argentina\/wp-json\/wp\/v2\/tags?post=29326"}],"curies":[{"name":"wp","href":"https:\/\/api.w.org\/{rel}","templated":true}]}}