{"id":29345,"date":"2015-05-11T09:32:08","date_gmt":"2015-05-11T12:32:08","guid":{"rendered":"http:\/\/argentinamunicipal.com.ar\/argentina\/?p=29345"},"modified":"2015-05-11T09:32:08","modified_gmt":"2015-05-11T12:32:08","slug":"reunion-por-municipios-saludables-en-intendente-alvear","status":"publish","type":"post","link":"http:\/\/argentinamunicipal.com.ar\/argentina\/reunion-por-municipios-saludables-en-intendente-alvear\/","title":{"rendered":"Reuni\u00f3n por \u201cMunicipios Saludables\u201d en\u00a0Intendente Alvear"},"content":{"rendered":"<p><a href=\"http:\/\/argentinamunicipal.com.ar\/argentina\/wp-content\/uploads\/2015\/05\/alvear-reunion-informativa.jpg\"><img loading=\"lazy\" decoding=\"async\" class=\"aligncenter size-full wp-image-29346\" src=\"http:\/\/argentinamunicipal.com.ar\/argentina\/wp-content\/uploads\/2015\/05\/alvear-reunion-informativa.jpg\" alt=\"alvear-reunion-informativa\" width=\"650\" height=\"487\" srcset=\"http:\/\/argentinamunicipal.com.ar\/argentina\/wp-content\/uploads\/2015\/05\/alvear-reunion-informativa.jpg 650w, http:\/\/argentinamunicipal.com.ar\/argentina\/wp-content\/uploads\/2015\/05\/alvear-reunion-informativa-300x225.jpg 300w\" sizes=\"auto, (max-width: 650px) 100vw, 650px\" \/><\/a><br \/>\nCon la presencia de las referentes provinciales del programa nacional \u2018Municipios y Comunidades Saludables\u2018, se realiz\u00f3 una reuni\u00f3n informativa con los referentes\u00a0 y autoridades municipales de esta localidad.<\/p>\n<p>En esta oportunidad, las licenciadas Carolina Gallo y Silvia Ferreyra presentaron nuevas herramientas para la gesti\u00f3n de los proyectos y para el avance en la recategorizaci\u00f3n del municipio.<\/p>\n<p>En la reuni\u00f3n se encontraban presentes Francisco Traverso, secretario de Gobierno; Ana L\u00eda Bruno, directora de Acci\u00f3n Social, directivos del Hospital Reumann Enz, del CAE y personal municipal.<\/p>\n<p>El programa \u201cMunicipios Saludables\u201d consta de cuatro categor\u00edas para los miembros (localidades):\u00a0 adherentes, titulares , responsables en salud y municipios saludables. Intendente Alvear, se encuentra como municipio titular, por lo que en la reuni\u00f3n se brindaron detalles para poder avanzar hacia la etapa de municipio responsable en salud.<\/p>\n<p>Para poder recategorizarse cada localidad miembro debe completar una serie de datos estad\u00edsticos y realizar un informe de diagn\u00f3stico de salud de la poblaci\u00f3n, que deber\u00e1 tener en cuenta aspectos referidos a la salud ambiental, datos socioecon\u00f3micos, modos de vida y sistema y servicios\u00a0 de salud.<\/p>\n<p>Todo este proceso se realiza en forma digital a trav\u00e9s de una plataforma espec\u00edfica para el programa, y una vez presentados todos los datos se eval\u00faa esa informaci\u00f3n.<\/p>\n<h6>Fuente: La Reforma<\/h6>\n","protected":false},"excerpt":{"rendered":"<p>Con la presencia de las referentes provinciales del programa nacional \u2018Municipios y Comunidades Saludables\u2018, se realiz\u00f3 una reuni\u00f3n informativa con los referentes\u00a0 y autoridades municipales de esta localidad. En esta oportunidad, las licenciadas Carolina Gallo y Silvia Ferreyra presentaron nuevas herramientas para la gesti\u00f3n de los proyectos y para el avance en la recategorizaci\u00f3n del<\/p>\n","protected":false},"author":2,"featured_media":29346,"comment_status":"closed","ping_status":"closed","sticky":false,"template":"","format":"standard","meta":{"footnotes":""},"categories":[2],"tags":[42],"class_list":["post-29345","post","type-post","status-publish","format-standard","has-post-thumbnail","hentry","category-informe-municipal","tag-la-pampa"],"_links":{"self":[{"href":"http:\/\/argentinamunicipal.com.ar\/argentina\/wp-json\/wp\/v2\/posts\/29345","targetHints":{"allow":["GET"]}}],"collection":[{"href":"http:\/\/argentinamunicipal.com.ar\/argentina\/wp-json\/wp\/v2\/posts"}],"about":[{"href":"http:\/\/argentinamunicipal.com.ar\/argentina\/wp-json\/wp\/v2\/types\/post"}],"author":[{"embeddable":true,"href":"http:\/\/argentinamunicipal.com.ar\/argentina\/wp-json\/wp\/v2\/users\/2"}],"replies":[{"embeddable":true,"href":"http:\/\/argentinamunicipal.com.ar\/argentina\/wp-json\/wp\/v2\/comments?post=29345"}],"version-history":[{"count":0,"href":"http:\/\/argentinamunicipal.com.ar\/argentina\/wp-json\/wp\/v2\/posts\/29345\/revisions"}],"wp:featuredmedia":[{"embeddable":true,"href":"http:\/\/argentinamunicipal.com.ar\/argentina\/wp-json\/wp\/v2\/media\/29346"}],"wp:attachment":[{"href":"http:\/\/argentinamunicipal.com.ar\/argentina\/wp-json\/wp\/v2\/media?parent=29345"}],"wp:term":[{"taxonomy":"category","embeddable":true,"href":"http:\/\/argentinamunicipal.com.ar\/argentina\/wp-json\/wp\/v2\/categories?post=29345"},{"taxonomy":"post_tag","embeddable":true,"href":"http:\/\/argentinamunicipal.com.ar\/argentina\/wp-json\/wp\/v2\/tags?post=29345"}],"curies":[{"name":"wp","href":"https:\/\/api.w.org\/{rel}","templated":true}]}}