{"id":29354,"date":"2015-05-11T09:56:00","date_gmt":"2015-05-11T12:56:00","guid":{"rendered":"http:\/\/argentinamunicipal.com.ar\/argentina\/?p=29354"},"modified":"2015-05-11T09:56:00","modified_gmt":"2015-05-11T12:56:00","slug":"11-de-mayo-dia-del-himno-nacional","status":"publish","type":"post","link":"http:\/\/argentinamunicipal.com.ar\/argentina\/11-de-mayo-dia-del-himno-nacional\/","title":{"rendered":"11 de Mayo\u00a0\u00a0D\u00eda del Himno Nacional"},"content":{"rendered":"<p><a href=\"http:\/\/argentinamunicipal.com.ar\/argentina\/wp-content\/uploads\/2015\/05\/Dibujo1.jpg\"><img loading=\"lazy\" decoding=\"async\" class=\"aligncenter  wp-image-29355\" src=\"http:\/\/argentinamunicipal.com.ar\/argentina\/wp-content\/uploads\/2015\/05\/Dibujo1.jpg\" alt=\"Dibujo1\" width=\"664\" height=\"411\" srcset=\"http:\/\/argentinamunicipal.com.ar\/argentina\/wp-content\/uploads\/2015\/05\/Dibujo1.jpg 829w, http:\/\/argentinamunicipal.com.ar\/argentina\/wp-content\/uploads\/2015\/05\/Dibujo1-300x186.jpg 300w\" sizes=\"auto, (max-width: 664px) 100vw, 664px\" \/><\/a><br \/>\nHoy se celebra el D\u00eda del Himno Nacional Argentino, en homenaje a aquel 11 de mayo de 1813, cuando la Asamblea del a\u00f1o XIII sancion\u00f3 como Himno Nacional a la marcha patri\u00f3tica compuesta por Vicente L\u00f3pez y Planes y Blas Pareda.<\/p>\n<p>Esta sanci\u00f3n lleg\u00f3 cuando, tras la Revoluci\u00f3n de Mayo y su posterior defensa de los ideales independentistas, se necesit\u00f3 contar con una marcha que identificara a la naci\u00f3n y a las ideas de liberaci\u00f3n que se impulsaban en ese entonces.<\/p>\n<p>Con el paso del tiempo, el Himno fue sufriendo modificaciones hasta que, por un decreto de 1944, se estableci\u00f3 como definitiva a la versi\u00f3n actual.<\/p>\n<h6>Fuente: El Chubut<\/h6>\n","protected":false},"excerpt":{"rendered":"<p>Hoy se celebra el D\u00eda del Himno Nacional Argentino, en homenaje a aquel 11 de mayo de 1813, cuando la Asamblea del a\u00f1o XIII sancion\u00f3 como Himno Nacional a la marcha patri\u00f3tica compuesta por Vicente L\u00f3pez y Planes y Blas Pareda. Esta sanci\u00f3n lleg\u00f3 cuando, tras la Revoluci\u00f3n de Mayo y su posterior defensa de<\/p>\n","protected":false},"author":2,"featured_media":29356,"comment_status":"closed","ping_status":"closed","sticky":false,"template":"","format":"standard","meta":{"footnotes":""},"categories":[47],"tags":[21],"class_list":["post-29354","post","type-post","status-publish","format-standard","has-post-thumbnail","hentry","category-fiestas","tag-argentina"],"_links":{"self":[{"href":"http:\/\/argentinamunicipal.com.ar\/argentina\/wp-json\/wp\/v2\/posts\/29354","targetHints":{"allow":["GET"]}}],"collection":[{"href":"http:\/\/argentinamunicipal.com.ar\/argentina\/wp-json\/wp\/v2\/posts"}],"about":[{"href":"http:\/\/argentinamunicipal.com.ar\/argentina\/wp-json\/wp\/v2\/types\/post"}],"author":[{"embeddable":true,"href":"http:\/\/argentinamunicipal.com.ar\/argentina\/wp-json\/wp\/v2\/users\/2"}],"replies":[{"embeddable":true,"href":"http:\/\/argentinamunicipal.com.ar\/argentina\/wp-json\/wp\/v2\/comments?post=29354"}],"version-history":[{"count":0,"href":"http:\/\/argentinamunicipal.com.ar\/argentina\/wp-json\/wp\/v2\/posts\/29354\/revisions"}],"wp:featuredmedia":[{"embeddable":true,"href":"http:\/\/argentinamunicipal.com.ar\/argentina\/wp-json\/wp\/v2\/media\/29356"}],"wp:attachment":[{"href":"http:\/\/argentinamunicipal.com.ar\/argentina\/wp-json\/wp\/v2\/media?parent=29354"}],"wp:term":[{"taxonomy":"category","embeddable":true,"href":"http:\/\/argentinamunicipal.com.ar\/argentina\/wp-json\/wp\/v2\/categories?post=29354"},{"taxonomy":"post_tag","embeddable":true,"href":"http:\/\/argentinamunicipal.com.ar\/argentina\/wp-json\/wp\/v2\/tags?post=29354"}],"curies":[{"name":"wp","href":"https:\/\/api.w.org\/{rel}","templated":true}]}}