{"id":29361,"date":"2015-05-12T06:10:13","date_gmt":"2015-05-12T09:10:13","guid":{"rendered":"http:\/\/argentinamunicipal.com.ar\/argentina\/?p=29361"},"modified":"2015-05-11T10:14:29","modified_gmt":"2015-05-11T13:14:29","slug":"arte-ciudad-2015-del-13-al-24-de-mayo-en-santa-fe","status":"publish","type":"post","link":"http:\/\/argentinamunicipal.com.ar\/argentina\/arte-ciudad-2015-del-13-al-24-de-mayo-en-santa-fe\/","title":{"rendered":"Arte Ciudad 2015\u00a0del 13 al 24 de mayo en Santa fe"},"content":{"rendered":"<p><a href=\"http:\/\/argentinamunicipal.com.ar\/argentina\/wp-content\/uploads\/2015\/05\/36541-0000.jpg\"><img loading=\"lazy\" decoding=\"async\" class=\"aligncenter  wp-image-29362\" src=\"http:\/\/argentinamunicipal.com.ar\/argentina\/wp-content\/uploads\/2015\/05\/36541-0000.jpg\" alt=\"36541-0000\" width=\"712\" height=\"389\" srcset=\"http:\/\/argentinamunicipal.com.ar\/argentina\/wp-content\/uploads\/2015\/05\/36541-0000.jpg 800w, http:\/\/argentinamunicipal.com.ar\/argentina\/wp-content\/uploads\/2015\/05\/36541-0000-300x164.jpg 300w\" sizes=\"auto, (max-width: 712px) 100vw, 712px\" \/><\/a><br \/>\nArte Ciudad 2015, Festival de Oto\u00f1o, llegar\u00e1 del 13 al 24 de mayo, con una amplia programaci\u00f3n, en la que convergen diversas disciplinas art\u00edsticas. La propuesta invita a vivir los espacios p\u00fablicos, edificios, calles y salas culturales.<\/p>\n<p>Del 13 al 24 de mayo, las calles, escuelas, plazas, parques y paseos; los clubes de m\u00fasica, las salas culturales y museos; vecinales y espacios recuperados, vuelven a ser \u00e1mbito para una nueva edici\u00f3n de Arte Ciudad. Como en 2009, 2011 y 2013, el Gobierno de la Ciudad genera esta propuesta que ofrece a todos los santafesinos una programaci\u00f3n amplia, en la que m\u00fasica, danza, teatro, dise\u00f1o, cine, circo, intervenciones urbanas, letras, fotograf\u00eda, artes visuales y los t\u00edteres Trotamundos estar\u00e1n una vez m\u00e1s al alcance de todos.<\/p>\n<p>La edici\u00f3n 2015 de Arte Ciudad fue presentada oficialmente hoy en la Plaza ubicada en el ala oeste del Centro de Convenciones Estaci\u00f3n Belgrano, con la presencia del intendente Jos\u00e9 Corral; el presidente del Concejo, Leonardo Simoniello; la secretaria de Cultura Patricia Pieragostini, y la secretaria de Educaci\u00f3n, Rossana Ingaramo.<\/p>\n<p>Fue en el marco de una puesta art\u00edstica a modo de collage de lo que ser\u00e1n doce d\u00edas de expresiones art\u00edsticas y culturales. En esta puesta participaron artistas del Equipo de Intervenciones Urbanas de la Secretar\u00eda de Cultura, y de la muestra en proceso \u201cTexturas urbanas\u201d, del Centro Experimental del Color, bailarines de los talleres de Hip Hop y Skate del Programa Arte y Comunidad y del estudio \u201cWe Love Dancing\u201d, y el d\u00fao Peralta-Bernal (marimba). Adem\u00e1s estuvieron presentes las creaciones de Santa Fe como Polo de Dise\u00f1o, miembros del grupo Santa Fe en Bici, el Teatro de T\u00edteres del Teatro Municipal 1\u00b0 de Mayo y Gustavo \u2018Tuti\u2019 N\u00fa\u00f1ez, entre otros titereros que participar\u00e1n del Festival Internacional Trotamundos.<\/p>\n<p><strong>Una fiesta en oto\u00f1o<\/strong><\/p>\n<p>Lanzando oficialmente la programaci\u00f3n de Arte Ciudad 2015, Festival de Oto\u00f1o de Santa Fe, el intendente Jos\u00e9 Corral tom\u00f3 la palabra para explicar la propuesta de \u201cvincular Arte Ciudad con \u00e9sta, que es la estaci\u00f3n m\u00e1s bonita en la ciudad. Como Saer escribi\u00f3 desde ac\u00e1 para el mundo, tenemos que compartir nuestro oto\u00f1o que es realmente maravilloso\u201d.<\/p>\n<p>\u201cNo nos interesa la cultura como espect\u00e1culo si no la cultura como parte de la vida y de nuestras expresiones, como modo de producci\u00f3n, y tambi\u00e9n de ganarse la vida. Para tener esta importancia, el arte y la cultura no pueden ser algo epis\u00f3dico de un fin de semana, sino que tienen que estar integrados en una programaci\u00f3n desde el punto de vista de las pol\u00edticas p\u00fablicas\u201d, afirm\u00f3 el Intendente, haciendo hincapi\u00e9 en que este tipo de eventos se repiten y renuevan con nuevas actividades y experiencias.<\/p>\n<p>\u201cTodo lo que va a ocurrir en Arte Ciudad tiene que ver con una programaci\u00f3n y con incorporar p\u00fablicos, con darle un espacio a nuestros creativos y artistas; y que adem\u00e1s ellos puedan vincularse con la ciudad, mezcl\u00e1ndose con el p\u00fablico como va a ocurrir en la apertura de Arte Ciudad\u201d, agreg\u00f3 Jos\u00e9 Corral.<\/p>\n<p>El mandatario local anunci\u00f3 que, en el marco del festival, \u201cel jueves 14 vamos a inaugurar el nuevo sistema de bicisendas de Barrio Candiotti, espacios exclusivos para bicicletas que realizamos porque queremos fomentar esta manera de movernos en la ciudad, que es m\u00e1s sana y ambientalmente sustentable, ocupa menos espacio y tiene que ver con grupos que lo vienen planteando, como Santa Fe en Bici\u201d.<\/p>\n<p>En este sentido, el jueves 14 se realizar\u00e1 una bicicleteada que partir\u00e1 desde la Estaci\u00f3n Belgrano hasta la Plaza Pueyrred\u00f3n, conectando dos espacios destacados en este Arte Ciudad. El punto de encuentro ser\u00e1 a las 18.30 en la Estaci\u00f3n Belgrano, y se invita a todos los vecinos a participar cada uno con su bici, o bien con las bicicletas del sistema Subite a la Bici, que estar\u00e1n disponibles. El recorrido ser\u00e1 encabezado por una intervenci\u00f3n urbana de las artistas visuales Milena Pafundi y Julieta Soloaga, parte del equipo de VJ Suave, que proyectar\u00e1n graffitis digitales sobre los muros, hasta llegar a la Plaza Pueyrred\u00f3n. Al llegar se podr\u00e1 disfrutar de las historias musicalizadas de Urraka, el grupo que resignifica elementos de la vida cotidiana y recicla objetos para darles un sentido musical.<\/p>\n<p><strong>Mercado de la M\u00fasica<\/strong><\/p>\n<p>Luego, Jos\u00e9 Corral se refiri\u00f3 al primer Mercado de la M\u00fasica Santafesina, que tendr\u00e1 lugar el fin de semana del 15, 16 y 17, en el Mercado Progreso: \u201cEstamos trabajando con la idea de que Santa Fe es la Ciudad de la M\u00fasica; tenemos una cantidad importante de Festivales que se mantienen hace mucho tiempo, nuestras orquestas, la Banda Municipal, y grandes compositores santafesinos\u201d, sostuvo. \u201cLa educaci\u00f3n y la cultura son las claves por las cuales la ciudad va a mejorar, porque son las herramientas m\u00e1s importante para mejorar los problemas que tenemos\u201d, afirm\u00f3.<\/p>\n<p>Por su parte, la secretaria de Cultura, Patricia Pieragostini, enfatiz\u00f3 que el Mercado de la M\u00fasica \u201cser\u00e1 para nuestros artistas una posibilidad de compartir no s\u00f3lo con los santafesinos sino tambi\u00e9n con programadores que vendr\u00e1n desde diferentes lugares del pa\u00eds y de ciudades que integran la red del Mercosur, como San Pablo, Quito y Montevideo.<\/p>\n<p>\u201cEs una verdadera oportunidad para que los m\u00fasicos entren en red con otras propuestas e ingresar a los Mercados de la M\u00fasica que se realizan en distintos lugares del pa\u00eds y de la regi\u00f3n. Tambi\u00e9n podr\u00e1n asistir a talleres, trabajar con luthiers y participar de un Mercado de Discos junto a editoriales en torno a la m\u00fasica\u201d, afirm\u00f3 la funcionaria.<\/p>\n<p><a href=\"http:\/\/argentinamunicipal.com.ar\/argentina\/wp-content\/uploads\/2015\/05\/116308_santa-fe.jpg\"><img loading=\"lazy\" decoding=\"async\" class=\"aligncenter size-full wp-image-29363\" src=\"http:\/\/argentinamunicipal.com.ar\/argentina\/wp-content\/uploads\/2015\/05\/116308_santa-fe.jpg\" alt=\"116308_santa-fe\" width=\"544\" height=\"293\" srcset=\"http:\/\/argentinamunicipal.com.ar\/argentina\/wp-content\/uploads\/2015\/05\/116308_santa-fe.jpg 544w, http:\/\/argentinamunicipal.com.ar\/argentina\/wp-content\/uploads\/2015\/05\/116308_santa-fe-300x162.jpg 300w\" sizes=\"auto, (max-width: 544px) 100vw, 544px\" \/><\/a><\/p>\n<p><strong>Intervenciones en la Ciudad<\/strong><\/p>\n<p>Pieragostini recalc\u00f3 adem\u00e1s que esta edici\u00f3n ha tenido una amplia convocatoria con gran respuesta de los artistas locales respecto de talleres, con ocho talleres y seminarios vinculados a la danza, teatro, graffiti, intervenciones urbanas, fotograf\u00eda y artes visuales en general, \u201clo que va a posibilitar intervenir en la ciudad armando diferentes propuestas a trav\u00e9s de grupos colectivos que se han presentado en las diferentes convocatorias\u201d, como afirm\u00f3.<\/p>\n<p>\u201cInvitamos a todos a participar en las Convocatorias para Intervenciones Urbanas est\u00e1n abiertas hasta el 11 de mayo, algunas de car\u00e1cter ef\u00edmero y otras permanentes. Es una estrategia interesante porque hemos elegido lugares del Plan Abre, para que el arte y las expresiones culturales est\u00e9n entrelazados en todos los barrios de la ciudad\u201d. Vale destacar que son siete los talleres que se desarrollar\u00e1n de manera gratuita en el Centro Experimental del Color, potenciando su esencia como Laboratorio de Producci\u00f3n Art\u00edstica, posibilitando que los creadores locales encuentren un espacio formativo y participen de experiencias de creaci\u00f3n colectiva.<\/p>\n<p><strong>Programaci\u00f3n<\/strong><\/p>\n<p>\u201cComo siempre, esta edici\u00f3n de Arte Ciudad brinda la posibilidad de disfrutar del Festival Internacional de T\u00edteres Trotamundos, que se realizar\u00e1 tambi\u00e9n por cuarta vez el 13, 14 y 15 de mayo en diferentes escuelas y distintos barrios de nuestra ciudad\u201d, puntualiz\u00f3 Pieragostini. Justamente, la programaci\u00f3n comenzar\u00e1 a desarrollarse el pr\u00f3ximo mi\u00e9rcoles 13 de mayo con la apertura de Trotamundos, que convoca elencos nacionales e internacionales para las funciones destinadas a p\u00fablico escolar y en general. A partir de entonces, y hasta el domingo 24 de mayo, se podr\u00e1 participar en muestras, performances, intervenciones urbanas ef\u00edmeras y permanentes, y espect\u00e1culos. Entre otras actividades, habr\u00e1 dos itinerarios urbanos en homenaje a Juan Jos\u00e9 Saer: \u201cCaminos de Glosa\u201d, en un recorrido por la peatonal; y \u201cSaer y el Cine\u201d, a trav\u00e9s de los puntos en la ciudad que han sido elegido como locaciones por las pel\u00edculas que tomaron al autor serodino en su gui\u00f3n. Tambi\u00e9n habr\u00e1 kermesses en los barrios, espacios creativos y espect\u00e1culos en espacios p\u00fablicos, y presentaciones de los talleres Arte y Comunidad.<\/p>\n<p>El cierre ser\u00e1 el domingo 24 de mayo a las 17 en la Plaza Pueyrred\u00f3n, con la reedici\u00f3n de Band\u00e1lica, el recital protagonizado por Chino Mansutti y Los Refutadores del Pensamiento, Enigm\u00e1tica y Astro Bonzo, junto a la Banda Sinf\u00f3nica Municipal \u201cCiudad de Santa Fe\u201d. Para esa oportunidad, se sumar\u00e1n de manera especial los ni\u00f1os y ni\u00f1as de los n\u00facleos del Programa SOS M\u00fasica, las orquestas infanto-juveniles que el Gobierno de la Ciudad coordinada en los barrios santafesinos, para as\u00ed cerrar el Festival de Oto\u00f1o.<\/p>\n<h6>Fuente: Sin Mordaza<\/h6>\n","protected":false},"excerpt":{"rendered":"<p>Arte Ciudad 2015, Festival de Oto\u00f1o, llegar\u00e1 del 13 al 24 de mayo, con una amplia programaci\u00f3n, en la que convergen diversas disciplinas art\u00edsticas. La propuesta invita a vivir los espacios p\u00fablicos, edificios, calles y salas culturales. Del 13 al 24 de mayo, las calles, escuelas, plazas, parques y paseos; los clubes de m\u00fasica, las<\/p>\n","protected":false},"author":2,"featured_media":29364,"comment_status":"closed","ping_status":"closed","sticky":false,"template":"","format":"standard","meta":{"footnotes":""},"categories":[47],"tags":[10],"class_list":["post-29361","post","type-post","status-publish","format-standard","has-post-thumbnail","hentry","category-fiestas","tag-santa-fe"],"_links":{"self":[{"href":"http:\/\/argentinamunicipal.com.ar\/argentina\/wp-json\/wp\/v2\/posts\/29361","targetHints":{"allow":["GET"]}}],"collection":[{"href":"http:\/\/argentinamunicipal.com.ar\/argentina\/wp-json\/wp\/v2\/posts"}],"about":[{"href":"http:\/\/argentinamunicipal.com.ar\/argentina\/wp-json\/wp\/v2\/types\/post"}],"author":[{"embeddable":true,"href":"http:\/\/argentinamunicipal.com.ar\/argentina\/wp-json\/wp\/v2\/users\/2"}],"replies":[{"embeddable":true,"href":"http:\/\/argentinamunicipal.com.ar\/argentina\/wp-json\/wp\/v2\/comments?post=29361"}],"version-history":[{"count":0,"href":"http:\/\/argentinamunicipal.com.ar\/argentina\/wp-json\/wp\/v2\/posts\/29361\/revisions"}],"wp:featuredmedia":[{"embeddable":true,"href":"http:\/\/argentinamunicipal.com.ar\/argentina\/wp-json\/wp\/v2\/media\/29364"}],"wp:attachment":[{"href":"http:\/\/argentinamunicipal.com.ar\/argentina\/wp-json\/wp\/v2\/media?parent=29361"}],"wp:term":[{"taxonomy":"category","embeddable":true,"href":"http:\/\/argentinamunicipal.com.ar\/argentina\/wp-json\/wp\/v2\/categories?post=29361"},{"taxonomy":"post_tag","embeddable":true,"href":"http:\/\/argentinamunicipal.com.ar\/argentina\/wp-json\/wp\/v2\/tags?post=29361"}],"curies":[{"name":"wp","href":"https:\/\/api.w.org\/{rel}","templated":true}]}}