{"id":2938,"date":"2014-03-05T16:10:44","date_gmt":"2014-03-05T19:10:44","guid":{"rendered":"http:\/\/argentinamunicipal.com.ar\/argentina\/?p=2938"},"modified":"2014-03-05T16:10:44","modified_gmt":"2014-03-05T19:10:44","slug":"540-viviendas-en-diferentes-localidades-de-formosa-se-encuentran-en-etapa-de-terminacion","status":"publish","type":"post","link":"http:\/\/argentinamunicipal.com.ar\/argentina\/540-viviendas-en-diferentes-localidades-de-formosa-se-encuentran-en-etapa-de-terminacion\/","title":{"rendered":"540 viviendas en diferentes localidades de Formosa se encuentran en etapa de terminaci\u00f3n"},"content":{"rendered":"<div id=\"attachment_2939\" style=\"width: 310px\" class=\"wp-caption alignright\"><a href=\"http:\/\/argentinamunicipal.com.ar\/argentina\/wp-content\/uploads\/2014\/03\/viviend3.jpg\"><img loading=\"lazy\" decoding=\"async\" aria-describedby=\"caption-attachment-2939\" class=\"size-full wp-image-2939\" alt=\"Casi 900 viviendas y 770 soluciones habitacionales que se dieron en el \u00faltimo a\u00f1o en Formosa; destacan la continuidad del proceso \" src=\"http:\/\/argentinamunicipal.com.ar\/argentina\/wp-content\/uploads\/2014\/03\/viviend3.jpg\" width=\"300\" height=\"150\" \/><\/a><p id=\"caption-attachment-2939\" class=\"wp-caption-text\">Casi 900 viviendas y 770 soluciones habitacionales que se dieron en el \u00faltimo a\u00f1o en Formosa; destacan la continuidad del proceso<\/p><\/div>\n<p>La profundizaci\u00f3n de las acciones destinadas a disminuir el d\u00e9ficit habitacional se ve robustecida con las casi 900 viviendas y 770 soluciones habitacionales que se dieron en el \u00faltimo a\u00f1o. A esto, se le suman m\u00e1s de un millar de nuevas viviendas que se encuentran en su fase de terminaci\u00f3n. \u00a0En esto de acentuar la construcci\u00f3n de nucleaos habitacionales, el a\u00f1o pasado fue muy favorable, dado que se entregaron en toda la provincia 882 viviendas, 629 urbanas y 253 de modalidad aborigen, a lo que se agregaron 770 soluciones habitacionales.<\/p>\n<p>Ahora bien, \u201clo previsto para este 2014 es tambi\u00e9n relevante\u201d, se expuso desde el gobierno, y suman 540 las viviendas urbanas en diferentes localidades del interior que se encuentran en etapa de terminaci\u00f3n.<\/p>\n<p>En nuestra ciudad capital, puntualmente en el bario Nueva Formosa, dijo que \u201cse est\u00e1 en la fase de terminaci\u00f3n &#8211; 1\u00b0 etapa- un total 1.278 viviendas; y que paralelamente se dio inicio a la construcci\u00f3n de otras 1.228 nuevas unidades habitacionales, estando prevista una tercera etapa para la construcci\u00f3n de otras 1.571\u201d.<\/p>\n<p>En cuanto a las viviendas de modalidad aborigen, refiri\u00f3 a que se contin\u00faa con la ejecuci\u00f3n y entrega de m\u00e1s de 300 viviendas en distintos puntos del territorio provincial, inici\u00e1ndose la construcci\u00f3n de 400 unidades m\u00e1s, y estando en \u00faltima etapa de licitaci\u00f3n otras 600.<\/p>\n<p>Destaco la continuidad del proceso tendiente a dotar de \u201cuna mayor transparencia y seguridad de los postulantes\u201d, de ah\u00ed que las adjudicaciones se determinan a trav\u00e9s de sorteos p\u00fablicos, con intervenci\u00f3n de la Escriban\u00eda Mayor de Gobierno y transmisi\u00f3n por la Red de Medios de Comunicaci\u00f3n, tal como fue su compromiso.<\/p>\n<h2>\u00a0Fondo fiduciario<\/h2>\n<p>\u201cCon el fin de optimizar los fondos destinados a nuestros planes habitacionales, hemos creado el Fondo Fiduciario para la Construcci\u00f3n de Viviendas, entidad que permite administrar los recursos destinados a la construcci\u00f3n de nuevas unidades e infraestructura barrial\u201d, enfatizo el gobernador.<\/p>\n<p>Desde Planificacion local en tanto se explico que la conformaci\u00f3n de un fondo fiduciario para la construcci\u00f3n de viviendas, se explico que se conformar\u00e1 con todos los recursos que se reciban para las finalidades habitacionales, como los que provienen del FONAVI, los distintos planes federales y, sobre todo, del denominado Fondo de Recupero que se constituye con el pago de las cuotas por parte de los que ya tienen su casa propia.<\/p>\n<p>\u201cDel mismo modo como ellos so\u00f1aron con acceder a una vivienda, ahora que lograron ese objetivo seguramente que entender\u00e1n que en una comunidad organizada como la nuestra lo que debe primar es la unidad y la solidaridad por lo que confiamos plenamente en la gente para que interprete que hay que regularizar lo que se adeuda\u201d, fue indicado<\/p>\n<p>En tal sentido, aunque se conf\u00eda en que haya una toma de conciencia espont\u00e1nea, dijo que se organizar\u00e1n equipos de trabajo especiales para que transmitan estas novedades a los propietarios, admitiendo que es probable que una serie de asociaciones comunitarias de bien p\u00fablica se habr\u00e1n de asociar por la finalidad relevante de la campa\u00f1a.<\/p>\n<p>\u201cEn estos a\u00f1os el gobernador fue claro al explicar cuan da\u00f1ino ha sido el individualismo ego\u00edsta para el buen destino de las comunidades; hoy es la propia poblaci\u00f3n y sobre todo los j\u00f3venes que se expresan con discursos en los distintos actos que se realizan en la provincia la que convoca a ese necesario compromiso solidario para que la equidad y la justicia social alcance a todos\u201d, se reflexion\u00f3.<\/p>\n<h2>Las refacciones<\/h2>\n<p>Por otra parte, se aprovech\u00f3 para aclarar, adem\u00e1s, acerca de lo que implica el d\u00e9ficit habitacional ya que no se limita a la falta de una adecuada oferta para responder a las necesidades de la poblaci\u00f3n sino que involucra a otras situaciones como, por ejemplo, la necesidad de recuperar aquellas que demanden refacciones o ampliaciones.<\/p>\n<p>Aqu\u00ed se trajo a cuenta la existencia a\u00f1os atr\u00e1s del programa Mejor Vivir para ampliaciones y refacciones y revel\u00f3 que se est\u00e1 trabajando en su actualizaci\u00f3n de modo tal de generar otra clase de respuesta que incidir\u00e1 en la merma de la cu\u00e1ntica habitacional deficitaria.<\/p>\n<p>Fue expuesto que en la base de esas l\u00edneas deber\u00e1n estar las familias que necesitan mejorar sus viviendas y que est\u00e9n inscriptos como d\u00e9ficit habitacional.<\/p>\n<h6>Fuente: El Comercial<\/h6>\n","protected":false},"excerpt":{"rendered":"<p>La profundizaci\u00f3n de las acciones destinadas a disminuir el d\u00e9ficit habitacional se ve robustecida con las casi 900 viviendas y 770 soluciones habitacionales que se dieron en el \u00faltimo a\u00f1o. A esto, se le suman m\u00e1s de un millar de nuevas viviendas que se encuentran en su fase de terminaci\u00f3n. \u00a0En esto de acentuar la<\/p>\n","protected":false},"author":2,"featured_media":2939,"comment_status":"closed","ping_status":"closed","sticky":false,"template":"","format":"standard","meta":{"footnotes":""},"categories":[2],"tags":[24],"class_list":["post-2938","post","type-post","status-publish","format-standard","has-post-thumbnail","hentry","category-informe-municipal","tag-formosa"],"_links":{"self":[{"href":"http:\/\/argentinamunicipal.com.ar\/argentina\/wp-json\/wp\/v2\/posts\/2938","targetHints":{"allow":["GET"]}}],"collection":[{"href":"http:\/\/argentinamunicipal.com.ar\/argentina\/wp-json\/wp\/v2\/posts"}],"about":[{"href":"http:\/\/argentinamunicipal.com.ar\/argentina\/wp-json\/wp\/v2\/types\/post"}],"author":[{"embeddable":true,"href":"http:\/\/argentinamunicipal.com.ar\/argentina\/wp-json\/wp\/v2\/users\/2"}],"replies":[{"embeddable":true,"href":"http:\/\/argentinamunicipal.com.ar\/argentina\/wp-json\/wp\/v2\/comments?post=2938"}],"version-history":[{"count":0,"href":"http:\/\/argentinamunicipal.com.ar\/argentina\/wp-json\/wp\/v2\/posts\/2938\/revisions"}],"wp:featuredmedia":[{"embeddable":true,"href":"http:\/\/argentinamunicipal.com.ar\/argentina\/wp-json\/wp\/v2\/media\/2939"}],"wp:attachment":[{"href":"http:\/\/argentinamunicipal.com.ar\/argentina\/wp-json\/wp\/v2\/media?parent=2938"}],"wp:term":[{"taxonomy":"category","embeddable":true,"href":"http:\/\/argentinamunicipal.com.ar\/argentina\/wp-json\/wp\/v2\/categories?post=2938"},{"taxonomy":"post_tag","embeddable":true,"href":"http:\/\/argentinamunicipal.com.ar\/argentina\/wp-json\/wp\/v2\/tags?post=2938"}],"curies":[{"name":"wp","href":"https:\/\/api.w.org\/{rel}","templated":true}]}}