{"id":2941,"date":"2014-03-05T15:11:06","date_gmt":"2014-03-05T18:11:06","guid":{"rendered":"http:\/\/argentinamunicipal.com.ar\/argentina\/?p=2941"},"modified":"2014-03-05T19:27:19","modified_gmt":"2014-03-05T22:27:19","slug":"santillan-nuestras-movilizaciones-no-promueven-la-desestabilizacion-de-ningun-gobierno","status":"publish","type":"post","link":"http:\/\/argentinamunicipal.com.ar\/argentina\/santillan-nuestras-movilizaciones-no-promueven-la-desestabilizacion-de-ningun-gobierno\/","title":{"rendered":"Santill\u00e1n: \u201cNuestras movilizaciones no promueven la desestabilizaci\u00f3n de ning\u00fan gobierno\u201d"},"content":{"rendered":"<p><a href=\"http:\/\/argentinamunicipal.com.ar\/argentina\/wp-content\/uploads\/2014\/03\/1210858454_f.jpg\"><img loading=\"lazy\" decoding=\"async\" class=\"alignleft size-full wp-image-2947\" alt=\"1210858454_f\" src=\"http:\/\/argentinamunicipal.com.ar\/argentina\/wp-content\/uploads\/2014\/03\/1210858454_f.jpg\" width=\"500\" height=\"293\" srcset=\"http:\/\/argentinamunicipal.com.ar\/argentina\/wp-content\/uploads\/2014\/03\/1210858454_f.jpg 500w, http:\/\/argentinamunicipal.com.ar\/argentina\/wp-content\/uploads\/2014\/03\/1210858454_f-300x175.jpg 300w\" sizes=\"auto, (max-width: 500px) 100vw, 500px\" \/><\/a>El secretario General del SEOM, Carlos \u201cPerro\u201d Santill\u00e1n, rechaz\u00f3 de plano las opiniones que adjudican motivos \u201cdesestabilizadores\u201d a las movilizaciones y reclamos de ese gremio, indicando hay un discurso que se baja desde las autoridades para asociar los reclamos con intereses pol\u00edticos.<\/p>\n<p>El dirigente, tras recordar que el Plenario de Delegados qued\u00f3 en sesi\u00f3n permanente y las bases en estado de alerta y movilizaci\u00f3n, enfatiz\u00f3 que \u201cnosotros insistimos que Jujuy tiene que ser una provincia aut\u00f3noma y no una mera delegaci\u00f3n del poder central\u201d, al observar las indefiniciones existentes en materia salarial.<\/p>\n<p>\u201cEst\u00e1n sonando campanas que dicen que cuando se moviliza por alguna reivindicaci\u00f3n, hay detr\u00e1s un inter\u00e9s pol\u00edtico y que se quiere desestabilizar a alg\u00fan gobierno, sea a nivel nacional o provincial. Por parte del poder, se est\u00e1 convirtiendo a las movilizaciones reivindicativas en blanco de estas acusaciones de desestabilizaci\u00f3n\u201d, alert\u00f3.<\/p>\n<p>\u201cNo queremos desestabilizar a nadie, pero s\u00ed pretendemos que las movilizaciones que tenemos \u2013las que est\u00e1n llenas de raz\u00f3n y que tienen absoluta validez- no caigan en saco roto, sino que se solucionen mediante el di\u00e1logo. Pero no por eso vamos a dejar de movilizar\u201d, sostuvo.<\/p>\n<p>\u201cPretenden bajar un mensaje de no violencia. Bueno, ninguna movilizaci\u00f3n de los trabajadores municipales es violenta. Eso s\u00ed: vamos a reclamar con mucha fuerza las reivindicaciones de nuestros compa\u00f1eros\u201d, dijo, tras lo cual manifest\u00f3 que aguarda que se lleve a cabo la propuesta de sentarse con los intendentes a analizar la planta de personal y avanzar en soluciones reales a la precarizaci\u00f3n.<\/p>\n<p>Por su parte, el secretario Gremial del SEOM, Sebasti\u00e1n L\u00f3pez, record\u00f3 que desde que comenz\u00f3 el conflicto en La Mendieta, el intendente Lorenzo Guerra nunca quiso dialogar con el gremio. En Yuto, el intendente hasta ahora no aparece, para empezar a dar cumplimiento del acta acuerdo firmada oportunamente, apunt\u00f3.<\/p>\n<h6>Fuente: Jujuy al D\u00eda<\/h6>\n","protected":false},"excerpt":{"rendered":"<p>El secretario General del SEOM, Carlos \u201cPerro\u201d Santill\u00e1n, rechaz\u00f3 de plano las opiniones que adjudican motivos \u201cdesestabilizadores\u201d a las movilizaciones y reclamos de ese gremio, indicando hay un discurso que se baja desde las autoridades para asociar los reclamos con intereses pol\u00edticos. El dirigente, tras recordar que el Plenario de Delegados qued\u00f3 en sesi\u00f3n permanente<\/p>\n","protected":false},"author":2,"featured_media":2947,"comment_status":"closed","ping_status":"closed","sticky":false,"template":"","format":"standard","meta":{"footnotes":""},"categories":[7],"tags":[25],"class_list":["post-2941","post","type-post","status-publish","format-standard","has-post-thumbnail","hentry","category-informe-sindical","tag-jujuy"],"_links":{"self":[{"href":"http:\/\/argentinamunicipal.com.ar\/argentina\/wp-json\/wp\/v2\/posts\/2941","targetHints":{"allow":["GET"]}}],"collection":[{"href":"http:\/\/argentinamunicipal.com.ar\/argentina\/wp-json\/wp\/v2\/posts"}],"about":[{"href":"http:\/\/argentinamunicipal.com.ar\/argentina\/wp-json\/wp\/v2\/types\/post"}],"author":[{"embeddable":true,"href":"http:\/\/argentinamunicipal.com.ar\/argentina\/wp-json\/wp\/v2\/users\/2"}],"replies":[{"embeddable":true,"href":"http:\/\/argentinamunicipal.com.ar\/argentina\/wp-json\/wp\/v2\/comments?post=2941"}],"version-history":[{"count":0,"href":"http:\/\/argentinamunicipal.com.ar\/argentina\/wp-json\/wp\/v2\/posts\/2941\/revisions"}],"wp:featuredmedia":[{"embeddable":true,"href":"http:\/\/argentinamunicipal.com.ar\/argentina\/wp-json\/wp\/v2\/media\/2947"}],"wp:attachment":[{"href":"http:\/\/argentinamunicipal.com.ar\/argentina\/wp-json\/wp\/v2\/media?parent=2941"}],"wp:term":[{"taxonomy":"category","embeddable":true,"href":"http:\/\/argentinamunicipal.com.ar\/argentina\/wp-json\/wp\/v2\/categories?post=2941"},{"taxonomy":"post_tag","embeddable":true,"href":"http:\/\/argentinamunicipal.com.ar\/argentina\/wp-json\/wp\/v2\/tags?post=2941"}],"curies":[{"name":"wp","href":"https:\/\/api.w.org\/{rel}","templated":true}]}}