{"id":29423,"date":"2015-05-12T10:29:10","date_gmt":"2015-05-12T13:29:10","guid":{"rendered":"http:\/\/argentinamunicipal.com.ar\/argentina\/?p=29423"},"modified":"2015-05-12T10:29:10","modified_gmt":"2015-05-12T13:29:10","slug":"cultura-de-la-nacion-puso-en-marcha-el-primer-registro-nacional-de-musicos","status":"publish","type":"post","link":"http:\/\/argentinamunicipal.com.ar\/argentina\/cultura-de-la-nacion-puso-en-marcha-el-primer-registro-nacional-de-musicos\/","title":{"rendered":"Cultura de la Naci\u00f3n puso en marcha el primer registro nacional de m\u00fasicos"},"content":{"rendered":"<p><a href=\"http:\/\/argentinamunicipal.com.ar\/argentina\/wp-content\/uploads\/2015\/05\/Poncho-2014-700x5251-e1431437337203.jpg\"><img loading=\"lazy\" decoding=\"async\" class=\"aligncenter wp-image-29425 size-full\" src=\"http:\/\/argentinamunicipal.com.ar\/argentina\/wp-content\/uploads\/2015\/05\/Poncho-2014-700x5251-e1431437337203.jpg\" alt=\"\" width=\"698\" height=\"392\" srcset=\"http:\/\/argentinamunicipal.com.ar\/argentina\/wp-content\/uploads\/2015\/05\/Poncho-2014-700x5251-e1431437337203.jpg 698w, http:\/\/argentinamunicipal.com.ar\/argentina\/wp-content\/uploads\/2015\/05\/Poncho-2014-700x5251-e1431437337203-300x168.jpg 300w\" sizes=\"auto, (max-width: 698px) 100vw, 698px\" \/><\/a><br \/>\nEl Registro \u00danico de Agrupaciones Musicales y Solistas tiene por objetivo concentrar toda la informaci\u00f3n sobre los m\u00fasicos del pa\u00eds para incorporarlos a futuras convocatorias a subsidios y vales de producci\u00f3n, que otorgar\u00e1 el Inamu.<\/p>\n<p>El Ministerio de Cultura de la Naci\u00f3n puso en marcha el primer registro nacional de m\u00fasicos, el cual busca conocer a los artistas de todo el pa\u00eds para poder convocarlos luego a subsidios y vales de producci\u00f3n que otorgar\u00e1 el Instituto Nacional de la M\u00fasica.<\/p>\n<p>El Registro \u00danico de Agrupaciones Musicales y Solistas tiene por objetivo concentrar toda la informaci\u00f3n sobre los m\u00fasicos del pa\u00eds para incorporarlos a futuras convocatorias a subsidios y vales de producci\u00f3n (para fabricaci\u00f3n de discos, horas de grabaci\u00f3n, impresi\u00f3n de gr\u00e1fica, etc\u00e9tera), que otorgar\u00e1 el Instituto Nacional de la M\u00fasica (Inamu).<\/p>\n<p>Esta base de datos tambi\u00e9n permitir\u00e1 identificar aspectos particulares de la m\u00fasica nacional (lugar en que se desarrolla, g\u00e9nero, modo de producci\u00f3n, formaci\u00f3n, entre otros) que servir\u00e1n para planificar y optimizar las pol\u00edticas de fomento y distribuci\u00f3n de recursos del Instituto.<\/p>\n<p>Quienes concluyan el proceso de inscripci\u00f3n (en www.inamu.gob.ar) obtendr\u00e1n la credencial de M\u00fasico Nacional Registrado, requisito obligatorio para acceder a los beneficios que otorgue el Inamu en el futuro.<\/p>\n<p>La creaci\u00f3n de esta base de datos est\u00e1 estipulada en la Ley Nacional de la M\u00fasica, sancionada en 2012 y elaborada de forma colectiva durante cuatro a\u00f1os por m\u00fasicos y referentes de la actividad de todo el pa\u00eds.<\/p>\n<h6>Fuente: El Once<\/h6>\n","protected":false},"excerpt":{"rendered":"<p>El Registro \u00danico de Agrupaciones Musicales y Solistas tiene por objetivo concentrar toda la informaci\u00f3n sobre los m\u00fasicos del pa\u00eds para incorporarlos a futuras convocatorias a subsidios y vales de producci\u00f3n, que otorgar\u00e1 el Inamu. El Ministerio de Cultura de la Naci\u00f3n puso en marcha el primer registro nacional de m\u00fasicos, el cual busca conocer<\/p>\n","protected":false},"author":2,"featured_media":29425,"comment_status":"closed","ping_status":"closed","sticky":false,"template":"","format":"standard","meta":{"footnotes":""},"categories":[8],"tags":[21],"class_list":["post-29423","post","type-post","status-publish","format-standard","has-post-thumbnail","hentry","category-informe-nacional","tag-argentina"],"_links":{"self":[{"href":"http:\/\/argentinamunicipal.com.ar\/argentina\/wp-json\/wp\/v2\/posts\/29423","targetHints":{"allow":["GET"]}}],"collection":[{"href":"http:\/\/argentinamunicipal.com.ar\/argentina\/wp-json\/wp\/v2\/posts"}],"about":[{"href":"http:\/\/argentinamunicipal.com.ar\/argentina\/wp-json\/wp\/v2\/types\/post"}],"author":[{"embeddable":true,"href":"http:\/\/argentinamunicipal.com.ar\/argentina\/wp-json\/wp\/v2\/users\/2"}],"replies":[{"embeddable":true,"href":"http:\/\/argentinamunicipal.com.ar\/argentina\/wp-json\/wp\/v2\/comments?post=29423"}],"version-history":[{"count":0,"href":"http:\/\/argentinamunicipal.com.ar\/argentina\/wp-json\/wp\/v2\/posts\/29423\/revisions"}],"wp:featuredmedia":[{"embeddable":true,"href":"http:\/\/argentinamunicipal.com.ar\/argentina\/wp-json\/wp\/v2\/media\/29425"}],"wp:attachment":[{"href":"http:\/\/argentinamunicipal.com.ar\/argentina\/wp-json\/wp\/v2\/media?parent=29423"}],"wp:term":[{"taxonomy":"category","embeddable":true,"href":"http:\/\/argentinamunicipal.com.ar\/argentina\/wp-json\/wp\/v2\/categories?post=29423"},{"taxonomy":"post_tag","embeddable":true,"href":"http:\/\/argentinamunicipal.com.ar\/argentina\/wp-json\/wp\/v2\/tags?post=29423"}],"curies":[{"name":"wp","href":"https:\/\/api.w.org\/{rel}","templated":true}]}}