{"id":29613,"date":"2015-05-15T08:43:44","date_gmt":"2015-05-15T11:43:44","guid":{"rendered":"http:\/\/argentinamunicipal.com.ar\/argentina\/?p=29613"},"modified":"2015-05-15T08:43:44","modified_gmt":"2015-05-15T11:43:44","slug":"santa-fe-inauguro-la-primera-radio-extramuros-del-pais-en-la-carcel-de-coronda","status":"publish","type":"post","link":"http:\/\/argentinamunicipal.com.ar\/argentina\/santa-fe-inauguro-la-primera-radio-extramuros-del-pais-en-la-carcel-de-coronda\/","title":{"rendered":"Santa Fe inaugur\u00f3 la primera radio extramuros del pa\u00eds en la c\u00e1rcel de Coronda"},"content":{"rendered":"<p><a href=\"http:\/\/argentinamunicipal.com.ar\/argentina\/wp-content\/uploads\/2015\/05\/radio-coronda.jpg_973718260.jpg\"><img loading=\"lazy\" decoding=\"async\" class=\"aligncenter  wp-image-29614\" src=\"http:\/\/argentinamunicipal.com.ar\/argentina\/wp-content\/uploads\/2015\/05\/radio-coronda.jpg_973718260.jpg\" alt=\"radio-coronda.jpg_973718260\" width=\"653\" height=\"455\" srcset=\"http:\/\/argentinamunicipal.com.ar\/argentina\/wp-content\/uploads\/2015\/05\/radio-coronda.jpg_973718260.jpg 789w, http:\/\/argentinamunicipal.com.ar\/argentina\/wp-content\/uploads\/2015\/05\/radio-coronda.jpg_973718260-300x209.jpg 300w\" sizes=\"auto, (max-width: 653px) 100vw, 653px\" \/><\/a><br \/>\nCuatro internos realizan un programa diario de cinco horas de duraci\u00f3n que se emite por una FM. Se apunta a la reinserci\u00f3n social de las personas privadas de su libertad.<\/p>\n<p>El vicegobernador Jorge Henn y el ministro de Seguridad Ra\u00fal Lamberto participaron de la primera emisi\u00f3n abierta del programa de radio que realiza un grupo de internos de la Unidad Penitenciaria N\u00b0 1 de Coronda.<\/p>\n<p>Los funcionarios pudieron conversar con los participantes del taller de radio que coordina el Instituto Aut\u00e1rquico Provincial de Industrias Penitenciarias (IAPIP) y que tiene como objetivo principal profundizar la adquisici\u00f3n de habilidades que faciliten la reinserci\u00f3n social.<\/p>\n<p>Con la coordinaci\u00f3n de un docente, cuatro internos llevan adelante un programa diario en el horario de 7 a 12 que se emite a trav\u00e9s de la frecuencia Radio M\u00e1gica FM 106.5. Durante las cinco horas se hacen comentarios de noticias publicadas en otros medios y se seleccionan temas musicales para amenizar la emisi\u00f3n.<\/p>\n<p>\u201cFrente a una sociedad que estigmatiza y prejuzga, esta iniciativa nos invita a repensar los objetivos del sistema carcelario. Quiero destacar, que este gobierno ha invertido como nadie en el sistema carcelario. Estamos trabajando, valoramos el trabajo del personal carcelario, tiene que haber una pol\u00edtica de jerarquizaci\u00f3n como la que se est\u00e1 llevando adelante y que, adem\u00e1s, acompa\u00f1a a la que hacemos con los docentes, con las fuerzas de seguridad y todos los trabajadores p\u00fablicos porque, en definitiva, nos estamos haciendo cargo de la construcci\u00f3n de un futuro que tiene que ser m\u00e1s previsible para todos\u201d, se\u00f1al\u00f3 Jorge Henn despu\u00e9s del acto y tras haber compartido un refrigerio con todos los involucrados en este emprendimiento.<\/p>\n<p>Y agreg\u00f3: \u201cEstamos trabajando para que esto se d\u00e9 tambi\u00e9n a quienes est\u00e1n privados de su libertad porque en alg\u00fan momento no lo van a estar y tenemos que facilitar ese proceso de inserci\u00f3n con talleres que nos hacen sentir orgullosos de lo que se est\u00e1 haciendo ac\u00e1\u201d.<\/p>\n<p>El vicegobernador valor\u00f3 que el Ministerio de Seguridad haya repensado el sistema carcelario haciendo foco en brindar herramientas para que los internos puedan, a trav\u00e9s del aprendizaje de oficios y habilidades, reinsertarse en la sociedad cuando cumplan la condena que les fue asignada.<\/p>\n<p>Por su parte, el ministro Lamberto explic\u00f3 que \u201ceste es un taller m\u00e1s que reactivamos en el IAPIP. Ya son 35 los talleres que est\u00e1n en marcha, para una poblaci\u00f3n carcelaria de m\u00e1s de 420 internos, y con los \u00edndices de violencia intramuros m\u00e1s bajos en la historia del servicio penitenciario. Y esto es producto es gran medida del gran aporte que realizan los talleres dentro de las unidades penitenciarias, puesto que no solo les permite aprender un oficio para cuando salgan, sino que tambi\u00e9n pueden ocupar el tiempo\u201d.<br \/>\nCabe destacar que el taller radiof\u00f3nico del IAPIP se lleva adelante hace tiempo en la instituci\u00f3n, pero esta es la primera vez que el programa podr\u00e1 ser escuchado por los vecinos de Coronda y de algunas otras localidades cercanas.<\/p>\n<p>De la actividad tambi\u00e9n participaron el senador provincial, Miguel Lifchitz;; el secretario de Asuntos Penitenciarios, Pablo Cococcioni; el director del IAPIP, Mat\u00edas Fern\u00e1ndez; y el intendente de Coronda, Cristian Bortolotto; entre otras autoridades locales y provinciales.<\/p>\n<p><strong>IAPIP<\/strong><\/p>\n<p>El Instituto Aut\u00e1rquico Provincial de Industrias Penitenciarias fue creado el 25 de agosto de 1986, a trav\u00e9s de la ley N\u00ba 9907, que asigna bajo su direcci\u00f3n los talleres que empleen mano de obra alojada en las distintas unidades penitenciarias de la provincia de Santa Fe.<\/p>\n<p>Todos los talleres que se han creado, reactivado e inaugurado en estos \u00faltimos tiempos son una muestra m\u00e1s del ideario que tiene el gobierno como pol\u00edtica penitenciaria.<\/p>\n<p>El objetivo no es mejorar los encierros sino la vida de aquel que ha tenido que ser encerrado por el sistema penal. Adem\u00e1s, se intenta por todos los mecanismos sociales adecuados crear h\u00e1bitos de trabajo y ense\u00f1ar oficios para que esa persona tenga la posibilidad de una nueva vida.<\/p>\n<h6>Fuente: Uno, Santa Fe<\/h6>\n","protected":false},"excerpt":{"rendered":"<p>Cuatro internos realizan un programa diario de cinco horas de duraci\u00f3n que se emite por una FM. Se apunta a la reinserci\u00f3n social de las personas privadas de su libertad. El vicegobernador Jorge Henn y el ministro de Seguridad Ra\u00fal Lamberto participaron de la primera emisi\u00f3n abierta del programa de radio que realiza un grupo<\/p>\n","protected":false},"author":2,"featured_media":29614,"comment_status":"closed","ping_status":"closed","sticky":false,"template":"","format":"standard","meta":{"footnotes":""},"categories":[2],"tags":[10],"class_list":["post-29613","post","type-post","status-publish","format-standard","has-post-thumbnail","hentry","category-informe-municipal","tag-santa-fe"],"_links":{"self":[{"href":"http:\/\/argentinamunicipal.com.ar\/argentina\/wp-json\/wp\/v2\/posts\/29613","targetHints":{"allow":["GET"]}}],"collection":[{"href":"http:\/\/argentinamunicipal.com.ar\/argentina\/wp-json\/wp\/v2\/posts"}],"about":[{"href":"http:\/\/argentinamunicipal.com.ar\/argentina\/wp-json\/wp\/v2\/types\/post"}],"author":[{"embeddable":true,"href":"http:\/\/argentinamunicipal.com.ar\/argentina\/wp-json\/wp\/v2\/users\/2"}],"replies":[{"embeddable":true,"href":"http:\/\/argentinamunicipal.com.ar\/argentina\/wp-json\/wp\/v2\/comments?post=29613"}],"version-history":[{"count":0,"href":"http:\/\/argentinamunicipal.com.ar\/argentina\/wp-json\/wp\/v2\/posts\/29613\/revisions"}],"wp:featuredmedia":[{"embeddable":true,"href":"http:\/\/argentinamunicipal.com.ar\/argentina\/wp-json\/wp\/v2\/media\/29614"}],"wp:attachment":[{"href":"http:\/\/argentinamunicipal.com.ar\/argentina\/wp-json\/wp\/v2\/media?parent=29613"}],"wp:term":[{"taxonomy":"category","embeddable":true,"href":"http:\/\/argentinamunicipal.com.ar\/argentina\/wp-json\/wp\/v2\/categories?post=29613"},{"taxonomy":"post_tag","embeddable":true,"href":"http:\/\/argentinamunicipal.com.ar\/argentina\/wp-json\/wp\/v2\/tags?post=29613"}],"curies":[{"name":"wp","href":"https:\/\/api.w.org\/{rel}","templated":true}]}}