{"id":29616,"date":"2015-05-15T08:49:24","date_gmt":"2015-05-15T11:49:24","guid":{"rendered":"http:\/\/argentinamunicipal.com.ar\/argentina\/?p=29616"},"modified":"2015-05-22T10:09:39","modified_gmt":"2015-05-22T13:09:39","slug":"la-ciudad-de-rafaela-fue-distinguida-por-la-gestion-de-residuos","status":"publish","type":"post","link":"http:\/\/argentinamunicipal.com.ar\/argentina\/la-ciudad-de-rafaela-fue-distinguida-por-la-gestion-de-residuos\/","title":{"rendered":"La ciudad de Rafaela fue distinguida por la gesti\u00f3n de residuos"},"content":{"rendered":"<p><a href=\"http:\/\/argentinamunicipal.com.ar\/argentina\/wp-content\/uploads\/2015\/05\/872b691c7d5c2dbac39948a41b5fde21.jpg\"><img loading=\"lazy\" decoding=\"async\" class=\"aligncenter  wp-image-29617\" src=\"http:\/\/argentinamunicipal.com.ar\/argentina\/wp-content\/uploads\/2015\/05\/872b691c7d5c2dbac39948a41b5fde21.jpg\" alt=\"872b691c7d5c2dbac39948a41b5fde21\" width=\"682\" height=\"379\" srcset=\"http:\/\/argentinamunicipal.com.ar\/argentina\/wp-content\/uploads\/2015\/05\/872b691c7d5c2dbac39948a41b5fde21.jpg 900w, http:\/\/argentinamunicipal.com.ar\/argentina\/wp-content\/uploads\/2015\/05\/872b691c7d5c2dbac39948a41b5fde21-300x167.jpg 300w\" sizes=\"auto, (max-width: 682px) 100vw, 682px\" \/><\/a><br \/>\nRafaela fue elegida por el Premio a la Innovaci\u00f3n, que otorga la Facultad de Abogac\u00eda. Fueron seleccionadas 86 experiencias de 14 provincias y 34 municipios.<\/p>\n<p>En el Sal\u00f3n Azul de la Facultad de Abogac\u00eda de la Universidad de Buenos Aires (UBA), el presidente del Concejo Municipal, Silvio Bonafede, recibi\u00f3 en nombre de Rafaela el Premio a la Innovaci\u00f3n por el programa de Gesti\u00f3n Integral de Residuos.<\/p>\n<p>La segunda autoridad de la ciudad reemplaz\u00f3 al intendente Luis Castellano, que se qued\u00f3 para participar junto al gobernador Antonio Bonfatti del cierre de \u201cEscuela Abierta\u201d que se dio el martes en Rafaela. El edil estuvo acompa\u00f1ado por los secretarios de Servicios, Espacios P\u00fablicos y Medio Ambiente, Daniel Manera, y de Control de Gesti\u00f3n, Presupuesto y Auditor\u00eda, Marcela Basano.<\/p>\n<p>El Premio a la Innovaci\u00f3n es una iniciativa del Centro de Implementaci\u00f3n de Pol\u00edticas P\u00fablicas para la Equidad y el Crecimiento (CIPPEC), con apoyo del Banco Supervielle, que distingue las pol\u00edticas p\u00fablicas innovadoras de la Argentina.<\/p>\n<p><strong>LA CONTINUIDAD<\/strong><\/p>\n<p>\u201cHay que destacar que la Municipalidad de Rafaela viene llevando a cabo esta gesti\u00f3n de residuos a trav\u00e9s de las distintas gestiones, de los diferentes intendentes. Entonces, cuando hablamos de innovaci\u00f3n y de pol\u00edticas p\u00fablicas, este es un claro ejemplo que muchos gobiernos deben hacer: continuar las pol\u00edticas de sus antecesores\u201d, remarc\u00f3 Manera.<\/p>\n<p>Por su parte, Bonafede sostuvo que \u201cesta es una pol\u00edtica integral llevada sobre la base de la econom\u00eda verde que pretende promover el desarrollo de actividades socio-econ\u00f3micas que permita mejorar la calidad ambiental de la ciudad y, en consecuencia, la calidad de vida de sus habitantes\u201d.<\/p>\n<p>\u201cNos permite demostrar una vez m\u00e1s que las mejoras y las innovaciones, no son ajenas al sector p\u00fablico, que tambi\u00e9n se pueden aplicar buenas pol\u00edticas que hagan al crecimiento y a la calidad de vida de los ciudadanos\u201d, manifest\u00f3 Basano.<\/p>\n<p><strong>TRABAJO CONJUNTO<\/strong><\/p>\n<p>El Premio a la Innovaci\u00f3n, que contribuye a visibilizar experiencias de todo el pa\u00eds que impactan positivamente en la vida de las personas, se otorg\u00f3 en el marco de su segunda edici\u00f3n, que reuni\u00f3 a 86 experiencias de 14 provincias y 34 municipios.<\/p>\n<p>Recordemos que el objetivo del Programa de Gesti\u00f3n Integral de Residuos es promover el desarrollo de actividades socio-econ\u00f3micas que permitan restablecer o mejorar la calidad de vida de la ciudad, por tanto la calidad de vida de sus habitantes.<\/p>\n<p>El Programa surge de una tarea conjunta que llevan adelante la Municipalidad de Rafaela, a trav\u00e9s de la Secretar\u00eda de Servicios, Espacios P\u00fablicos y Medio Ambiente, y el Programa Rafaela+Sustentable. Este Premio es el fruto de un trabajo prolongado y programado en el tiempo y no de actividades aisladas.<\/p>\n<p><strong>EL ACTO<\/strong><\/p>\n<p>El acto de entrega de premios estuvo encabezado por el director Ejecutivo del CIPPEC, Fernando Straface; por el director del Programa de Gesti\u00f3n P\u00fablica, Gonzalo Di\u00e9guez; y la coordinadora del Programa de Desarrollo Local de la instituci\u00f3n, Lorena Schejtman; adem\u00e1s de Atilio Dell\u00b4Oro, directivo del Banco Supervielle.<\/p>\n<p>El Premio a la Innovaci\u00f3n por el programa de Gesti\u00f3n Integral de Residuos a nuestra ciudad fue entregado por uno de los evaluadores de todos los proyectos, Diego Moreno, perteneciente a la Fundaci\u00f3n Vida Silvestre.<\/p>\n<p>Otras 11 iniciativas de los niveles de gobierno municipal, provincial y nacional recibieron reconocimientos en las distintas categor\u00edas. Entre las pol\u00edticas ganadoras se encuentran tres de la provincia de Santa Fe.<\/p>\n<h6>Fuente: Sin Mordaza<\/h6>\n","protected":false},"excerpt":{"rendered":"<p>Rafaela fue elegida por el Premio a la Innovaci\u00f3n, que otorga la Facultad de Abogac\u00eda. Fueron seleccionadas 86 experiencias de 14 provincias y 34 municipios.<\/p>\n","protected":false},"author":2,"featured_media":29617,"comment_status":"closed","ping_status":"closed","sticky":false,"template":"","format":"standard","meta":{"footnotes":""},"categories":[2],"tags":[10],"class_list":["post-29616","post","type-post","status-publish","format-standard","has-post-thumbnail","hentry","category-informe-municipal","tag-santa-fe"],"_links":{"self":[{"href":"http:\/\/argentinamunicipal.com.ar\/argentina\/wp-json\/wp\/v2\/posts\/29616","targetHints":{"allow":["GET"]}}],"collection":[{"href":"http:\/\/argentinamunicipal.com.ar\/argentina\/wp-json\/wp\/v2\/posts"}],"about":[{"href":"http:\/\/argentinamunicipal.com.ar\/argentina\/wp-json\/wp\/v2\/types\/post"}],"author":[{"embeddable":true,"href":"http:\/\/argentinamunicipal.com.ar\/argentina\/wp-json\/wp\/v2\/users\/2"}],"replies":[{"embeddable":true,"href":"http:\/\/argentinamunicipal.com.ar\/argentina\/wp-json\/wp\/v2\/comments?post=29616"}],"version-history":[{"count":0,"href":"http:\/\/argentinamunicipal.com.ar\/argentina\/wp-json\/wp\/v2\/posts\/29616\/revisions"}],"wp:featuredmedia":[{"embeddable":true,"href":"http:\/\/argentinamunicipal.com.ar\/argentina\/wp-json\/wp\/v2\/media\/29617"}],"wp:attachment":[{"href":"http:\/\/argentinamunicipal.com.ar\/argentina\/wp-json\/wp\/v2\/media?parent=29616"}],"wp:term":[{"taxonomy":"category","embeddable":true,"href":"http:\/\/argentinamunicipal.com.ar\/argentina\/wp-json\/wp\/v2\/categories?post=29616"},{"taxonomy":"post_tag","embeddable":true,"href":"http:\/\/argentinamunicipal.com.ar\/argentina\/wp-json\/wp\/v2\/tags?post=29616"}],"curies":[{"name":"wp","href":"https:\/\/api.w.org\/{rel}","templated":true}]}}