{"id":29697,"date":"2015-05-16T09:22:32","date_gmt":"2015-05-16T12:22:32","guid":{"rendered":"http:\/\/argentinamunicipal.com.ar\/argentina\/?p=29697"},"modified":"2015-05-16T09:22:32","modified_gmt":"2015-05-16T12:22:32","slug":"se-realizo-el-encuentro-binacional-entre-argentina-y-chile","status":"publish","type":"post","link":"http:\/\/argentinamunicipal.com.ar\/argentina\/se-realizo-el-encuentro-binacional-entre-argentina-y-chile\/","title":{"rendered":"Se realiz\u00f3 el Encuentro Binacional entre Argentina y Chile"},"content":{"rendered":"<p><a href=\"http:\/\/argentinamunicipal.com.ar\/argentina\/wp-content\/uploads\/2015\/05\/55566e72b10ab_800x533.jpg\"><img loading=\"lazy\" decoding=\"async\" class=\"aligncenter  wp-image-29698\" src=\"http:\/\/argentinamunicipal.com.ar\/argentina\/wp-content\/uploads\/2015\/05\/55566e72b10ab_800x533.jpg\" alt=\"55566e72b10ab_800x533\" width=\"653\" height=\"435\" srcset=\"http:\/\/argentinamunicipal.com.ar\/argentina\/wp-content\/uploads\/2015\/05\/55566e72b10ab_800x533.jpg 800w, http:\/\/argentinamunicipal.com.ar\/argentina\/wp-content\/uploads\/2015\/05\/55566e72b10ab_800x533-300x200.jpg 300w\" sizes=\"auto, (max-width: 653px) 100vw, 653px\" \/><\/a><br \/>\nUn nuevo Encuentro Binacional entre Chile y Argentina, que reuni\u00f3 a Ministros de Estados, Gobernadores y Parlamentarios de ambos pa\u00edses, se realiz\u00f3 hoy y culmin\u00f3 con la firma de importantes acuerdos entre ambas naciones -bajo la presencia de la Presidenta Michelle Bachelet, en el Palacio de la Moneda-, entre los que destacan la conectividad f\u00edsica, promoci\u00f3n de las inversiones y el doble tributaci\u00f3n.<\/p>\n<p>El encuentro signific\u00f3 la VII Reuni\u00f3n Binacional de Ministros, la V Reuni\u00f3n de Gobernadores e Intendentes de la Frontera Com\u00fan, y la XX Comisi\u00f3n Parlamentaria Conjunta Argentino-Chilena que se reunieron, previo a la firma, en el ex Congreso chileno, ubicado en la ciudad de Santiago.<\/p>\n<p>La palabras de apertura estuvieron a cargo del Canciller chileno Heraldo Mu\u00f1oz, el jefe de Gabinete argentino, An\u00edbal Fern\u00e1ndez, el ministro del Interior chileno Jorge Burgos y el canciller H\u00e9ctor Timerman, entre otros, quienes destacaron el excelente momento en que se encuentran las relaciones bilaterales entre ambos pa\u00edses.<\/p>\n<p>Fern\u00e1ndez expres\u00f3 su agradecimiento a las expresi\u00f3n de la pol\u00edtica chilena, \u201cagradezco a los ministros del Gobierno de Chile, parlamentarios y autoridades por su presencia para estar un momento juntos en esta reuni\u00f3n pol\u00edtico social, que recorre una relaci\u00f3n sostenida y fortalecida. Esta no es una moci\u00f3n que nosotros fijemos, sino que los pueblos son los que definen las pol\u00edticas de sus encuentros\u201d.<\/p>\n<p>En este sentido, el Ministro de Relaciones Exteriores chileno, Heraldo Mu\u00f1oz, resalt\u00f3 la importancia de este encuentro para ambos pa\u00edses.<\/p>\n<p>\u201cLa relaci\u00f3n con Argentina -dijo- es partir del Estado. Es por eso que nuestras mandatarias dieron una muestra de la cercan\u00eda que existe entre pa\u00edses, y hace poco m\u00e1s de cinco a\u00f1os, suscribieron el Tratado de Maip\u00fa del 2009, en el cual se establecieron los lineamientos estrat\u00e9gicos para el crecimiento y el progreso de las naciones\u00bb.<\/p>\n<p>Record\u00f3 que \u00abdesde esa fecha hemos trabajado sistem\u00e1ticamente, dedic\u00e1ndonos de manera especial a la integraci\u00f3n subnacional, a la conectividad entre las provincias argentinas y regiones chilenas, y el libre tr\u00e1nsito entre personas y productos\u201d.<\/p>\n<p>Siguiendo esta l\u00ednea, el reci\u00e9n asumido ministro del Interior de Chile, Jorge Burgos, declar\u00f3 ser consciente \u00abde los desaf\u00edos en materia de seguridad, la lucha contra el flagelo de la droga, la integraci\u00f3n de nuestros complejos fronterizos. Se que hay mucho avanzado pero la buena noticia es que avanzar\u00e1 mucho m\u00e1s, por un mejor futuro para nuestros pueblos\u201d.<\/p>\n<p>El canciller Timerman, asegur\u00f3 que estos acuerdos \u201csignifican seguir profundizando la integraci\u00f3n con Chile y tambi\u00e9n profundizar la integraci\u00f3n regional\u00bb, buscando \u00absolucionarle los problemas a la gente en los pasos fronterizos, mejorar los servicios de turismo, de defensa, miner\u00eda, entre otros. En definitiva, crear un estado de relaci\u00f3n en el cual haya menos dificultades para seguir creciendo juntos\u201d, recalc\u00f3.<\/p>\n<p>Despu\u00e9s de la firma, Bachelet agasaj\u00f3 a la comitiva argentina con un almuerzo en el Palacio de La Moneda, en una muestra de agradecimiento por los avances logrados en materia bilateral.<\/p>\n<h6>Fuente: T\u00e9lam<\/h6>\n","protected":false},"excerpt":{"rendered":"<p>Un nuevo Encuentro Binacional entre Chile y Argentina, que reuni\u00f3 a Ministros de Estados, Gobernadores y Parlamentarios de ambos pa\u00edses, se realiz\u00f3 hoy y culmin\u00f3 con la firma de importantes acuerdos entre ambas naciones -bajo la presencia de la Presidenta Michelle Bachelet, en el Palacio de la Moneda-, entre los que destacan la conectividad f\u00edsica,<\/p>\n","protected":false},"author":2,"featured_media":29698,"comment_status":"closed","ping_status":"closed","sticky":false,"template":"","format":"standard","meta":{"footnotes":""},"categories":[8],"tags":[21],"class_list":["post-29697","post","type-post","status-publish","format-standard","has-post-thumbnail","hentry","category-informe-nacional","tag-argentina"],"_links":{"self":[{"href":"http:\/\/argentinamunicipal.com.ar\/argentina\/wp-json\/wp\/v2\/posts\/29697","targetHints":{"allow":["GET"]}}],"collection":[{"href":"http:\/\/argentinamunicipal.com.ar\/argentina\/wp-json\/wp\/v2\/posts"}],"about":[{"href":"http:\/\/argentinamunicipal.com.ar\/argentina\/wp-json\/wp\/v2\/types\/post"}],"author":[{"embeddable":true,"href":"http:\/\/argentinamunicipal.com.ar\/argentina\/wp-json\/wp\/v2\/users\/2"}],"replies":[{"embeddable":true,"href":"http:\/\/argentinamunicipal.com.ar\/argentina\/wp-json\/wp\/v2\/comments?post=29697"}],"version-history":[{"count":0,"href":"http:\/\/argentinamunicipal.com.ar\/argentina\/wp-json\/wp\/v2\/posts\/29697\/revisions"}],"wp:featuredmedia":[{"embeddable":true,"href":"http:\/\/argentinamunicipal.com.ar\/argentina\/wp-json\/wp\/v2\/media\/29698"}],"wp:attachment":[{"href":"http:\/\/argentinamunicipal.com.ar\/argentina\/wp-json\/wp\/v2\/media?parent=29697"}],"wp:term":[{"taxonomy":"category","embeddable":true,"href":"http:\/\/argentinamunicipal.com.ar\/argentina\/wp-json\/wp\/v2\/categories?post=29697"},{"taxonomy":"post_tag","embeddable":true,"href":"http:\/\/argentinamunicipal.com.ar\/argentina\/wp-json\/wp\/v2\/tags?post=29697"}],"curies":[{"name":"wp","href":"https:\/\/api.w.org\/{rel}","templated":true}]}}