{"id":29715,"date":"2015-05-16T16:50:25","date_gmt":"2015-05-16T19:50:25","guid":{"rendered":"http:\/\/argentinamunicipal.com.ar\/argentina\/?p=29715"},"modified":"2015-05-16T16:50:25","modified_gmt":"2015-05-16T19:50:25","slug":"el-intendente-de-santa-fe-reclamo-la-presencia-permanente-de-gendarmeria-en-la-ciudad","status":"publish","type":"post","link":"http:\/\/argentinamunicipal.com.ar\/argentina\/el-intendente-de-santa-fe-reclamo-la-presencia-permanente-de-gendarmeria-en-la-ciudad\/","title":{"rendered":"El Intendente de Santa Fe\u00a0reclam\u00f3 la presencia permanente de Gendarmer\u00eda en la ciudad"},"content":{"rendered":"<p><a href=\"http:\/\/argentinamunicipal.com.ar\/argentina\/wp-content\/uploads\/2015\/05\/Gendarmes.jpg_973718260.jpg\"><img loading=\"lazy\" decoding=\"async\" class=\"aligncenter  wp-image-29716\" src=\"http:\/\/argentinamunicipal.com.ar\/argentina\/wp-content\/uploads\/2015\/05\/Gendarmes.jpg_973718260.jpg\" alt=\"Gendarmes.jpg_973718260\" width=\"618\" height=\"431\" srcset=\"http:\/\/argentinamunicipal.com.ar\/argentina\/wp-content\/uploads\/2015\/05\/Gendarmes.jpg_973718260.jpg 789w, http:\/\/argentinamunicipal.com.ar\/argentina\/wp-content\/uploads\/2015\/05\/Gendarmes.jpg_973718260-300x209.jpg 300w\" sizes=\"auto, (max-width: 618px) 100vw, 618px\" \/><\/a><br \/>\nJos\u00e9 Corral evalu\u00f3 como una necesidad la instalaci\u00f3n de un destacamento de la fuerza nacional en la ciudad para que colabore a combatir la actividad del narcotr\u00e1fico y la inseguridad en la regi\u00f3n. Dijo que no ser\u00eda bueno que \u201cvengan por unos d\u00edas\u201d, en referencia al desembarco de la fuerza en Rosario durante 2014.<\/p>\n<p>El intendente Jos\u00e9 Corral disert\u00f3 en la apertura oficial del Congreso de Confederaciones Rurales Argentinas, que se realiza en el centro de convenciones Los Maderos, en el Dique 1 del Puerto. M\u00e1s all\u00e1 de las valoraciones sobre la jornada agropecuaria, en la ocasi\u00f3n Corral fue consultado sobre la aprobaci\u00f3n del pedido para que Gendarmer\u00eda patrulle las calles de la ciudad. El jueves pasado, en la sesi\u00f3n del Senado, el cuerpo aprob\u00f3 un proyecto de comunicaci\u00f3n presentado por el senador Hugo Marcucci para incluir al departamento La Capital en el pedido que realiz\u00f3 la intendenta rosarina M\u00f3nica Fein para que Gendarmer\u00eda patrulle las calles de su ciudad.<\/p>\n<p>Siguiendo la l\u00ednea del mensaje, Corral manifest\u00f3 la necesidad de contar con un cuerpo permanente de gendarmes en la ciudad capital y que este es un reclamo que viene desde hace tiempo.<\/p>\n<p>\u201cNo es posible que teniendo tantas rutas nacionales como la N\u00ba 19, la N\u00ba 168 y la N\u00ba 11 y con los fen\u00f3menos del narcotr\u00e1fico que circulan por esas rutas y los problemas que tenemos de inseguridad en la ciudad, no haya una dotaci\u00f3n permanente de Gendarmer\u00eda\u201d, valor\u00f3 el intendente.<\/p>\n<p>\u201cHace falta una presencia de Gendarmer\u00eda que no queremos que sea por unos d\u00edas como ocurri\u00f3 en Rosario, porque eso tampoco es bueno que est\u00e9n unas semanas y despu\u00e9s se vayan, porque los problemas contin\u00faan; queremos una dotaci\u00f3n permanente\u201d, recalc\u00f3 el intendente.<\/p>\n<p>Corral fue consultado sobre el pedido que hab\u00edan realizado desde las fuerzas para contar con un espacio propio en el \u00e1mbito de la ciudad. En ese sentido, explic\u00f3 que el municipio brind\u00f3 diferentes alternativas para que el cuerpo pueda instalarse de manera permanente y con una dotaci\u00f3n espec\u00edfica para realizar sus tareas. \u201cEl narcotr\u00e1fico es un delito federal, las rutas nacionales no las puede cuidar el municipio, hay una serie de actividades que tiene que realizar Gendarmer\u00eda\u201d,se\u00f1al\u00f3.<\/p>\n<p>Entre las distintas opciones que hab\u00eda evaluado el municipio para instalar un cuartel destinado a Gendarmer\u00eda, para Corral la m\u00e1s viable era la zona de Interpuerto, donde tambi\u00e9n se instalar\u00e1 el Senasa y el cual est\u00e1 en cercan\u00edas a la avenida Circunvalaci\u00f3n Oeste, frente al Parque Industrial Los Pol\u00edgonos.<\/p>\n<p>\u201cTenemos disponible incluso una propiedad para que el Estado la pueda comprar. Ese es el lugar ideal porque est\u00e1n sobre una ruta que va a ser la futura ruta 11 (que actualmente cruza por el ejido urbano de Santa Fe). Es la ubicaci\u00f3n m\u00e1s adecuada, es autov\u00eda, tiene conexi\u00f3n con los cuatro puntos cardinales y podr\u00edan ayudar a cuidar los barrios del norte de la ciudad\u201d, explic\u00f3 el funcionario, quien agreg\u00f3 que a\u00fan no hay una respuesta a la propuesta.<\/p>\n<p>En tanto, el vicegobernador Jorge Henn, en di\u00e1logo con LT10, sostuvo: \u201cHace tiempo que venimos planteando la necesidad de que los gendarmes est\u00e9n en la ciudad de Santa Fe. El planteo lo hace el gobernador de la provincia pero no es una decisi\u00f3n de \u00e9l. Esto tiene que ver con entender que la presencia de Gendarmer\u00eda no debe ser producto de una negociaci\u00f3n o un acuerdo, sino de una convicci\u00f3n de que es un tema federal. Queremos que hagan lo que hacen en otros lugares, nada m\u00e1s\u201d.<\/p>\n<p>Luego Henn insisti\u00f3 con que \u201cel narcotr\u00e1fico es un problema federal. No existe una sola experiencia en el mundo del abordaje de una econom\u00eda delictiva tan importante como esta si no es con el liderazgo absoluto del Gobierno Nacional\u201d.<\/p>\n<p>En otro orden, el vicegobernador pidi\u00f3 a los postulantes de la oposici\u00f3n en la provincia \u201chacer planteos serios\u201d. En ese sentido, aludi\u00f3 a Miguel Torres Del Sel, al decir: \u201cEscuch\u00e9 a un candidato a gobernador en un medio nacional diciendo que el primer d\u00eda va a echar a los narcos a patadas. Esto es m\u00e1s complejo. Tiene que ver con pol\u00edticas de fondo\u201d.<\/p>\n<p>\u201cPor eso \u2013continu\u00f3\u2013 vamos a seguir reclamando para lograr respuestas concretas en un tema que tiene que ver con un problema federal y con una fuerza pensada al efecto, porque la provincia no tiene competencia y tendr\u00eda problemas si se involucra directamente en \u00e9l\u201d.<\/p>\n<h6>Fuente: Uno, Santa Fe<\/h6>\n","protected":false},"excerpt":{"rendered":"<p>Jos\u00e9 Corral evalu\u00f3 como una necesidad la instalaci\u00f3n de un destacamento de la fuerza nacional en la ciudad para que colabore a combatir la actividad del narcotr\u00e1fico y la inseguridad en la regi\u00f3n. Dijo que no ser\u00eda bueno que \u201cvengan por unos d\u00edas\u201d, en referencia al desembarco de la fuerza en Rosario durante 2014. El<\/p>\n","protected":false},"author":2,"featured_media":29716,"comment_status":"closed","ping_status":"closed","sticky":false,"template":"","format":"standard","meta":{"footnotes":""},"categories":[49],"tags":[10],"class_list":["post-29715","post","type-post","status-publish","format-standard","has-post-thumbnail","hentry","category-seguridad","tag-santa-fe"],"_links":{"self":[{"href":"http:\/\/argentinamunicipal.com.ar\/argentina\/wp-json\/wp\/v2\/posts\/29715","targetHints":{"allow":["GET"]}}],"collection":[{"href":"http:\/\/argentinamunicipal.com.ar\/argentina\/wp-json\/wp\/v2\/posts"}],"about":[{"href":"http:\/\/argentinamunicipal.com.ar\/argentina\/wp-json\/wp\/v2\/types\/post"}],"author":[{"embeddable":true,"href":"http:\/\/argentinamunicipal.com.ar\/argentina\/wp-json\/wp\/v2\/users\/2"}],"replies":[{"embeddable":true,"href":"http:\/\/argentinamunicipal.com.ar\/argentina\/wp-json\/wp\/v2\/comments?post=29715"}],"version-history":[{"count":0,"href":"http:\/\/argentinamunicipal.com.ar\/argentina\/wp-json\/wp\/v2\/posts\/29715\/revisions"}],"wp:featuredmedia":[{"embeddable":true,"href":"http:\/\/argentinamunicipal.com.ar\/argentina\/wp-json\/wp\/v2\/media\/29716"}],"wp:attachment":[{"href":"http:\/\/argentinamunicipal.com.ar\/argentina\/wp-json\/wp\/v2\/media?parent=29715"}],"wp:term":[{"taxonomy":"category","embeddable":true,"href":"http:\/\/argentinamunicipal.com.ar\/argentina\/wp-json\/wp\/v2\/categories?post=29715"},{"taxonomy":"post_tag","embeddable":true,"href":"http:\/\/argentinamunicipal.com.ar\/argentina\/wp-json\/wp\/v2\/tags?post=29715"}],"curies":[{"name":"wp","href":"https:\/\/api.w.org\/{rel}","templated":true}]}}