{"id":29740,"date":"2015-05-18T11:05:56","date_gmt":"2015-05-18T14:05:56","guid":{"rendered":"http:\/\/argentinamunicipal.com.ar\/argentina\/?p=29740"},"modified":"2015-05-22T10:09:53","modified_gmt":"2015-05-22T13:09:53","slug":"invirtieron-2385-millones-en-obras-de-vivienda-en-concordia","status":"publish","type":"post","link":"http:\/\/argentinamunicipal.com.ar\/argentina\/invirtieron-2385-millones-en-obras-de-vivienda-en-concordia\/","title":{"rendered":"Invirtieron $238,5 millones en obras de vivienda en Concordia"},"content":{"rendered":"<div id=\"attachment_29741\" style=\"width: 650px\" class=\"wp-caption aligncenter\"><a href=\"http:\/\/argentinamunicipal.com.ar\/argentina\/wp-content\/uploads\/2015\/05\/o_1431750668.jpg\"><img loading=\"lazy\" decoding=\"async\" aria-describedby=\"caption-attachment-29741\" class=\"size-full wp-image-29741\" src=\"http:\/\/argentinamunicipal.com.ar\/argentina\/wp-content\/uploads\/2015\/05\/o_1431750668.jpg\" alt=\"El intendente Bordet destac\u00f3 el beneficio de la vivienda para los vecinos de Concordia.\" width=\"640\" height=\"360\" srcset=\"http:\/\/argentinamunicipal.com.ar\/argentina\/wp-content\/uploads\/2015\/05\/o_1431750668.jpg 640w, http:\/\/argentinamunicipal.com.ar\/argentina\/wp-content\/uploads\/2015\/05\/o_1431750668-300x169.jpg 300w\" sizes=\"auto, (max-width: 640px) 100vw, 640px\" \/><\/a><p id=\"caption-attachment-29741\" class=\"wp-caption-text\">El intendente Bordet destac\u00f3 el beneficio de la vivienda para los vecinos de Concordia.<\/p><\/div>\n<p>Desde la Municipalidad de Concordia se dio cuenta de la inversi\u00f3n realizada en obras de viviendas durante los \u00faltimos siete a\u00f1os, la que ascendi\u00f3 a 238,5 millones de pesos, destacando la acci\u00f3n de relocalizaci\u00f3n de familias que viv\u00edan en zonas inundables.<\/p>\n<p>\u201cPara la gesti\u00f3n municipal la pol\u00edtica de vivienda es prioritaria. Por eso, en estos a\u00f1os se han impulsado, gestionado y concretado diversos planes o programas nacionales y provinciales de acceso a la vivienda que hicieron posible la construcci\u00f3n de cerca de 1.100 nuevas casas en esa ciudad. Esto constituye una inversi\u00f3n total superior a los 238,5 millones de pesos que se han volcado en la edificaci\u00f3n de nuevas viviendas en estos m\u00e1s de 7 a\u00f1os de gesti\u00f3n\u201d, detall\u00f3 el intendente de la Capital del Citrus, Gustavo Bordet, y apunt\u00f3 que en la actualidad se est\u00e1n ejecutando otras 1.600 unidades. \u201cSiempre tuvimos el apoyo del gobernador Sergio Urribarri y del Gobierno nacional para todos estos programas y planes de viviendas que han trasformado radicalmente la realidad de miles de familias concordienses\u201d, agreg\u00f3 el jefe comunal.<\/p>\n<p>Detall\u00f3 que en el plan estrat\u00e9gico sobe la pol\u00edtica habitacional la prioridad fue la relocalizaci\u00f3n de cientos de familias que viv\u00edan en zonas ribere\u00f1as que sufr\u00edan en cada creciente del Uruguay. \u201cLuego de la creciente del a\u00f1o 2009, que afect\u00f3 de forma notable a la regi\u00f3n, tomamos la firme decisi\u00f3n de implementar un ambicioso programa para la construcci\u00f3n de 400 viviendas de inter\u00e9s social que completamos con otras 200 que en estos a\u00f1os hemos relocalizado\u201d, mencion\u00f3 Bordet.<\/p>\n<p>Explic\u00f3 que esta acci\u00f3n tuvo como consecuencia directa que la cantidad de afectados por la \u00faltima gran inundaci\u00f3n de junio de 2014, (la tercera m\u00e1s importante en la historia de la ciudad de Concordia), disminuyera con relaci\u00f3n a la de 2009, registr\u00e1ndose 500 evacuaciones menos que en esa ocasi\u00f3n. Bordet destac\u00f3 tambi\u00e9n la incorporaci\u00f3n de servicios con obras complementarias como cloacas, iluminaci\u00f3n, mejoramiento de calles o pavimentaci\u00f3n. Adem\u00e1s, de los espacios verdes y de recreaci\u00f3n construidos en lo que antes eran zonas inundables. Mencion\u00f3 asimismo el impacto que esas obras poseen en el sector de la construcci\u00f3n, en la generaci\u00f3n de empleo y en la econom\u00eda local.<\/p>\n<p><strong>URBANIZACI\u00d3N<\/strong>. Desde la comuna se indic\u00f3 que en la zona noroeste de la ciudad se relocalizaron definitivamente cerca de 200 familias provenientes de asentamientos en zonas inundables. Se detall\u00f3 que en barrio Los P\u00e1jaros, donde ya se incorpor\u00f3 la infraestructura de servicios p\u00fablicos, se comenzar\u00e1 pr\u00f3ximamente la construcci\u00f3n de 80 viviendas del programa Urbanizaci\u00f3n de Villas y Asentamientos Precarios. Tambi\u00e9n se construye all\u00ed un Centro Integrador Comunitario y un Centro Preventivo Local de Adicciones (CEPLA), con financiamiento del Sedronar.<\/p>\n<p><strong>BREVE <\/strong><br \/>\n<strong>Se reuni\u00f3 el Consejo Municipal de la Mujer<\/strong><\/p>\n<p>La intendenta Blanca Osuna convoc\u00f3 a una reuni\u00f3n extraordinaria del Consejo Municipal de la Mujer para abordar temas relacionados con la violencia contra las mujeres y otras cuestiones en el marco las pol\u00edticas p\u00fablicas que el municipio lleva adelante en la ciudad de Paran\u00e1. En ese sentido, se consensu\u00f3 una declaraci\u00f3n y la promoci\u00f3n de la campa\u00f1a nacional Ni Una Menos en Paran\u00e1, que tendr\u00e1 lugar el 3 de junio de forma simult\u00e1nea en todo el pa\u00eds.<\/p>\n<p>\u201cEs un momento para reafirmar las pol\u00edticas que hemos promovido, que venimos sosteniendo y requieren fortalecimiento continuo\u201d, sostuvo la intendenta.<\/p>\n<p>En la reuni\u00f3n, se declar\u00f3 la importancia de avanzar en la propuesta legislativa para incorporar la violencia familiar como tipo penal espec\u00edfico, fortalecer la prevenci\u00f3n y promoci\u00f3n de derechos de las mujeres con j\u00f3venes en las escuelas secundarias, promover los derechos de las mujeres y prevenir la violencia de g\u00e9nero en los operativos municipales y participar activamente en la convocatoria del lunes 18 de mayo, a las 18.30, frente a tribunales, para reclamar avances en la causa Agustina Turano.<\/p>\n<p>Estuvieron presentes en el encuentro la secretaria de Derechos Humanos, Salud y Educaci\u00f3n, Florencia Amore; la subsecretaria de la Mujer, Miriam Bianqueri; Marcia L\u00f3pez por la Direcci\u00f3n de Asistencia a la V\u00edctima; Lucy Grimalt, titular del Inadi; adem\u00e1s de integrantes de la Subsecretar\u00eda de la Mujer Municipal, de la Secretar\u00eda de la Ni\u00f1ez Adolescencia y Familia, Facultad de Trabajo Social, y del Instituto de Estudios Psicosociales de Entre R\u00edos. Tambi\u00e9n participaron integrantes de las organizaciones sociales Mujeres Tramando, MUPEA, Agrupaci\u00f3n Martin Fierro Diversidad, Agrupaci\u00f3n Descamisados, Jard\u00edn Maternal Municipal Tortuguitas, Red de Alerta (CTA Paran\u00e1), Sindicato de Empresas de Casas de Familia (CTA Paran\u00e1); C\u00e1ritas, comisiones Vecinales de: Bajada Grande, Mitre, Balbi, La Floresta, Plan Piloto Ram\u00edrez, Mosconi nuevo, Larramendi y Giachino.<\/p>\n<h6>Fuente: El Diario, Entre R\u00edos<\/h6>\n","protected":false},"excerpt":{"rendered":"<p>Desde la Municipalidad de Concordia se dio cuenta de la inversi\u00f3n realizada en obras de viviendas durante los \u00faltimos siete a\u00f1os, la que ascendi\u00f3 a 238,5 millones de pesos, destacando la acci\u00f3n de relocalizaci\u00f3n de familias que viv\u00edan en zonas inundables. \u201cPara la gesti\u00f3n municipal la pol\u00edtica de vivienda es prioritaria. Por eso, en estos<\/p>\n","protected":false},"author":2,"featured_media":29741,"comment_status":"closed","ping_status":"closed","sticky":false,"template":"","format":"standard","meta":{"footnotes":""},"categories":[2],"tags":[17],"class_list":["post-29740","post","type-post","status-publish","format-standard","has-post-thumbnail","hentry","category-informe-municipal","tag-entre-rios"],"_links":{"self":[{"href":"http:\/\/argentinamunicipal.com.ar\/argentina\/wp-json\/wp\/v2\/posts\/29740","targetHints":{"allow":["GET"]}}],"collection":[{"href":"http:\/\/argentinamunicipal.com.ar\/argentina\/wp-json\/wp\/v2\/posts"}],"about":[{"href":"http:\/\/argentinamunicipal.com.ar\/argentina\/wp-json\/wp\/v2\/types\/post"}],"author":[{"embeddable":true,"href":"http:\/\/argentinamunicipal.com.ar\/argentina\/wp-json\/wp\/v2\/users\/2"}],"replies":[{"embeddable":true,"href":"http:\/\/argentinamunicipal.com.ar\/argentina\/wp-json\/wp\/v2\/comments?post=29740"}],"version-history":[{"count":0,"href":"http:\/\/argentinamunicipal.com.ar\/argentina\/wp-json\/wp\/v2\/posts\/29740\/revisions"}],"wp:featuredmedia":[{"embeddable":true,"href":"http:\/\/argentinamunicipal.com.ar\/argentina\/wp-json\/wp\/v2\/media\/29741"}],"wp:attachment":[{"href":"http:\/\/argentinamunicipal.com.ar\/argentina\/wp-json\/wp\/v2\/media?parent=29740"}],"wp:term":[{"taxonomy":"category","embeddable":true,"href":"http:\/\/argentinamunicipal.com.ar\/argentina\/wp-json\/wp\/v2\/categories?post=29740"},{"taxonomy":"post_tag","embeddable":true,"href":"http:\/\/argentinamunicipal.com.ar\/argentina\/wp-json\/wp\/v2\/tags?post=29740"}],"curies":[{"name":"wp","href":"https:\/\/api.w.org\/{rel}","templated":true}]}}