{"id":29805,"date":"2015-05-18T10:10:35","date_gmt":"2015-05-18T13:10:35","guid":{"rendered":"http:\/\/argentinamunicipal.com.ar\/argentina\/?p=29805"},"modified":"2015-05-18T11:44:57","modified_gmt":"2015-05-18T14:44:57","slug":"18-de-mayo-dia-de-la-escarapela","status":"publish","type":"post","link":"http:\/\/argentinamunicipal.com.ar\/argentina\/18-de-mayo-dia-de-la-escarapela\/","title":{"rendered":"18 de mayo D\u00eda de la Escarapela"},"content":{"rendered":"<p><a href=\"http:\/\/argentinamunicipal.com.ar\/argentina\/wp-content\/uploads\/2015\/05\/18-de-Mayo-Dia-de-la-Escarapela.jpg\"><img loading=\"lazy\" decoding=\"async\" class=\"aligncenter size-full wp-image-29806\" src=\"http:\/\/argentinamunicipal.com.ar\/argentina\/wp-content\/uploads\/2015\/05\/18-de-Mayo-Dia-de-la-Escarapela.jpg\" alt=\"18-de-Mayo-Dia-de-la-Escarapela\" width=\"647\" height=\"437\" srcset=\"http:\/\/argentinamunicipal.com.ar\/argentina\/wp-content\/uploads\/2015\/05\/18-de-Mayo-Dia-de-la-Escarapela.jpg 647w, http:\/\/argentinamunicipal.com.ar\/argentina\/wp-content\/uploads\/2015\/05\/18-de-Mayo-Dia-de-la-Escarapela-300x203.jpg 300w\" sizes=\"auto, (max-width: 647px) 100vw, 647px\" \/><\/a><\/p>\n<p><strong>El Origen de la Escarapela<\/strong><\/p>\n<p>El D\u00eda de la Escarapela, como 18 de mayo, fue instituido por el Consejo Nacional de Educaci\u00f3n, en el a\u00f1o 1935. (Res. 13-5-1935, Expte. 9602-9\u00ba-935).<\/p>\n<p>El origen de los colores de la escarapela y las razones por las que fueron elegidos para simbolizar a la Patria no pueden establecerse con precisi\u00f3n.<\/p>\n<p>Entre muchas versiones, una afirma que los colores blanco y celeste fueron adoptados por primera vez durante las invasiones inglesas (1806-1807) por los Patricios, el primer cuerpo de milicia urbana del R\u00edo de la Plata y que luego empezaron a popularizarse entre los nativos. Se dice tambi\u00e9n que la escarapela argentina fue utilizada por primera vez por un grupo de damas de Buenos Aires al presentarse a una entrevista con el entonces coronel Cornelio de Saavedra, jefe del regimiento de Patricios, el 19 de mayo de 1810.<\/p>\n<p>Lo cierto es que el 13 de febrero de 1812 Manuel Belgrano -mediante una nota- solicit\u00f3 al Triunvirato que se fije el uso de la escarapela nacional. \u00abManuel Belgrano no vio el cielo celeste y las nubes blancas, y en esto se inspir\u00f3 para crear la Bandera nacional (&#8230;)\u00bb<br \/>\n(Fuente: Mart\u00edn A.Cagliani: La P\u00e1gina del Conocimiento). Se fundaba en que los cuerpos del ej\u00e9rcito usaban escarapelas de distintos colores y que era necesario uniformarlos a todos, puesto que defend\u00edan la misma causa. El 18 de febrero de ese a\u00f1o, el Gobierno resolvi\u00f3 reconocer la Escarapela Nacional de las Provincias Unidas del R\u00edo de la Plata con los colores blanco y azul celeste.<\/p>\n<p>\u00ab(&#8230;) Entusiasmado con la medida, Belgrano dise\u00f1\u00f3 una bandera con los mismos colores y la hizo jurar el 27 de febrero. Ese mismo d\u00eda, el Triunvirato orden\u00f3 a Belgrano hacerse cargo del Ej\u00e9rcito del Norte, desmoralizado despu\u00e9s de la derrota de Huaqui. El general emprendi\u00f3 la marcha al norte de inmediato y,\u00a0 por esta raz\u00f3n, no se enter\u00f3 del rotundo rechazo del gobierno a la nueva bandera.\u00bb (Fuente: Historia Visual de la Argentina, Clar\u00edn, Cap\u00edtulo 21, \u201cLa Revoluci\u00f3n y el Alto Per\u00fa (I)\u201d, \u2018Belgrano crea la Bandera\u2019)<\/p>\n<p>Ese 27 de febrero de 1812 Belgrano inaugur\u00f3 las bater\u00edas Libertad e Independencia e inform\u00f3 al Gobierno: \u00abSiendo preciso enarbolar la bandera, y no teni\u00e9ndola, la mand\u00e9 hacer celeste y blanca, conforme a los colores de la escarapela nacional&#8230;\u00bb<\/p>\n<p>\u00ab(&#8230;) Los colores nacionales se usaron en la Argentina desde 1811, en la escarapela famosa err\u00f3neamente atribuida a la distribuci\u00f3n de French y Beruti del a\u00f1o anterior. Proven\u00edan de los colores borb\u00f3nicos, de la casa de Fernando VII (rey ausente de Espa\u00f1a). La escarapela blanca y celeste ya hab\u00eda sido utilizada por Pueyrred\u00f3n y otros camaradas durante las Invasiones Inglesas. La escarapela es creada por decreto el 18 de febrero de 1812 (&#8230;)\u00bb (Fuente: Mart\u00edn A.Cagliani: La P\u00e1gina del Conocimiento)<\/p>\n<h6>Fuente:\u00a0www.me.gov.ar<\/h6>\n","protected":false},"excerpt":{"rendered":"<p>El Origen de la Escarapela El D\u00eda de la Escarapela, como 18 de mayo, fue instituido por el Consejo Nacional de Educaci\u00f3n, en el a\u00f1o 1935. (Res. 13-5-1935, Expte. 9602-9\u00ba-935). El origen de los colores de la escarapela y las razones por las que fueron elegidos para simbolizar a la Patria no pueden establecerse con<\/p>\n","protected":false},"author":2,"featured_media":29809,"comment_status":"closed","ping_status":"closed","sticky":false,"template":"","format":"standard","meta":{"footnotes":""},"categories":[47],"tags":[21],"class_list":["post-29805","post","type-post","status-publish","format-standard","has-post-thumbnail","hentry","category-fiestas","tag-argentina"],"_links":{"self":[{"href":"http:\/\/argentinamunicipal.com.ar\/argentina\/wp-json\/wp\/v2\/posts\/29805","targetHints":{"allow":["GET"]}}],"collection":[{"href":"http:\/\/argentinamunicipal.com.ar\/argentina\/wp-json\/wp\/v2\/posts"}],"about":[{"href":"http:\/\/argentinamunicipal.com.ar\/argentina\/wp-json\/wp\/v2\/types\/post"}],"author":[{"embeddable":true,"href":"http:\/\/argentinamunicipal.com.ar\/argentina\/wp-json\/wp\/v2\/users\/2"}],"replies":[{"embeddable":true,"href":"http:\/\/argentinamunicipal.com.ar\/argentina\/wp-json\/wp\/v2\/comments?post=29805"}],"version-history":[{"count":0,"href":"http:\/\/argentinamunicipal.com.ar\/argentina\/wp-json\/wp\/v2\/posts\/29805\/revisions"}],"wp:featuredmedia":[{"embeddable":true,"href":"http:\/\/argentinamunicipal.com.ar\/argentina\/wp-json\/wp\/v2\/media\/29809"}],"wp:attachment":[{"href":"http:\/\/argentinamunicipal.com.ar\/argentina\/wp-json\/wp\/v2\/media?parent=29805"}],"wp:term":[{"taxonomy":"category","embeddable":true,"href":"http:\/\/argentinamunicipal.com.ar\/argentina\/wp-json\/wp\/v2\/categories?post=29805"},{"taxonomy":"post_tag","embeddable":true,"href":"http:\/\/argentinamunicipal.com.ar\/argentina\/wp-json\/wp\/v2\/tags?post=29805"}],"curies":[{"name":"wp","href":"https:\/\/api.w.org\/{rel}","templated":true}]}}