{"id":29954,"date":"2015-05-20T09:23:54","date_gmt":"2015-05-20T12:23:54","guid":{"rendered":"http:\/\/argentinamunicipal.com.ar\/argentina\/?p=29954"},"modified":"2015-05-22T10:08:50","modified_gmt":"2015-05-22T13:08:50","slug":"historica-apertura-en-la-television-abierta-con-la-incorporacion-de-medios-populares","status":"publish","type":"post","link":"http:\/\/argentinamunicipal.com.ar\/argentina\/historica-apertura-en-la-television-abierta-con-la-incorporacion-de-medios-populares\/","title":{"rendered":"Hist\u00f3rica apertura en la televisi\u00f3n abierta con la incorporaci\u00f3n de medios populares"},"content":{"rendered":"<p><a href=\"http:\/\/argentinamunicipal.com.ar\/argentina\/wp-content\/uploads\/2015\/05\/50414afaca179_800x520.jpg\"><img loading=\"lazy\" decoding=\"async\" class=\"aligncenter  wp-image-29955\" src=\"http:\/\/argentinamunicipal.com.ar\/argentina\/wp-content\/uploads\/2015\/05\/50414afaca179_800x520.jpg\" alt=\"50414afaca179_800x520\" width=\"672\" height=\"437\" srcset=\"http:\/\/argentinamunicipal.com.ar\/argentina\/wp-content\/uploads\/2015\/05\/50414afaca179_800x520.jpg 800w, http:\/\/argentinamunicipal.com.ar\/argentina\/wp-content\/uploads\/2015\/05\/50414afaca179_800x520-300x195.jpg 300w\" sizes=\"auto, (max-width: 672px) 100vw, 672px\" \/><\/a><br \/>\nTras m\u00e1s de 45 a\u00f1os sin nuevos canales de televisi\u00f3n abierta, empresas y organizaciones sociales presentaron hoy propuestas para nuevas se\u00f1ales de Televisi\u00f3n Digital Abierta (TDA), en un proceso de licitaci\u00f3n p\u00fablico que prev\u00e9 la regularizaci\u00f3n de algunas emisoras que ya operan y la hist\u00f3rica incorporaci\u00f3n de medios comunitarios y populares en el universo audiovisual, seg\u00fan inform\u00f3 la Autoridad Federal de Servicios de Comunicaci\u00f3n Audiovisual (Afsca).<\/p>\n<p>Se desarrolla en el marco de un proceso de licitaci\u00f3n p\u00fablico que prev\u00e9 la regularizaci\u00f3n de algunas emisoras que ya operan y la hist\u00f3rica incorporaci\u00f3n de medios comunitarios y populares en el universo audiovisual, seg\u00fan inform\u00f3 la Autoridad Federal de Servicios de Comunicaci\u00f3n Audiovisual (AFSCA).<\/p>\n<p>Un total de 82 canales comerciales y sin fines de lucro, de alta y baja potencia en todo el pa\u00eds, forman parte del proceso de licitaci\u00f3n impulsado por el AFSCA, que esta ma\u00f1ana recibi\u00f3 propuestas para los concursos de un operador (prestador de la se\u00f1al con infraestructura) y tres licenciatarios (prestadores) para organizaciones con y sin fines de lucro.<\/p>\n<p>La aparici\u00f3n m\u00e1s destacada dentro de ese escenario es la irrupci\u00f3n de medios desarrollados por experiencias populares, una novedad en el campo televisivo, hist\u00f3ricamente dominado por proyectos comerciales y privados bajo una regulaci\u00f3n excluyente.<\/p>\n<p>El movimiento de apertura no puso ser m\u00e1s variopinto. Por caso, en el categor\u00eda de operador de una licencia para el radio de 10 kil\u00f3metros en Capital competir\u00e1n el canal Barricada TV, que funciona dentro del IMPA de Almagro -primera f\u00e1brica recuperada- con una agenda contrainformativa- y lleva 6 a\u00f1os de emisiones ininterrumpidas, contra la propuesta (no funciona hasta el momento) \u00abCristo la Soluci\u00f3n\u00bb, presentada por una fundaci\u00f3n del mismo nombre. La disyuntiva simboliza en s\u00ed misma los criterios de una pol\u00edtica comunicacional.<\/p>\n<p>\u00abSe trata de avanzar en una televisi\u00f3n m\u00e1s plural y diversa\u00bb, explic\u00f3 Daniel Larrache, director de Administracion, Gesti\u00f3n y Desarrollo del AFSCA.<\/p>\n<p>\u00abLlegamos hasta ac\u00e1 despu\u00e9s de veinte a\u00f1os de luchas del pueblo por construir sus propias herramientas de comunicaci\u00f3n\u00bb, reflexion\u00f3 el historiador Guillermo Caviasca, uno de los representantes de la experiencia de Barricada Tv.<\/p>\n<p>En la misma categor\u00eda de baja potencia tambi\u00e9n se presentaron hoy el canal Pares TV, con anclaje en el partido bonaerense de Luj\u00e1n; la experiencia Mate Amargo, tambi\u00e9n orientada a la radio; una propuesta nueva denominada \u00abArgentina Multicolor\u00bb y el Canal 5 Urbana TeVe, que emite para los 30 mil habitantes de la Villa 31 y ahora pretende extenderse a casi todo el territorio porte\u00f1o.<\/p>\n<p>\u00abEl objetivo de Urbana TeVe siempre fue transmitir la realidad del lugar con la impronta que s\u00f3lo pueda darse desde el lugar\u00bb, explic\u00f3 el ex legislador Milc\u00edades Pe\u00f1a.<\/p>\n<p>Tambi\u00e9n se present\u00f3 una propuesta con fines de lucro (Axon Life S.A) vinculada a la Fundaci\u00f3n Posgrado de Congreso, con lazos con el Grupo Vila-Manzano, tambi\u00e9n oferente en los concursos de alta potencia.<\/p>\n<p>Desde las organizaciones sociales se observ\u00f3 con expectativa la apertura del proceso a los medios populares.<\/p>\n<p>\u00abMucho queda a\u00fan por conquistar ya que este paso es el m\u00ednimo embri\u00f3n que demuestra que la lucha no es s\u00f3lo para la denuncia sino para la conquista de posiciones. Bregamos por la completa aplicaci\u00f3n de la Ley de Medios y para muchos m\u00e1s medios populares que expresen el prometido 33 por ciento del espectro\u00bb, analiz\u00f3 Caviasca.<\/p>\n<p>En la primera semana de mayo el AFSCA recibi\u00f3 13 ofertas para la asignaci\u00f3n de 7 canales en la Ciudad de Buenos Aires. Cinco destinados a proyectos comerciales que tienen como aspirantes a las empresas de Sergio Szpolski-Mat\u00edas Garfunkel (Milone S.A), Crist\u00f3bal L\u00f3pez (Telepi\u00fa S.A), Ra\u00fal Olmos (Area Digital S.A), Alberto Pierri (Telecentro), Gerardo Ferreyra-Osvado Acosta (Electroingenier\u00eda), Grupo Vila-Manzano (ADVSPS) y Jorge Fontevecchia (Editorial Perfil).<\/p>\n<p>Se licitaron otros dos canales sin fines de lucro pretendidos por \u00abConstruir TV\u00bb, el canal de la Uni\u00f3n Obrera de la Cosntrucci\u00f3n (UOCRA), la Fundaci\u00f3n Posgrado de Congreso y el sindicato de Televisi\u00f3n (SATSAID).<\/p>\n<p>La TDT (Televisi\u00f3n Digital Terrestre) fue adoptada en 2009 y desde entonces el gobierno construy\u00f3 infraestructura con capacidad para cubrir el 82 por ciento del territorio nacional. Algunas de las se\u00f1ales que se emiten en TDT, adem\u00e1s de las estatales, hoy transmiten en forma \u00abexperimental\u00bb y buscan su regularizaci\u00f3n en el proceso licitatorio en marcha, que concluye el 29 de mayo.<\/p>\n<p>La iniciativa tiene la posibilidad de abrir el campo de la televisi\u00f3n argentina forjada hist\u00f3ricamente por el impulso privado. Tras la inauguraci\u00f3n de Canal 7 en 1951, los restantes canales de televisi\u00f3n abierta de Capital Federal fueron licitados a privados durante el gobierno de Arturo Frondizi.<\/p>\n<p>Desde entonces el mapa comunicacional de la Tv abierta no tuvo en la zona metropolitana mayores aperturas fuera de los cambios de accionistas y procesos estatistas (1974) y reprivatizadores (1989). La apertura a medios populares y comunitarios, en esa l\u00ednea, atiza un escenario por d\u00e9cadas petrificado.<\/p>\n<h6>Fuente: T\u00e9lam<\/h6>\n","protected":false},"excerpt":{"rendered":"<p>Tras m\u00e1s de 45 a\u00f1os sin nuevos canales de televisi\u00f3n abierta, empresas y organizaciones sociales presentaron hoy propuestas para nuevas se\u00f1ales de Televisi\u00f3n Digital Abierta (TDA), en un proceso de licitaci\u00f3n p\u00fablico que prev\u00e9 la regularizaci\u00f3n de algunas emisoras que ya operan y la hist\u00f3rica incorporaci\u00f3n de medios comunitarios y populares en el universo audiovisual, seg\u00fan inform\u00f3 la Autoridad Federal de Servicios de Comunicaci\u00f3n Audiovisual (Afsca).<\/p>\n","protected":false},"author":2,"featured_media":29955,"comment_status":"closed","ping_status":"closed","sticky":false,"template":"","format":"standard","meta":{"footnotes":""},"categories":[8],"tags":[21],"class_list":["post-29954","post","type-post","status-publish","format-standard","has-post-thumbnail","hentry","category-informe-nacional","tag-argentina"],"_links":{"self":[{"href":"http:\/\/argentinamunicipal.com.ar\/argentina\/wp-json\/wp\/v2\/posts\/29954","targetHints":{"allow":["GET"]}}],"collection":[{"href":"http:\/\/argentinamunicipal.com.ar\/argentina\/wp-json\/wp\/v2\/posts"}],"about":[{"href":"http:\/\/argentinamunicipal.com.ar\/argentina\/wp-json\/wp\/v2\/types\/post"}],"author":[{"embeddable":true,"href":"http:\/\/argentinamunicipal.com.ar\/argentina\/wp-json\/wp\/v2\/users\/2"}],"replies":[{"embeddable":true,"href":"http:\/\/argentinamunicipal.com.ar\/argentina\/wp-json\/wp\/v2\/comments?post=29954"}],"version-history":[{"count":0,"href":"http:\/\/argentinamunicipal.com.ar\/argentina\/wp-json\/wp\/v2\/posts\/29954\/revisions"}],"wp:featuredmedia":[{"embeddable":true,"href":"http:\/\/argentinamunicipal.com.ar\/argentina\/wp-json\/wp\/v2\/media\/29955"}],"wp:attachment":[{"href":"http:\/\/argentinamunicipal.com.ar\/argentina\/wp-json\/wp\/v2\/media?parent=29954"}],"wp:term":[{"taxonomy":"category","embeddable":true,"href":"http:\/\/argentinamunicipal.com.ar\/argentina\/wp-json\/wp\/v2\/categories?post=29954"},{"taxonomy":"post_tag","embeddable":true,"href":"http:\/\/argentinamunicipal.com.ar\/argentina\/wp-json\/wp\/v2\/tags?post=29954"}],"curies":[{"name":"wp","href":"https:\/\/api.w.org\/{rel}","templated":true}]}}