{"id":30046,"date":"2015-05-22T08:42:26","date_gmt":"2015-05-22T11:42:26","guid":{"rendered":"http:\/\/argentinamunicipal.com.ar\/argentina\/?p=30046"},"modified":"2015-05-22T08:42:26","modified_gmt":"2015-05-22T11:42:26","slug":"plantaran-10-mil-arboles-en-la-ciudad-de-santa-fe","status":"publish","type":"post","link":"http:\/\/argentinamunicipal.com.ar\/argentina\/plantaran-10-mil-arboles-en-la-ciudad-de-santa-fe\/","title":{"rendered":"Plantar\u00e1n 10 mil \u00e1rboles en la ciudad de\u00a0Santa Fe"},"content":{"rendered":"<div id=\"attachment_30047\" style=\"width: 554px\" class=\"wp-caption aligncenter\"><a href=\"http:\/\/argentinamunicipal.com.ar\/argentina\/wp-content\/uploads\/2015\/05\/117491_santa-fe.jpg\"><img loading=\"lazy\" decoding=\"async\" aria-describedby=\"caption-attachment-30047\" class=\"size-full wp-image-30047\" src=\"http:\/\/argentinamunicipal.com.ar\/argentina\/wp-content\/uploads\/2015\/05\/117491_santa-fe.jpg\" alt=\"La premisa es colocar especies nativas\" width=\"544\" height=\"293\" srcset=\"http:\/\/argentinamunicipal.com.ar\/argentina\/wp-content\/uploads\/2015\/05\/117491_santa-fe.jpg 544w, http:\/\/argentinamunicipal.com.ar\/argentina\/wp-content\/uploads\/2015\/05\/117491_santa-fe-300x162.jpg 300w\" sizes=\"auto, (max-width: 544px) 100vw, 544px\" \/><\/a><p id=\"caption-attachment-30047\" class=\"wp-caption-text\">La premisa es colocar especies nativas<\/p><\/div>\n<p>Esta ma\u00f1ana, en barrio Sur, se puso en marcha el programa de forestaci\u00f3n previsto por el Municipio para este a\u00f1o. Junto al intendente Jos\u00e9 Corral participaron alumnos de las Escuelas Crist\u00f3bal Col\u00f3n y Manuel Belgrano.<\/p>\n<p>Como cada a\u00f1o, el intendente Jos\u00e9 Corral puso en marcha el Plan de Arbolado, que para 2015 prev\u00e9 la plantaci\u00f3n unos 10 mil ejemplares en diferentes puntos de la ciudad. Lo hizo en la esquina de Uruguay y Francia, en el barrio Sur, junto docentes y unos 90 alumnos de 4\u00ba grado turno ma\u00f1ana de la Escuela N\u00ba 8 Crist\u00f3bal Col\u00f3n y de 5\u00ba grado de la N\u00ba 2 Manuel Belgrano, ambas ubicadas en la zona. Entre todos, y con la presencia de los propios vecinos, plantaron los primeros ejemplares y repartieron plantines.<\/p>\n<p>Los \u00e1rboles corresponden a la especie acer negundo, elegida para la zona en el marco del Plan Director de Arbolado P\u00fablico para cada barrio o sector de la ciudad. Durante el d\u00eda personal de Arbolado P\u00fablico continuar\u00e1 interviniendo en el sector delimitado por Uruguay, Urquiza, Entre R\u00edos y Dr. Zavalla.<\/p>\n<p>Con esta actividad se puso en marcha el Plan de Forestaci\u00f3n, que se extender\u00e1 hasta octubre-noviembre de este a\u00f1o. En algunos lugares se repondr\u00e1n ejemplares y en otros, en su gran mayor\u00eda, se sumar\u00e1n m\u00e1s \u00e1rboles, todos producidos en el Vivero Municipal.<\/p>\n<p>Durante la actividad, acompa\u00f1aron al Intendente, entre otros funcionarios, el secretario de Desarrollo Social, Carlos Medrano; la secretaria de Educaci\u00f3n, Rossana Ingaramo; el subsecretario de Ambiente, Roberto Celano, y el director de Derecho Ciudadanos, Franco Ponce de Le\u00f3n.<\/p>\n<p><strong>Llegar a los 10.000<\/strong><\/p>\n<p>Minutos antes de plantar uno de los \u00e1rboles, el intendente Jos\u00e9 Corral, se\u00f1al\u00f3 que \u201cestamos en la temporada de plantaci\u00f3n, en los meses en que la naturaleza es propicia para plantar \u00e1rboles. Hemos plantado un promedio de 7 mil \u00e1rboles por a\u00f1o durante la gesti\u00f3n, y este a\u00f1o queremos redoblar un poco la apuesta y plantar 10 mil \u00e1rboles nuevos\u201d, sostuvo.<\/p>\n<p>Valorando la importancia del Plan de Arbolado, Jos\u00e9 Corral indic\u00f3 que \u201cse est\u00e1 haciendo en todos los barrios de la ciudad. En algunos casos, como en barrio Sur, que est\u00e1 m\u00e1s consolidado, incluso generando las casetas y conversando con los vecinos para que adem\u00e1s nos ayuden a cuidarlo\u201d. A partir de este a\u00f1o, luego de plantar el ejemplar se le pide a los vecinos y a cada uno de los frentistas, que cuiden los \u00e1rboles colocados frente a su domicilio, brindando recomendaciones sobre el riego y otros cuidados.<\/p>\n<p>Pero m\u00e1s all\u00e1 de la importancia de mantener y aumentar la cantidad de \u00e1rboles en la ciudad, el Intendente, valor\u00f3 el hecho de estar \u201chaci\u00e9ndolo con ni\u00f1os, porque el \u00e1rbol es algo que nos trasciende, no s\u00f3lo a una gesti\u00f3n de gobierno, sino muchas veces la vida de las personas. Y es muy lindo que los chicos se comprometan con el ambiente y con los \u00e1rboles que en la ciudad tienen esa funci\u00f3n tan importante de bajar las temperaturas, de ayudar con los ruidos y de retener agua, especialmente en nuestra ciudad\u201d.<\/p>\n<p><strong>Especies y barrios<\/strong><\/p>\n<p>Jos\u00e9 Corral se\u00f1al\u00f3 que \u201clas especies se eligen teniendo en cuenta cu\u00e1les son las especies m\u00e1s indicadas para que no interfieran en los servicios, las redes de energ\u00eda el\u00e9ctrica, ni en los desag\u00fces. Pero tambi\u00e9n, para que nos brinden un hermoso paisaje y es as\u00ed que han sido elegidos de acuerdo al color de sus flores para cada sector de la ciudad\u201d.<\/p>\n<p>\u201cEn este caso es arce negundo, que es un arce con una hoja parecida a la del pl\u00e1tano\u201d, puntualiz\u00f3 el Intendente. \u201cEn otros barrios hay lapachos amarillos -como en Candioti Sur-, crespones y lapachos rosados, liquid ambar, y pezu\u00f1a de vaca \u2013en el Centro-. Diferentes especies y donde todas tienen sus ventajas desde el punto de vista de las veredas m\u00e1s amplias o m\u00e1s reducidas, y con la vista de sus flores que florecen en distintos momentos del a\u00f1o\u201d, describi\u00f3.<\/p>\n<p>Cabe recordar que, con el objetivo de garantizar un equilibrio ambiental, urban\u00edstico y paisaj\u00edstico, el Gobierno de la Ciudad demarc\u00f3 con diversos colores y especies los barrios de la ciudad. Depende del barrio, los \u00e1rboles tienen un color diferente, ya que cada sector de la capital provincial tiene asignado un tipo de especie arb\u00f3rea espec\u00edfica. Calles, barrios y parques con una identidad marcada.<\/p>\n<h6>Fuente: Sin Mordaza<\/h6>\n","protected":false},"excerpt":{"rendered":"<p>Esta ma\u00f1ana, en barrio Sur, se puso en marcha el programa de forestaci\u00f3n previsto por el Municipio para este a\u00f1o. Junto al intendente Jos\u00e9 Corral participaron alumnos de las Escuelas Crist\u00f3bal Col\u00f3n y Manuel Belgrano. Como cada a\u00f1o, el intendente Jos\u00e9 Corral puso en marcha el Plan de Arbolado, que para 2015 prev\u00e9 la plantaci\u00f3n<\/p>\n","protected":false},"author":2,"featured_media":30047,"comment_status":"closed","ping_status":"closed","sticky":false,"template":"","format":"standard","meta":{"footnotes":""},"categories":[2],"tags":[10],"class_list":["post-30046","post","type-post","status-publish","format-standard","has-post-thumbnail","hentry","category-informe-municipal","tag-santa-fe"],"_links":{"self":[{"href":"http:\/\/argentinamunicipal.com.ar\/argentina\/wp-json\/wp\/v2\/posts\/30046","targetHints":{"allow":["GET"]}}],"collection":[{"href":"http:\/\/argentinamunicipal.com.ar\/argentina\/wp-json\/wp\/v2\/posts"}],"about":[{"href":"http:\/\/argentinamunicipal.com.ar\/argentina\/wp-json\/wp\/v2\/types\/post"}],"author":[{"embeddable":true,"href":"http:\/\/argentinamunicipal.com.ar\/argentina\/wp-json\/wp\/v2\/users\/2"}],"replies":[{"embeddable":true,"href":"http:\/\/argentinamunicipal.com.ar\/argentina\/wp-json\/wp\/v2\/comments?post=30046"}],"version-history":[{"count":0,"href":"http:\/\/argentinamunicipal.com.ar\/argentina\/wp-json\/wp\/v2\/posts\/30046\/revisions"}],"wp:featuredmedia":[{"embeddable":true,"href":"http:\/\/argentinamunicipal.com.ar\/argentina\/wp-json\/wp\/v2\/media\/30047"}],"wp:attachment":[{"href":"http:\/\/argentinamunicipal.com.ar\/argentina\/wp-json\/wp\/v2\/media?parent=30046"}],"wp:term":[{"taxonomy":"category","embeddable":true,"href":"http:\/\/argentinamunicipal.com.ar\/argentina\/wp-json\/wp\/v2\/categories?post=30046"},{"taxonomy":"post_tag","embeddable":true,"href":"http:\/\/argentinamunicipal.com.ar\/argentina\/wp-json\/wp\/v2\/tags?post=30046"}],"curies":[{"name":"wp","href":"https:\/\/api.w.org\/{rel}","templated":true}]}}