{"id":30049,"date":"2015-05-22T08:44:36","date_gmt":"2015-05-22T11:44:36","guid":{"rendered":"http:\/\/argentinamunicipal.com.ar\/argentina\/?p=30049"},"modified":"2015-05-22T08:44:36","modified_gmt":"2015-05-22T11:44:36","slug":"bonfatti-ratifico-que-seran-600-los-gendarmes-que-vendran-a-rosario","status":"publish","type":"post","link":"http:\/\/argentinamunicipal.com.ar\/argentina\/bonfatti-ratifico-que-seran-600-los-gendarmes-que-vendran-a-rosario\/","title":{"rendered":"Bonfatti ratific\u00f3 que ser\u00e1n 600 los gendarmes que vendr\u00e1n a Rosario"},"content":{"rendered":"<div id=\"attachment_30050\" style=\"width: 631px\" class=\"wp-caption aligncenter\"><a href=\"http:\/\/argentinamunicipal.com.ar\/argentina\/wp-content\/uploads\/2015\/05\/05-22-C301-hector_rio.jpg_88717827.jpg\"><img loading=\"lazy\" decoding=\"async\" aria-describedby=\"caption-attachment-30050\" class=\"size-full wp-image-30050\" src=\"http:\/\/argentinamunicipal.com.ar\/argentina\/wp-content\/uploads\/2015\/05\/05-22-C301-hector_rio.jpg_88717827.jpg\" alt=\"La semana pr\u00f3xima llegar\u00e1n a la regi\u00f3n 600 agentes de Gendarmer\u00eda para reforzar la seguridad en las zonas m\u00e1s violentas del \u00e1rea metropolitana. Se quedar\u00e1n hasta fin de a\u00f1o.\" width=\"621\" height=\"465\" srcset=\"http:\/\/argentinamunicipal.com.ar\/argentina\/wp-content\/uploads\/2015\/05\/05-22-C301-hector_rio.jpg_88717827.jpg 621w, http:\/\/argentinamunicipal.com.ar\/argentina\/wp-content\/uploads\/2015\/05\/05-22-C301-hector_rio.jpg_88717827-300x225.jpg 300w\" sizes=\"auto, (max-width: 621px) 100vw, 621px\" \/><\/a><p id=\"caption-attachment-30050\" class=\"wp-caption-text\">La semana pr\u00f3xima llegar\u00e1n a la regi\u00f3n 600 agentes de Gendarmer\u00eda para reforzar la seguridad en las zonas m\u00e1s violentas del \u00e1rea metropolitana. Se quedar\u00e1n hasta fin de a\u00f1o.<\/p><\/div>\n<p>El mandatario confirm\u00f3 adem\u00e1s que habr\u00e1 operativos en Villa Gobernador G\u00e1lvez, como hab\u00eda reclamado el intendente Gonz\u00e1lez.<\/p>\n<p>&nbsp;<\/p>\n<p>El gobernador Antonio Bonfatti ratific\u00f3 ayer que, finalmente, llegar\u00e1n 600 gendarmes a Rosario la semana pr\u00f3xima. De esta forma, el mandatario contradijo a su secretario de Seguridad, Gerardo Chaumont, que hab\u00eda informado que iban a desembarcar en la ciudad 400 agentes federales. El jefe de la Casa Gris aclar\u00f3 adem\u00e1s que los efectivos har\u00e1n operativos en Villa Gobernador G\u00e1lvez, como hab\u00eda reclamado su intendente (con licencia), Pedro Gonz\u00e1lez. Y precis\u00f3 que en total arribar\u00e1n a la provincia 1.050 integrantes de Gendarmer\u00eda. La llegada se concretar\u00e1 una vez que la gobernaci\u00f3n defina los lugares de alojamiento.<\/p>\n<p>El regreso de Gendarmer\u00eda a Santa Fe se convirti\u00f3 en una comedia de enredos. La cantidad de agentes federales que, en especial, se establecer\u00e1n en Rosario hasta al menos fin de a\u00f1o fue motivo de marchas y contramarchas.<\/p>\n<p>Se habl\u00f3 inicialmente de mil s\u00f3lo para la ciudad, despu\u00e9s se pas\u00f3 a 600 y el mi\u00e9rcoles Chaumont redujo la cifra a 400. Ayer Bonfatti le puso punto final a la controversia y dio los n\u00fameros finales.<\/p>\n<p>\u00abLa semana que viene llegar\u00e1n 600 gendarmes a Rosario, sobre 1.050 para toda la provincia. Hubo algunas confusiones, pero esa es la cantidad que acordamos con el secretario de Seguridad (de la Naci\u00f3n, Sergio) Berni\u00bb, se\u00f1al\u00f3 a LaCapital.<\/p>\n<p>A los 600 agentes de Gendarmer\u00eda que desembarcar\u00e1n en la ciudad hay que sumarle los 600 que est\u00e1n actualmente apostados en el Destacamento M\u00f3vil N\u00ba 2, efectuando operativos conjuntos con la polic\u00eda y el municipio. As\u00ed, los gendarmes que har\u00e1 en Rosario ser\u00e1n en total 1.200.<\/p>\n<p>El gobernador precis\u00f3 adem\u00e1s, que los integrantes de las fuerzas federales tambi\u00e9n har\u00e1n operativos en Villa Gobernador G\u00e1lvez. As\u00ed lo hab\u00eda exigido de manera enf\u00e1tica su intendente, Pedro Gonz\u00e1lez.<\/p>\n<p>Tambi\u00e9n se garantiz\u00f3 desembarco de fuerzas federales para la ciudad de Santa Fe (300 agentes) y unos 50 para Rafaela, Reconquista y Venado Tuerto, cabeceras de los nodos distritales.<\/p>\n<p>Desde la Gobernaci\u00f3n confiaron a este diario que los operativos que arrancar\u00e1n la semana pr\u00f3xima en la regi\u00f3n \u00abser\u00e1n muy similares a los del a\u00f1o pasado\u00bb, cuando los agentes federales llegaron a la ciudad y se quedaron ocho meses.<\/p>\n<p>\u00abEl a\u00f1o pasado vinieron 2.500 integrantes de las fuerzas federales a la provincia. Esta vez ser\u00e1n mil, pero se les sumar\u00e1n casi dos mil agentes policiales provinciales de la Comunitaria y de Acci\u00f3n T\u00e1ctica que en 2014 no estaban\u00bb, apuntaron.<\/p>\n<p>\u00abLa idea es que por cada gendarme que est\u00e9 haciendo un operativo en la provincia haya dos polic\u00edas provinciales que lo acompa\u00f1en, con conocimiento del territorio\u00bb, agregaron.<\/p>\n<p>Fuentes de la Casa Gris reiteraron que el principal problema a atacar con el operativo retorno de los gendarmes, \u00abno ser\u00e1 tanto el narcotr\u00e1fico, cuyo accionar se ha reducido notablemente en los \u00faltimos meses, como lo reconoci\u00f3 Berni d\u00edas atr\u00e1s en Santa Fe, sino los delitos que m\u00e1s se han extendido recientemente\u00bb.<\/p>\n<p>Bonfatti se\u00f1al\u00f3 sobre esa cuesti\u00f3n: \u00abSer\u00eda un tonto si dijera que el problema est\u00e1 resuelto. Lo que dijo Berni es que ac\u00e1 no hay tr\u00e1fico, no existen bandas\u00bb.<\/p>\n<p>Al respecto, desde la gesti\u00f3n provincial mencionaron que se pondr\u00e1 especial en combatir los \u00abconflictos armados interpersonales, los arrebatos violentos, entraderas y escruches a viviendas\u00bb.<\/p>\n<p>En ese sentido, durante una recorrida por obras que la provincia ejecuta en Rosario, Bonfatti plante\u00f3: \u00abEstamos bajando el \u00edndice de delito y se lo podemos demostrar a cualquiera\u00bb.<\/p>\n<p>Funcionarios provinciales ratificaron que los operativos arrancar\u00e1n en las barriadas m\u00e1s violentas, de Rosario en principio La Tablada, Villa Banana, Las Flores y La Cer\u00e1mica. \u00abPero no ser\u00e1n puestos fijos, sino m\u00e1s bien din\u00e1micos, donde haya conflictos habr\u00e1 presencia conjunta de las fuerzas para actuar de inmediato\u00bb, indicaron.<\/p>\n<p><strong>Sin fecha precisa<\/strong><\/p>\n<p>El desembarco de las fuerzas federales a la ciudad a\u00fan no tiene fecha precisa de arribo. \u201cUna vez que tengamos todo cerrado respecto al alojamiento y a los lugares donde los gendarmes se alimentar\u00e1n, ser\u00e1 inmediato el arribo\u201d, confiaron desde la provincia. \u201cPuede ser el fin de semana largo, a m\u00e1s tardar la semana pr\u00f3xima\u201d, agregaron.<\/p>\n<h6>Fuente: La Capital, Rosario<\/h6>\n","protected":false},"excerpt":{"rendered":"<p>El mandatario confirm\u00f3 adem\u00e1s que habr\u00e1 operativos en Villa Gobernador G\u00e1lvez, como hab\u00eda reclamado el intendente Gonz\u00e1lez. &nbsp; El gobernador Antonio Bonfatti ratific\u00f3 ayer que, finalmente, llegar\u00e1n 600 gendarmes a Rosario la semana pr\u00f3xima. De esta forma, el mandatario contradijo a su secretario de Seguridad, Gerardo Chaumont, que hab\u00eda informado que iban a desembarcar en<\/p>\n","protected":false},"author":2,"featured_media":30050,"comment_status":"closed","ping_status":"closed","sticky":false,"template":"","format":"standard","meta":{"footnotes":""},"categories":[49],"tags":[10],"class_list":["post-30049","post","type-post","status-publish","format-standard","has-post-thumbnail","hentry","category-seguridad","tag-santa-fe"],"_links":{"self":[{"href":"http:\/\/argentinamunicipal.com.ar\/argentina\/wp-json\/wp\/v2\/posts\/30049","targetHints":{"allow":["GET"]}}],"collection":[{"href":"http:\/\/argentinamunicipal.com.ar\/argentina\/wp-json\/wp\/v2\/posts"}],"about":[{"href":"http:\/\/argentinamunicipal.com.ar\/argentina\/wp-json\/wp\/v2\/types\/post"}],"author":[{"embeddable":true,"href":"http:\/\/argentinamunicipal.com.ar\/argentina\/wp-json\/wp\/v2\/users\/2"}],"replies":[{"embeddable":true,"href":"http:\/\/argentinamunicipal.com.ar\/argentina\/wp-json\/wp\/v2\/comments?post=30049"}],"version-history":[{"count":0,"href":"http:\/\/argentinamunicipal.com.ar\/argentina\/wp-json\/wp\/v2\/posts\/30049\/revisions"}],"wp:featuredmedia":[{"embeddable":true,"href":"http:\/\/argentinamunicipal.com.ar\/argentina\/wp-json\/wp\/v2\/media\/30050"}],"wp:attachment":[{"href":"http:\/\/argentinamunicipal.com.ar\/argentina\/wp-json\/wp\/v2\/media?parent=30049"}],"wp:term":[{"taxonomy":"category","embeddable":true,"href":"http:\/\/argentinamunicipal.com.ar\/argentina\/wp-json\/wp\/v2\/categories?post=30049"},{"taxonomy":"post_tag","embeddable":true,"href":"http:\/\/argentinamunicipal.com.ar\/argentina\/wp-json\/wp\/v2\/tags?post=30049"}],"curies":[{"name":"wp","href":"https:\/\/api.w.org\/{rel}","templated":true}]}}