{"id":30141,"date":"2015-05-23T09:23:43","date_gmt":"2015-05-23T12:23:43","guid":{"rendered":"http:\/\/argentinamunicipal.com.ar\/argentina\/?p=30141"},"modified":"2015-05-28T10:43:13","modified_gmt":"2015-05-28T13:43:13","slug":"rosario-la-linea-k-suma-el-servicio-de-internet-wi-fi-para-todas-sus-unidades","status":"publish","type":"post","link":"http:\/\/argentinamunicipal.com.ar\/argentina\/rosario-la-linea-k-suma-el-servicio-de-internet-wi-fi-para-todas-sus-unidades\/","title":{"rendered":"Rosario: La l\u00ednea K suma el servicio de internet Wi-Fi para todas sus unidades"},"content":{"rendered":"<p><a href=\"http:\/\/argentinamunicipal.com.ar\/argentina\/wp-content\/uploads\/2015\/05\/05-19-C501-1.jpg_887178271.jpg\"><img loading=\"lazy\" decoding=\"async\" class=\"aligncenter size-full wp-image-30142\" src=\"http:\/\/argentinamunicipal.com.ar\/argentina\/wp-content\/uploads\/2015\/05\/05-19-C501-1.jpg_887178271.jpg\" alt=\"05-19-C501--.jpg_88717827\" width=\"621\" height=\"465\" srcset=\"http:\/\/argentinamunicipal.com.ar\/argentina\/wp-content\/uploads\/2015\/05\/05-19-C501-1.jpg_887178271.jpg 621w, http:\/\/argentinamunicipal.com.ar\/argentina\/wp-content\/uploads\/2015\/05\/05-19-C501-1.jpg_887178271-300x225.jpg 300w\" sizes=\"auto, (max-width: 621px) 100vw, 621px\" \/><\/a><br \/>\nLa intendenta M\u00f3nica Fein realiz\u00f3 ayer un trayecto del recorrido y verific\u00f3 junto al concejal Carlos Comi el funcionamiento del flamante beneficio a los pasajeros de la empresa municipal Semtur.<\/p>\n<p>La l\u00ednea K de trolebuses incorpor\u00f3 el servicio de internet Wi-Fi gratuito para todas sus unidades. La intendenta M\u00f3nica Fein realiz\u00f3 ayer un trayecto del recorrido y verific\u00f3 junto al concejal Carlos Comi el funcionamiento del flamante beneficio a los pasajeros de la empresa municipal Semtur.<\/p>\n<p>\u201cEsta es una propuesta que present\u00f3 el concejal Comi y que pudimos concretar en toda la l\u00ednea K y lo vamos a ir incorporando paulatinamente a todas las dem\u00e1s l\u00edneas de transporte\u201d, indic\u00f3 Fein.<\/p>\n<p>\u201cEl otro d\u00eda presentamos un colectivo articulado que incluye pantallas y altavoces que brindan informaci\u00f3n al usuario en tiempo real acerca del recorrido y pr\u00f3ximas paradas\u201d, record\u00f3 la mandataria, quien adem\u00e1s mencion\u00f3: \u201cCon esto cumplimos la ordenanza y tambi\u00e9n estamos d\u00e1ndole un muy buen servicio a los que usan el transporte p\u00fablico\u201d.<\/p>\n<p>Comi, autor del proyecto, se\u00f1al\u00f3: \u201cLa conectividad forma parte de nuestra vida, necesitamos internet para el esparcimiento, informarnos, trabajar, y los usuarios pasan muchos minutos arriba de los colectivos\u201d.<\/p>\n<p>\u201cPor eso \u2014continu\u00f3\u2014 nos pareci\u00f3 muy importante plantear este proyecto. Finalmente se concret\u00f3 y es muy importante que avancemos en espacios p\u00fablicos. Estamos conectados en plazas, bulevares; esto es m\u00e1s derechos para todos los ciudadanos y m\u00e1s conectividad en todos los sentidos\u201d, expres\u00f3.<\/p>\n<p>El objetivo de esta incorporaci\u00f3n consiste en ofrecer a los pasajeros un beneficio que les permita optimizar la calidad del tiempo de los viajes, a trav\u00e9s de un servicio de alcance masivo, dada la gran cantidad de usuarios que cuentan con dispositivos m\u00f3viles con acceso a internet.<\/p>\n<p>En tanto, la subsecretaria de Movilidad y Seguridad Vial y directora del Ente de la Movilidad de Rosario (EMR), M\u00f3nica Alvarado, sostuvo que \u201cla incorporaci\u00f3n de estas tecnolog\u00edas en las unidades ser\u00e1 paulatina, instal\u00e1ndose de forma gradual a la flota de la Semtur como una experiencia piloto\u201d.<\/p>\n<p>Mediante esta iniciativa multimedia se propone promover la informaci\u00f3n inclusiva a pasajeros con disminuci\u00f3n visual y auditiva. El sistema de informaci\u00f3n fue totalmente dise\u00f1ado por el \u00e1rea de tecnolog\u00eda de la empresa Semtur.<\/p>\n<p>El servicio se suma a una serie de espacios p\u00fablicos que ya cuentan con acceso a internet inal\u00e1mbrico gratuito, entre los que se destacan museos, hospitales, centros culturales y parques.<\/p>\n<p>La incorporaci\u00f3n de Wi-Fi en las unidades no es la primera innovaci\u00f3n tecnol\u00f3gica aplicada al sistema de transporte urbano. En este sentido, Fein destac\u00f3: \u201cHemos dedicado esfuerzo, tiempo, tecnolog\u00eda y recursos en el sistema de transporte para ir mejor\u00e1ndolo, porque entendemos que impacta en la calidad de vida de la ciudad\u201d.<\/p>\n<p>Una de las primeras innovaciones fue en el a\u00f1o 2009, con la incorporaci\u00f3n en la totalidad de la flota de transporte p\u00fablico del sistema de GPS, lo que habilit\u00f3 el monitoreo permanente de las unidades.<\/p>\n<p>Y en 2010 se sum\u00f3 el servicio de informaci\u00f3n din\u00e1mica al usuario Cu\u00e1ndo Llega, que provee datos en tiempo real, lo que permite a los pasajeros planificar con antelaci\u00f3n los viajes en las unidades del sistema p\u00fablico.<\/p>\n<h6>Fuente: La Capital, Rosario<\/h6>\n","protected":false},"excerpt":{"rendered":"<p>La intendenta M\u00f3nica Fein realiz\u00f3 ayer un trayecto del recorrido y verific\u00f3 junto al concejal Carlos Comi el funcionamiento del flamante beneficio a los pasajeros de la empresa municipal Semtur.<\/p>\n","protected":false},"author":2,"featured_media":30142,"comment_status":"closed","ping_status":"closed","sticky":false,"template":"","format":"standard","meta":{"footnotes":""},"categories":[2,49],"tags":[10],"class_list":["post-30141","post","type-post","status-publish","format-standard","has-post-thumbnail","hentry","category-informe-municipal","category-seguridad","tag-santa-fe"],"_links":{"self":[{"href":"http:\/\/argentinamunicipal.com.ar\/argentina\/wp-json\/wp\/v2\/posts\/30141","targetHints":{"allow":["GET"]}}],"collection":[{"href":"http:\/\/argentinamunicipal.com.ar\/argentina\/wp-json\/wp\/v2\/posts"}],"about":[{"href":"http:\/\/argentinamunicipal.com.ar\/argentina\/wp-json\/wp\/v2\/types\/post"}],"author":[{"embeddable":true,"href":"http:\/\/argentinamunicipal.com.ar\/argentina\/wp-json\/wp\/v2\/users\/2"}],"replies":[{"embeddable":true,"href":"http:\/\/argentinamunicipal.com.ar\/argentina\/wp-json\/wp\/v2\/comments?post=30141"}],"version-history":[{"count":0,"href":"http:\/\/argentinamunicipal.com.ar\/argentina\/wp-json\/wp\/v2\/posts\/30141\/revisions"}],"wp:featuredmedia":[{"embeddable":true,"href":"http:\/\/argentinamunicipal.com.ar\/argentina\/wp-json\/wp\/v2\/media\/30142"}],"wp:attachment":[{"href":"http:\/\/argentinamunicipal.com.ar\/argentina\/wp-json\/wp\/v2\/media?parent=30141"}],"wp:term":[{"taxonomy":"category","embeddable":true,"href":"http:\/\/argentinamunicipal.com.ar\/argentina\/wp-json\/wp\/v2\/categories?post=30141"},{"taxonomy":"post_tag","embeddable":true,"href":"http:\/\/argentinamunicipal.com.ar\/argentina\/wp-json\/wp\/v2\/tags?post=30141"}],"curies":[{"name":"wp","href":"https:\/\/api.w.org\/{rel}","templated":true}]}}