{"id":30144,"date":"2015-05-23T09:25:51","date_gmt":"2015-05-23T12:25:51","guid":{"rendered":"http:\/\/argentinamunicipal.com.ar\/argentina\/?p=30144"},"modified":"2015-05-23T09:25:51","modified_gmt":"2015-05-23T12:25:51","slug":"casilda-invertiran-14-millones-para-reparar-el-fonavi","status":"publish","type":"post","link":"http:\/\/argentinamunicipal.com.ar\/argentina\/casilda-invertiran-14-millones-para-reparar-el-fonavi\/","title":{"rendered":"Casilda: invertir\u00e1n 14 millones para reparar el Fonavi"},"content":{"rendered":"<div id=\"attachment_30145\" style=\"width: 631px\" class=\"wp-caption aligncenter\"><a href=\"http:\/\/argentinamunicipal.com.ar\/argentina\/wp-content\/uploads\/2015\/05\/0523_LR2302.jpg_88717827.jpg\"><img loading=\"lazy\" decoding=\"async\" aria-describedby=\"caption-attachment-30145\" class=\"size-full wp-image-30145\" src=\"http:\/\/argentinamunicipal.com.ar\/argentina\/wp-content\/uploads\/2015\/05\/0523_LR2302.jpg_88717827.jpg\" alt=\"Obras. Los trabajos se realizar\u00e1n en tres etapas que, se estima, estar\u00e1n culminadas en el t\u00e9rmino de un a\u00f1o.\" width=\"621\" height=\"465\" srcset=\"http:\/\/argentinamunicipal.com.ar\/argentina\/wp-content\/uploads\/2015\/05\/0523_LR2302.jpg_88717827.jpg 621w, http:\/\/argentinamunicipal.com.ar\/argentina\/wp-content\/uploads\/2015\/05\/0523_LR2302.jpg_88717827-300x225.jpg 300w\" sizes=\"auto, (max-width: 621px) 100vw, 621px\" \/><\/a><p id=\"caption-attachment-30145\" class=\"wp-caption-text\">Obras. Los trabajos se realizar\u00e1n en tres etapas que, se estima, estar\u00e1n culminadas en el t\u00e9rmino de un a\u00f1o.<\/p><\/div>\n<p>Tras varios a\u00f1os de espera, el gobierno provincial refaccionar\u00e1 el barrio Granaderos a Caballo, en el que viven m\u00e1s de 200 familias.<\/p>\n<p>Tras largos a\u00f1os de espera finalmente tendr\u00e1 soluci\u00f3n el marcado estado de deterioro que presenta el complejo habitaci\u00f3n Fonavi del barrio Granaderos a Caballo de Casilda donde viven m\u00e1s de 200 familias. Es que la Secretaria de Estado del H\u00e1bitat de la provincia suscribi\u00f3 con la Municipalidad casildense un convenio para afectar 14.5 millones de pesos al arreglo de sus problemas edilicios de tipo estructural en el marco del Programa de Esfuerzo Compartido Para el Mejoramiento Barrial.<\/p>\n<p>La reparaci\u00f3n del edificio, que fue inaugurado en 1989 sin final de obra y parece una estructura vetusta por su deca\u00edda fisonom\u00eda ante la falta de mantenimiento, incluye trabajos de reacondicionamiento de escaleras, tanques y cisternas.<\/p>\n<p>\u00abEste es un primer paso que implica solucionar problemas urgentes para luego avanzar en otras mejoras a partir de inquietudes que surjan de los consorcios que fueron conformados\u00bb, explic\u00f3 a LaCapital el secretario de H\u00e1bitat de la provincia, Gustavo Leone, quien encabez\u00f3 el acto desarrollado en la sede la Uni\u00f3n Obrera Metal\u00fargica (UOM) local, junto al intendente Juan Carlos Bacalini.<\/p>\n<p>Del acto tambi\u00e9n participaron el director provincial de Vivienda, Pablo Avalos, el senador del departamento Caseros, Eduardo Rosconi, el secretario del Sistema de Empresas de Bases Tecnol\u00f3gicas de la provincia, Juan Jos\u00e9 Sarasola, y el presidente del Concejo Municipal, Roberto Meli, entre otros.<\/p>\n<p>La obra, que se realizar\u00e1 en tres etapas y de no mediar inconvenientes estar\u00eda culminada en el t\u00e9rmino de un a\u00f1o, no s\u00f3lo constituye la respuesta a un viejo reclamo que involucra m\u00faltiples actores sino la medida necesaria para ponerle fin al riesgo en materia de seguridad habitacional que a\u00fan implica el alica\u00eddo complejo. As\u00ed dio cuenta este medio en oportunidades donde reflej\u00f3 sendos pedidos impulsados tanto por el Concejo como distintas administraciones municipales, e incluso por parte de la delegaci\u00f3n local de la Defensor\u00eda del Pueblo.<\/p>\n<p>\u00abFue fundamental organizarnos para acceder a este programa que hizo recuperar las esperanzas y traer\u00e1 soluciones a las familias\u00bb, expres\u00f3 Bacalini para luego resaltar el trabajo conjunto entre los estados municipal y provincial.<\/p>\n<p>El Programa de Esfuerzo Compartido Para el Mejoramiento Barrial impulsado por el gobierno provincial lleva invertido 200 millones de pesos en obras adem\u00e1s de haber posibilitado la formaci\u00f3n de 250 consorcios y la concreci\u00f3n de 17.500 escrituras en distintos complejos Fonavi santafesinos.<\/p>\n<p>Al respecto, Leone sostuvo que \u00abse trata de una iniciativa progresista porque permite resolver problemas desde una mirada que contempla los intereses colectivos\u00bb. Record\u00f3 que \u00abeste tipo de situaciones en complejos que se entregaron tiempo atr\u00e1s y quedaron desatendidos comenzaron a ser resueltas a partir de la asunci\u00f3n de este gobierno que puso en marcha una pol\u00edtica habitacional que est\u00e1 dando sus frutos\u00bb.<\/p>\n<p><strong>Cr\u00e9ditos.<\/strong> Asimismo la provincia entreg\u00f3 en Casilda resoluciones a ocho familias del sector metal\u00fargico para la adjudicaci\u00f3n de cr\u00e9ditos por m\u00e1s de 300 mil pesos. Cada uno de ellos destinado a la construcci\u00f3n de viviendas que se inscriben en el marco de un acuerdo que la filial local de la (UOM) sell\u00f3 con el gobierno santafesino para la ejecuci\u00f3n de 76 casas en terrenos adquiridos por el gremio en Casilda y Arequito.<\/p>\n<p><strong>Avanza la remodelaci\u00f3n del Paseo de los Artesanos en San Lorenzo<\/strong><\/p>\n<p>La remodelaci\u00f3n del Paseo de los Artesanos, ubicado en el predio del Parador Tur\u00edstico de San Lorenzo, ingres\u00f3 en su etapa final con la construcci\u00f3n de los techos de tejas en cada uno de los puestos. Antes se hab\u00edan desmontado las viejas casillas de fierro y chapa y se hab\u00eda realizado una estructura de hormig\u00f3n con tirantes de cedro. Mediante una inversi\u00f3n total de casi 700 mil pesos, la obra consisti\u00f3 adem\u00e1s en la ampliaci\u00f3n del espacio, con la apertura de diez nuevos stands.<\/p>\n<p>De visita en la zona de los trabajos, el intendente, Leonardo Raimundo, destac\u00f3 que con esta concreci\u00f3n finalizar\u00e1 la puesta en valor integral del predio municipal realizada por el gobierno local, que incluy\u00f3 la refacci\u00f3n del Parque Evita, la remodelaci\u00f3n del Centro de Atenci\u00f3n al Turista, la construcci\u00f3n del monumento al General San Mart\u00edn y del Paseo del Bicentenario.Adem\u00e1s, destac\u00f3 el realce que la nueva infraestructura brindar\u00e1 a todo el espacio: \u00abLas viejas instalaciones con que contaba el predio hab\u00edan quedado desactualizadas para una ciudad como la nuestra, que recibe gran cantidad de turistas. Por esta raz\u00f3n, nos trazamos este proyecto, una obra que con puestos modernos y muy lindos valorizar\u00e1 a\u00fan m\u00e1s este sector\u00bb.<\/p>\n<p>En el mismo sentido, el subsecretario Hern\u00e1n Ore, manifest\u00f3: \u00abEsta concreci\u00f3n permitir\u00e1 a los artesanos contar con las mejores condiciones para exponer y comercializar sus productos. Est\u00e1 dirigida a ellos, a los turistas y a toda la comunidad sanlorencina, que disfruta de espacios p\u00fablicos mejores cada d\u00eda\u00bb.<\/p>\n<h6>Fuente: La Capital, Rosario<\/h6>\n","protected":false},"excerpt":{"rendered":"<p>Tras varios a\u00f1os de espera, el gobierno provincial refaccionar\u00e1 el barrio Granaderos a Caballo, en el que viven m\u00e1s de 200 familias. Tras largos a\u00f1os de espera finalmente tendr\u00e1 soluci\u00f3n el marcado estado de deterioro que presenta el complejo habitaci\u00f3n Fonavi del barrio Granaderos a Caballo de Casilda donde viven m\u00e1s de 200 familias. Es<\/p>\n","protected":false},"author":2,"featured_media":30145,"comment_status":"closed","ping_status":"closed","sticky":false,"template":"","format":"standard","meta":{"footnotes":""},"categories":[2],"tags":[10],"class_list":["post-30144","post","type-post","status-publish","format-standard","has-post-thumbnail","hentry","category-informe-municipal","tag-santa-fe"],"_links":{"self":[{"href":"http:\/\/argentinamunicipal.com.ar\/argentina\/wp-json\/wp\/v2\/posts\/30144","targetHints":{"allow":["GET"]}}],"collection":[{"href":"http:\/\/argentinamunicipal.com.ar\/argentina\/wp-json\/wp\/v2\/posts"}],"about":[{"href":"http:\/\/argentinamunicipal.com.ar\/argentina\/wp-json\/wp\/v2\/types\/post"}],"author":[{"embeddable":true,"href":"http:\/\/argentinamunicipal.com.ar\/argentina\/wp-json\/wp\/v2\/users\/2"}],"replies":[{"embeddable":true,"href":"http:\/\/argentinamunicipal.com.ar\/argentina\/wp-json\/wp\/v2\/comments?post=30144"}],"version-history":[{"count":0,"href":"http:\/\/argentinamunicipal.com.ar\/argentina\/wp-json\/wp\/v2\/posts\/30144\/revisions"}],"wp:featuredmedia":[{"embeddable":true,"href":"http:\/\/argentinamunicipal.com.ar\/argentina\/wp-json\/wp\/v2\/media\/30145"}],"wp:attachment":[{"href":"http:\/\/argentinamunicipal.com.ar\/argentina\/wp-json\/wp\/v2\/media?parent=30144"}],"wp:term":[{"taxonomy":"category","embeddable":true,"href":"http:\/\/argentinamunicipal.com.ar\/argentina\/wp-json\/wp\/v2\/categories?post=30144"},{"taxonomy":"post_tag","embeddable":true,"href":"http:\/\/argentinamunicipal.com.ar\/argentina\/wp-json\/wp\/v2\/tags?post=30144"}],"curies":[{"name":"wp","href":"https:\/\/api.w.org\/{rel}","templated":true}]}}