{"id":30275,"date":"2015-05-27T09:07:04","date_gmt":"2015-05-27T12:07:04","guid":{"rendered":"http:\/\/argentinamunicipal.com.ar\/argentina\/?p=30275"},"modified":"2015-05-27T09:07:04","modified_gmt":"2015-05-27T12:07:04","slug":"se-inauguro-en-chajari-una-planta-recicladora-de-neumaticos","status":"publish","type":"post","link":"http:\/\/argentinamunicipal.com.ar\/argentina\/se-inauguro-en-chajari-una-planta-recicladora-de-neumaticos\/","title":{"rendered":"Se inaugur\u00f3 en Chajar\u00ed una planta recicladora de neum\u00e1ticos"},"content":{"rendered":"<p><a href=\"http:\/\/argentinamunicipal.com.ar\/argentina\/wp-content\/uploads\/2015\/05\/neum\u00e1ticos-para-reciclar.jpg\"><img loading=\"lazy\" decoding=\"async\" class=\"aligncenter size-full wp-image-30276\" src=\"http:\/\/argentinamunicipal.com.ar\/argentina\/wp-content\/uploads\/2015\/05\/neum\u00e1ticos-para-reciclar.jpg\" alt=\"neum\u00e1ticos-para-reciclar\" width=\"620\" height=\"396\" srcset=\"http:\/\/argentinamunicipal.com.ar\/argentina\/wp-content\/uploads\/2015\/05\/neum\u00e1ticos-para-reciclar.jpg 620w, http:\/\/argentinamunicipal.com.ar\/argentina\/wp-content\/uploads\/2015\/05\/neum\u00e1ticos-para-reciclar-300x192.jpg 300w\" sizes=\"auto, (max-width: 620px) 100vw, 620px\" \/><\/a><\/p>\n<p>Se puso en funcionamiento este martes una planta de tratamiento y reciclaje del caucho de las cubiertas en Chajar\u00ed \u2022 El secretario de Ambiente de la provincia, Fernando Raffo, particip\u00f3 junto al intendente, Jos\u00e9 Luis Panozzo, de la inauguraci\u00f3n de este nuevo sector que est\u00e1 preparado para procesar entre 250 y 300 neum\u00e1ticos por d\u00eda \u2022 El objetivo es obtener granulado de caucho para transformarlos en piso sint\u00e9tico para utilizarlo en la construcci\u00f3n de pistas de atletismo, veredas o pavimento<\/p>\n<p>En el acto de inauguraci\u00f3n de la nueva planta, el intendente Panozzo dijo que \u201cera una materia pendiente en la ciudad ya que diariamente ingresan a la planta de tratamiento de residuos local alrededor de 60 cubiertas. M\u00e1s all\u00e1 de que en este aspecto la legislaci\u00f3n es clara, y deben hacerse cargo los propios generadores, nosotros contamos con una planta donde tratamos los residuos patol\u00f3gicos, electr\u00f3nicos, producci\u00f3n de biodiesel a partir de la reutilizaci\u00f3n del aceite que desecha el sector gastron\u00f3mico, y decidimos incorporar el tratamiento del caucho\u201d, explic\u00f3.<\/p>\n<p>Precis\u00f3 que tiene una capacidad de procesar entre 250 y 300 cubiertas por d\u00eda. \u201cApostamos a llegar al granulado del caucho para luego transformarlo en piso sint\u00e9tico para utilizarlo en la construcci\u00f3n de una pista de atletismo, veredas, pavimento. Lo que intentamos es amigarnos con el medio ambiente para que estos residuos no anden girando como lo hab\u00edan a\u00f1os atr\u00e1s\u201d, agreg\u00f3 el presidente municipal.<\/p>\n<p>Chajar\u00ed es una de las ciudades entrerrianas donde no hay m\u00e1s basural a cielo abierto, desde 2007, y ese lugar hoy se est\u00e1 transformando en un campo de deportes, hay un kart\u00f3dromo donde practican los ciclistas y canchas de f\u00fatbol para veteranos.<\/p>\n<p>Respeto al funcionamiento del tratamiento del caucho, Panozzo explic\u00f3 que los generadores llevan directamente las cubiertas a un dep\u00f3sito donde ya se est\u00e1n acumulando desde hace un tiempo. Las m\u00e1quinas para procesar el caucho fueron dise\u00f1adas y construidas por los empleados municipales.<\/p>\n<p>El intendente destac\u00f3 el \u201cacompa\u00f1amiento incondicional\u201d de los gobiernos provincial y nacional, incluso con recursos econ\u00f3micos. \u201cLa Secretar\u00eda de Ambiente, en la persona de Fernando Raffo, nos ha brindado un acompa\u00f1amiento permanente y siempre ha propiciado un trabajo codo a codo\u201d, resalt\u00f3 Panozzo.<\/p>\n<p>\u201cLo hecho y lo que tenemos proyectado realizar en el futuro no es otra cosa que seguir cuidando el medio ambiente, entendiendo que en esto el Estado tiene una responsabilidad indelegable pero lo tenemos que hacer con el acompa\u00f1amiento de todos los actores y fundamentalmente del gobierno provincial que es el que nos permite avanzar y delinear pol\u00edticas de Estado en ese sentido\u201d, concluy\u00f3 el intendente de Chajar\u00ed.<\/p>\n<h3>Ley provincial<\/h3>\n<p>Cabe recordar que el a\u00f1o pasado la Legislatura provincial aprob\u00f3 la Ley de Gesti\u00f3n de Residuos S\u00f3lidos Urbanos cuyos objetivos son involucrar a la sociedad en su conjunto para que sea consciente de su responsabilidad en relaci\u00f3n a la generaci\u00f3n de residuos y a la toma de decisiones respecto de la gesti\u00f3n de la basura.<\/p>\n<p>El proyecto fue una iniciativa de la diputada Estela Almir\u00f3n con quien desde la Secretar\u00eda de Ambiente se trabaj\u00f3 en forma conjunta para darle forma al proyecto, el cual adem\u00e1s se puso a disposici\u00f3n de toda la sociedad, a trav\u00e9s de la p\u00e1gina web del organismo provincial y de presentaciones p\u00fablicas, para que se realicen aportes y sugerencias al texto.<\/p>\n<p>La norma promueve adem\u00e1s la gesti\u00f3n sustentable de los residuos s\u00f3lidos urbanos por parte de todos los municipios y comunas de la provincia, garantizando los principios de prevenci\u00f3n y precauci\u00f3n ambiental.<\/p>\n<p>Tambi\u00e9n, promueve un adecuado y racional manejo de los residuos s\u00f3lidos urbanos, para preservar los recursos naturales, resguardar la salud y calidad de vida de la poblaci\u00f3n.<\/p>\n<p>Dispone el dise\u00f1o e instrumentaci\u00f3n de programas en los distintos niveles educativos formales y no formales sobre las buenas pr\u00e1cticas ambientales en la tem\u00e1tica de residuos s\u00f3lidos urbanos; la implementaci\u00f3n de un sistema efectivo de monitoreo y control, peri\u00f3dico y din\u00e1mico, que permita la actualizaci\u00f3n de la informaci\u00f3n de la situaci\u00f3n ambiental general de la provincia en lo referente a los residuos s\u00f3lidos urbanos, para contribuir a la efectiva toma de decisiones.<\/p>\n<p>Asimismo, establece la inclusi\u00f3n de los recolectores informales al sistema de gesti\u00f3n integral de residuos, en condiciones de dignidad y salubridad.<\/p>\n<h6>Fuente: APF Digital<\/h6>\n","protected":false},"excerpt":{"rendered":"<p>Se puso en funcionamiento este martes una planta de tratamiento y reciclaje del caucho de las cubiertas en Chajar\u00ed \u2022 El secretario de Ambiente de la provincia, Fernando Raffo, particip\u00f3 junto al intendente, Jos\u00e9 Luis Panozzo, de la inauguraci\u00f3n de este nuevo sector que est\u00e1 preparado para procesar entre 250 y 300 neum\u00e1ticos por d\u00eda<\/p>\n","protected":false},"author":2,"featured_media":30276,"comment_status":"closed","ping_status":"closed","sticky":false,"template":"","format":"standard","meta":{"footnotes":""},"categories":[2],"tags":[17],"class_list":["post-30275","post","type-post","status-publish","format-standard","has-post-thumbnail","hentry","category-informe-municipal","tag-entre-rios"],"_links":{"self":[{"href":"http:\/\/argentinamunicipal.com.ar\/argentina\/wp-json\/wp\/v2\/posts\/30275","targetHints":{"allow":["GET"]}}],"collection":[{"href":"http:\/\/argentinamunicipal.com.ar\/argentina\/wp-json\/wp\/v2\/posts"}],"about":[{"href":"http:\/\/argentinamunicipal.com.ar\/argentina\/wp-json\/wp\/v2\/types\/post"}],"author":[{"embeddable":true,"href":"http:\/\/argentinamunicipal.com.ar\/argentina\/wp-json\/wp\/v2\/users\/2"}],"replies":[{"embeddable":true,"href":"http:\/\/argentinamunicipal.com.ar\/argentina\/wp-json\/wp\/v2\/comments?post=30275"}],"version-history":[{"count":0,"href":"http:\/\/argentinamunicipal.com.ar\/argentina\/wp-json\/wp\/v2\/posts\/30275\/revisions"}],"wp:featuredmedia":[{"embeddable":true,"href":"http:\/\/argentinamunicipal.com.ar\/argentina\/wp-json\/wp\/v2\/media\/30276"}],"wp:attachment":[{"href":"http:\/\/argentinamunicipal.com.ar\/argentina\/wp-json\/wp\/v2\/media?parent=30275"}],"wp:term":[{"taxonomy":"category","embeddable":true,"href":"http:\/\/argentinamunicipal.com.ar\/argentina\/wp-json\/wp\/v2\/categories?post=30275"},{"taxonomy":"post_tag","embeddable":true,"href":"http:\/\/argentinamunicipal.com.ar\/argentina\/wp-json\/wp\/v2\/tags?post=30275"}],"curies":[{"name":"wp","href":"https:\/\/api.w.org\/{rel}","templated":true}]}}