{"id":30297,"date":"2015-05-27T09:35:58","date_gmt":"2015-05-27T12:35:58","guid":{"rendered":"http:\/\/argentinamunicipal.com.ar\/argentina\/?p=30297"},"modified":"2015-05-27T09:35:58","modified_gmt":"2015-05-27T12:35:58","slug":"santa-fe-se-licito-el-jardin-municipal-para-villa-oculta-y-se-firmo-un-convenio-para-viviendas","status":"publish","type":"post","link":"http:\/\/argentinamunicipal.com.ar\/argentina\/santa-fe-se-licito-el-jardin-municipal-para-villa-oculta-y-se-firmo-un-convenio-para-viviendas\/","title":{"rendered":"Santa Fe: Se licit\u00f3 el jard\u00edn municipal para Villa Oculta y se firm\u00f3 un convenio para viviendas"},"content":{"rendered":"<p><a href=\"http:\/\/argentinamunicipal.com.ar\/argentina\/wp-content\/uploads\/2015\/05\/VillaOculta.jpg_973718260.jpg\"><img loading=\"lazy\" decoding=\"async\" class=\"aligncenter  wp-image-30298\" src=\"http:\/\/argentinamunicipal.com.ar\/argentina\/wp-content\/uploads\/2015\/05\/VillaOculta.jpg_973718260.jpg\" alt=\"VillaOculta.jpg_973718260\" width=\"687\" height=\"479\" srcset=\"http:\/\/argentinamunicipal.com.ar\/argentina\/wp-content\/uploads\/2015\/05\/VillaOculta.jpg_973718260.jpg 789w, http:\/\/argentinamunicipal.com.ar\/argentina\/wp-content\/uploads\/2015\/05\/VillaOculta.jpg_973718260-300x209.jpg 300w\" sizes=\"auto, (max-width: 687px) 100vw, 687px\" \/><\/a><br \/>\nEl intendente Jos\u00e9 Corral encabez\u00f3 el acto de licitaci\u00f3n para levantar el edificio que contar\u00e1 con seis aulas -en las que funcionar\u00e1n 12 salas-, un sal\u00f3n de usos m\u00faltiples, y \u00e1reas de apoyo.<\/p>\n<p>El intendente Jos\u00e9 Corral encabez\u00f3 el acto de licitaci\u00f3n para levantar el edificio que contar\u00e1 con seis aulas -en las que funcionar\u00e1n 12 salas-, un sal\u00f3n de usos m\u00faltiples, y \u00e1reas de apoyo. La inversi\u00f3n ser\u00e1 realizada por el Ministerio de Educaci\u00f3n de la Naci\u00f3n. Adem\u00e1s, se firm\u00f3 un nuevo convenio con la Provincia y Los Sin Techo para construir 200 m\u00f3dulos habitaciones m\u00e1s; y se entregaron actas de posesi\u00f3n de tierra y vivienda a familias de este barrio que fueron reubicadas.<\/p>\n<p>El intendente Jos\u00e9 Corral encabez\u00f3 esta ma\u00f1ana la apertura de sobres de la licitaci\u00f3n p\u00fablica para la construcci\u00f3n de un jard\u00edn de infantes en Villa Oculta. Lo hizo en un acto que tuvo lugar en la escuela primaria N\u00ba 1111 Luis Borruat, en Aguado 2901, acompa\u00f1ado del senador Hugo Marcucci; el presidente del Concejo Municipal, Leonardo Simoniello; el secretario de Estado del H\u00e1bitat de la Provincia; Gustavo Leone; la secretaria de Educaci\u00f3n, Rossana Ingaramo; y el coordinador General del Movimiento Los Sin Techo, Jos\u00e9 Luis Ambrosino.<\/p>\n<p>En acto fue propicio para la firma de un convenio entre el Municipio, la Provincia y el Movimiento Los Sin Techo para la construcci\u00f3n de 200 viviendas b\u00e1sicas destinas a familias que est\u00e1n en zona de reservorios o en sectores de riesgo social e h\u00eddrica. Asimismo se entregaron de actas de adjudicaci\u00f3n de lotes a seis familias que ya cuentan con su m\u00f3dulo habitacional en la nueva urbanizaci\u00f3n donde se construir\u00e1 el futuro establecimiento educativo.<\/p>\n<h3>Nuevo jard\u00edn<\/h3>\n<p>El nuevo jard\u00edn formar\u00e1 parte del Sistema Municipal de Educaci\u00f3n Inicial, que ya cuenta con 13 edificios inaugurados y otro m\u00e1s en construcci\u00f3n en barrio Las Flores; mientras que la semana pasada se licit\u00f3 para construir el n\u00famero 15 en Alto Verde. Con un presupuesto oficial de $ 8.081.470,63 y financiamiento del Ministerio de Educaci\u00f3n de la Naci\u00f3n, la empresa EFE Construcciones fue la \u00fanica oferente, presupuestando la suma de $ 10.820.00 para la concreci\u00f3n de los trabajos.<\/p>\n<p>\u201cEs un propuesta de educaci\u00f3n de la mejor calidad para el buen comienzo en la vida de los chicos, no s\u00f3lo de Villa Oculta sino de Santa Rosa\u201d, destac\u00f3 el intendente Jos\u00e9 Corral sobre la licitaci\u00f3n. Asimismo se\u00f1al\u00f3 que el nuevo establecimiento \u201cva a tener una muy buena capacidad: son 6 aulas que multiplicadas por los dos turnos, hacen 12 salas, desde los 45 d\u00edas hasta los 5 a\u00f1os, porque incluye tambi\u00e9n la experiencia que Los Sin Techo viene haciendo en el barrio\u201d.<\/p>\n<p>El nuevo jard\u00edn estar\u00e1 ubicado sobre el borde oeste de la ciudad, en un espacio de 2.645 m2. Abarcar\u00e1 unos 824 m2 y contar\u00e1 tambi\u00e9n con un SUM y \u00e1reas de apoyo. El ingreso ser\u00e1 por la continuaci\u00f3n de calle Aguado, frente a las viviendas que se construyeron para la reubicaci\u00f3n de familias que estaban en sectores de riesgo h\u00eddrico. Este jard\u00edn junto con el de Alto Verde ser\u00e1n los primeros en incorporar ni\u00f1os de 45 d\u00edas hasta los tres a\u00f1os porque hasta el momento solo es para peque\u00f1os desde un a\u00f1o.<\/p>\n<p>Para el intendente Jos\u00e9 Corral, tanto el jard\u00edn como el convenio para las viviendas \u201cson muy buenas noticias para la zona oeste y para Villa Oculta, para la cual ya habr\u00e1 que ir pensando en otro nombre porque al no estar el terrapl\u00e9n est\u00e1 mucho m\u00e1s visible y conectada adem\u00e1s por calle Aguado, y vamos a hacer otras conexiones sobre el zanj\u00f3n Suipacha\u201d.<\/p>\n<h3>Viviendas en zonas seguras<\/h3>\n<p>En ese sentido Jos\u00e9 Corral destac\u00f3 \u201cla urbanizaci\u00f3n nueva con un terreno alto de cara al reservorio, que es una nueva costanera que se va a unir con la que sale a la altura de Iturraspe, y hacia donde est\u00e1 orientadas la mayor\u00eda de las 200 casas que firmamos con Los Sin Techo y H\u00e1bitat\u201d.<\/p>\n<p>Asimismo Jos\u00e9 Corral valor\u00f3 la entrega actas de posesi\u00f3n del terreno y la vivienda a seis familias que ahora viven en lugares con cota segura: \u201cLa verdad es que estamos muy contentos porque se avanza en todos los sentidos, el h\u00e1bitat, la vivienda, la educaci\u00f3n, en definitiva la inclusi\u00f3n social. Son familias que de estar en un rancho ahora est\u00e1n en una casa de material, con los papeles y servicios\u201d concluy\u00f3.<\/p>\n<p>Se trata de las \u00faltimas que fueron reubicadas en Villa Oculta y terminaron sus m\u00f3dulos habitacionales cuya superficie es de 22 m2 sobre un espacio con una adecuada. Cabe destacar que el Municipio aporta la tierra y la urbanizaci\u00f3n; la Provincia financia las unidades; y el Movimiento Los Sin Techo, junto con los vecinos que van a vivir all\u00ed, construir\u00e1n las casas.<\/p>\n<h3>Continuidad del convenio<\/h3>\n<p>Por su parte el secretario de Estado del H\u00e1bitat, Gustavo Leone, agradeci\u00f3 \u201cel esfuerzo de todos los d\u00edas, la dedicaci\u00f3n y el trabajo a toda la organizaci\u00f3n Los Sin Techo y al esquipo de la Municipalidad que est\u00e1 trabajando arduamente para que esto se pueda resolver; porque sin suelo y sin tierra es inviable resolver una casa. Es algo que nos enorgullece y nos lleva cada vez m\u00e1s a seguir avanzando\u201d.<\/p>\n<p>En esa l\u00ednea, el funcionario comprometi\u00f3 la continuidad de la Provincia \u201ca seguir trabajando y esperamos que en los pr\u00f3ximos a\u00f1os podamos firmar nuevos convenios\u201d. Vale recordar que este trabajo de sustituci\u00f3n de ranchos y reubicaci\u00f3n de familias que est\u00e1n en zona de reservorios, es fruto de un trabajo conjunto que se viene llevando a cabo desde hace tres a\u00f1os y ya se intervino en Villa Oculta, y Barranquitas Oeste y Sur.<\/p>\n<h3>Trabajo conjunto<\/h3>\n<p>A su turno, Jos\u00e9 Luis Ambrosino, del Movimiento Los Sin Techo, record\u00f3 que \u201carrancamos con 100 viviendas y ahora firmamos por 200\u201d. En ese sentido destac\u00f3 la experiencia que se viene desarrollando en Santa Fe que \u201cse ha logrado por una sinergia y una buena composici\u00f3n entre el poder pol\u00edtico municipal, provincial y Los Sin Techo. Realmente tenemos que sentirnos bien todos, porque hemos progresado con agilidad, sin burocracia y con hechos concretos\u201d.<\/p>\n<p>Por \u00faltimo Ambrosino indic\u00f3 que \u201clas 200 viviendas que vamos a construir siempre tienen como objetivo liberar toda la zona oeste desde Villa Oculta a San Pantale\u00f3n y hasta Loyola, de todo lo que sea ranchos en el reservorio y en la traza de la nueva Costanera Oeste\u201d.<\/p>\n<h6>Fuente: Uno, Santa Fe<\/h6>\n","protected":false},"excerpt":{"rendered":"<p>El intendente Jos\u00e9 Corral encabez\u00f3 el acto de licitaci\u00f3n para levantar el edificio que contar\u00e1 con seis aulas -en las que funcionar\u00e1n 12 salas-, un sal\u00f3n de usos m\u00faltiples, y \u00e1reas de apoyo. El intendente Jos\u00e9 Corral encabez\u00f3 el acto de licitaci\u00f3n para levantar el edificio que contar\u00e1 con seis aulas -en las que funcionar\u00e1n<\/p>\n","protected":false},"author":2,"featured_media":30298,"comment_status":"closed","ping_status":"closed","sticky":false,"template":"","format":"standard","meta":{"footnotes":""},"categories":[2],"tags":[10],"class_list":["post-30297","post","type-post","status-publish","format-standard","has-post-thumbnail","hentry","category-informe-municipal","tag-santa-fe"],"_links":{"self":[{"href":"http:\/\/argentinamunicipal.com.ar\/argentina\/wp-json\/wp\/v2\/posts\/30297","targetHints":{"allow":["GET"]}}],"collection":[{"href":"http:\/\/argentinamunicipal.com.ar\/argentina\/wp-json\/wp\/v2\/posts"}],"about":[{"href":"http:\/\/argentinamunicipal.com.ar\/argentina\/wp-json\/wp\/v2\/types\/post"}],"author":[{"embeddable":true,"href":"http:\/\/argentinamunicipal.com.ar\/argentina\/wp-json\/wp\/v2\/users\/2"}],"replies":[{"embeddable":true,"href":"http:\/\/argentinamunicipal.com.ar\/argentina\/wp-json\/wp\/v2\/comments?post=30297"}],"version-history":[{"count":0,"href":"http:\/\/argentinamunicipal.com.ar\/argentina\/wp-json\/wp\/v2\/posts\/30297\/revisions"}],"wp:featuredmedia":[{"embeddable":true,"href":"http:\/\/argentinamunicipal.com.ar\/argentina\/wp-json\/wp\/v2\/media\/30298"}],"wp:attachment":[{"href":"http:\/\/argentinamunicipal.com.ar\/argentina\/wp-json\/wp\/v2\/media?parent=30297"}],"wp:term":[{"taxonomy":"category","embeddable":true,"href":"http:\/\/argentinamunicipal.com.ar\/argentina\/wp-json\/wp\/v2\/categories?post=30297"},{"taxonomy":"post_tag","embeddable":true,"href":"http:\/\/argentinamunicipal.com.ar\/argentina\/wp-json\/wp\/v2\/tags?post=30297"}],"curies":[{"name":"wp","href":"https:\/\/api.w.org\/{rel}","templated":true}]}}