{"id":30377,"date":"2015-05-28T09:43:18","date_gmt":"2015-05-28T12:43:18","guid":{"rendered":"http:\/\/argentinamunicipal.com.ar\/argentina\/?p=30377"},"modified":"2015-05-28T09:43:18","modified_gmt":"2015-05-28T12:43:18","slug":"reabrio-la-tradicional-plaza-san-martin-en-rosario-y-se-recupero-la-figura-del-placero","status":"publish","type":"post","link":"http:\/\/argentinamunicipal.com.ar\/argentina\/reabrio-la-tradicional-plaza-san-martin-en-rosario-y-se-recupero-la-figura-del-placero\/","title":{"rendered":"Reabri\u00f3 la tradicional plaza San Mart\u00edn en Rosario y se recuper\u00f3 la figura del placero"},"content":{"rendered":"<div id=\"attachment_30378\" style=\"width: 631px\" class=\"wp-caption aligncenter\"><a href=\"http:\/\/argentinamunicipal.com.ar\/argentina\/wp-content\/uploads\/2015\/05\/05-28-C601-amaya.jpg_88717827.jpg\"><img loading=\"lazy\" decoding=\"async\" aria-describedby=\"caption-attachment-30378\" class=\"size-full wp-image-30378\" src=\"http:\/\/argentinamunicipal.com.ar\/argentina\/wp-content\/uploads\/2015\/05\/05-28-C601-amaya.jpg_88717827.jpg\" alt=\"Como antes. Iv\u00e1n, de 33 a\u00f1os, tendr\u00e1 la misi\u00f3n de cuidar la plaza, un rol que el municipio busca revitalizar.\" width=\"621\" height=\"465\" srcset=\"http:\/\/argentinamunicipal.com.ar\/argentina\/wp-content\/uploads\/2015\/05\/05-28-C601-amaya.jpg_88717827.jpg 621w, http:\/\/argentinamunicipal.com.ar\/argentina\/wp-content\/uploads\/2015\/05\/05-28-C601-amaya.jpg_88717827-300x225.jpg 300w\" sizes=\"auto, (max-width: 621px) 100vw, 621px\" \/><\/a><p id=\"caption-attachment-30378\" class=\"wp-caption-text\">Como antes. Iv\u00e1n, de 33 a\u00f1os, tendr\u00e1 la misi\u00f3n de cuidar la plaza, un rol que el municipio busca revitalizar.<\/p><\/div>\n<p>Luego de las importantes obras de remodelaci\u00f3n que encar\u00f3 el municipio, ayer se habilit\u00f3 el tradicional espacio verde ubicado en el coraz\u00f3n del Paseo del Siglo.<\/p>\n<p>&nbsp;<\/p>\n<p>Hace un par de meses, Iv\u00e1n no se imaginaba el grado de exposici\u00f3n que le deparar\u00eda su nuevo destino. Cuando su jefe le propuso la posibilidad de pasar a cuidar la plaza San Mart\u00edn, una de las m\u00e1s bonitas de la ciudad y un aut\u00e9ntico s\u00edmbolo del centro rosarino, lo pens\u00f3, lo convers\u00f3 con el director de Parques y Paseos, y finalmente acept\u00f3. A partir de ayer, con la apertura de este renovado espacio p\u00fablico ubicado en el coraz\u00f3n del Paseo del Siglo, no s\u00f3lo puso nuevamente en valor el rol del placero, una funci\u00f3n que parec\u00eda perdida en el imaginario colectivo, sino que tambi\u00e9n pas\u00f3 a ocupar lugares importantes en los medios de comunicaci\u00f3n de la ciudad. \u00abEste trabajo me gusta porque puedo estar con la gente\u00bb, le confi\u00f3 a este diario este joven, con un grado de timidez que no pod\u00eda disimular.<\/p>\n<p>Iv\u00e1n Alexis Calopa tiene 33 a\u00f1os. Es casado y tiene tres hijos, de nueve, siete y cinco a\u00f1os. Se recibi\u00f3 en la escuela de Parques y Paseos y su recorrido laboral, que incluy\u00f3 otras plazas como la Pringles, la de la Cooperaci\u00f3n, el parque Franc\u00e9s y tambi\u00e9n en cuadrillas volantes, le permiti\u00f3 llegar a contar con la chance de cuidar la San Mart\u00edn (situada en C\u00f3rdoba, Dorrego, Santa Fe y Moreno), una plaza que representa un atractivo punto de encuentro social que cobra mayor importancia por el valor patrimonial de los edificios que la rodean.<\/p>\n<p>M\u00e1s all\u00e1 de su corta edad, a Iv\u00e1n le tocar\u00e1 darle vida a un papel que hab\u00eda perdido vigencia por esas cuestiones extra\u00f1as que se va llevando el destino sin dar demasiadas explicaciones. El, desde su postura de cuidador, tendr\u00e1 que custodiar la plaza. Con imperturbable esp\u00edritu conciliador, una enorme paciencia y una aguda capacidad de percepci\u00f3n. Atento a los chicos, y tambi\u00e9n a los m\u00e1s grandes. Con ojos y gestos amigables. Para que todos se sientan seguros y que nada salga de la habitualidad.<\/p>\n<p>Hoy su cargo ya no requiere boina, ni bast\u00f3n, ni silbato. Revuelve a\u00f1oranzas desde otro perfil. La actualidad lo posiciona con pantal\u00f3n de vestir negro y camisa blanca con el logo de la Municipalidad en el bolsillo izquierdo. Con mayor formaci\u00f3n y una conducta m\u00e1s dialoguista, activa y participativa. Condimentos que lo transformar\u00e1n r\u00e1pidamente en una de las referencias obligadas dentro del funcionamiento de la plaza, y tambi\u00e9n de las adyacencias.<\/p>\n<p>\u00abMi misi\u00f3n es hablar con todos, y que me entiendan\u00bb, coment\u00f3 Iv\u00e1n al momento de repasar sus responsabilidades. \u00abTengo que tratar de que no rompan nada, que cuiden el espacio verde, y explicarles que no se puede jugar al f\u00fatbol, porque ac\u00e1 es todo nuevo y esta es una plaza de paseo. Tambi\u00e9n tengo que recibir los reclamos y reportar si hay da\u00f1os o faltante de algo\u00bb, agreg\u00f3.<\/p>\n<p>\u00abY si pasa algo que no puedo controlar, tengo que derivarlo a las autoridades de control, la GUM o la polic\u00eda\u00bb, revel\u00f3.<\/p>\n<p>Al momento de describir las sensaciones que le despierta la plaza San Mart\u00edn, apunt\u00f3 que \u00aben esta plaza hay mucho movimiento, estudiantes, chicos y tambi\u00e9n grandes. Mucha gente que pasea sus mascotas. Y muchas plantes nuevas para cuidar. S\u00e9 que tendr\u00e9 que hablar mucho para poder hacer bien mi trabajo\u00bb.<\/p>\n<p>\u00abLa verdad es que hoy (por ayer) estaba muy nervioso, pero de a poco me voy tranquilizando. Estoy contento con mi trabajo\u00bb, remarc\u00f3.<\/p>\n<p>Para cumplir este recuperado rol de placero, impulsado por la Municipalidad, Iv\u00e1n trabajar\u00e1 de lunes a s\u00e1bados, de 8 a 18. Y luego la custodia de la plaza estar\u00e1 a cargo de agentes de seguridad.<\/p>\n<p>Barese: \u00abLa inversi\u00f3n tiene que ver con poner en valor los espacios p\u00fablicos\u00bb<\/p>\n<p>Las obras de remodelaci\u00f3n de la plaza San Mart\u00edn tuvieron un car\u00e1cter de intervenci\u00f3n integral y demandaron seis meses de intenso trabajo. El monto estimado de 17 millones de pesos despert\u00f3 algunas cr\u00edticas del sector pol\u00edtico opositor. M\u00e1s all\u00e1 de eso, la Municipalidad ratific\u00f3 su intenci\u00f3n de invertir y mejorar las plazas m\u00e1s emblem\u00e1ticas del casco hist\u00f3rico de la ciudad. \u00abEsto tiene que ver con una fuerte decisi\u00f3n de la intendenta M\u00f3nica Fein de poner en valor los espacios p\u00fablicos del \u00e1rea central. Y lo estamos cumpliendo en varias plazas, como la 25 de Mayo, la Pringles o la de la Cooperaci\u00f3n. Obvio que eso tiene un costo, y tambi\u00e9n como intervenimos en el \u00e1rea central, hacemos lo mismo en otros barrios a trav\u00e9s del Presupuesto Participativo\u00bb, le dijo a La Capital, Pablo Barese, secretario de Planeamiento.<\/p>\n<p>\u00abSi bien fue criticada, esta obra es producto de una licitaci\u00f3n p\u00fablica. Es una intervenci\u00f3n integral sobre un espacio altamente caracterizado y simb\u00f3lico del \u00e1rea central. Creemos que val\u00eda la pena poner en valor este espacio\u00bb, remarc\u00f3 el funcionario municipal.<\/p>\n<p>Y agreg\u00f3: \u00abEsta es una ciudad que tiene muchos espacios verdes, y hay que cuidarlos y mantenerlos. La plaza San Mart\u00edn no ten\u00eda una intervenci\u00f3n hace 35 a\u00f1os y eso hay que considerarlo. Hab\u00eda que actualizarla, y eso tiene un costo\u00bb.<\/p>\n<p>Al momento de describir las tareas realizadas en la plaza, el secretario enumer\u00f3: \u00abLa puesta en valor consisti\u00f3 en la renovaci\u00f3n total de pisos y veredas, del sistema de desag\u00fce, la modificaci\u00f3n de las \u00e1reas verdes, ya que hab\u00eda otra topograf\u00eda, la renovaci\u00f3n total del c\u00e9sped, un nuevo sistema de riego, se repotenci\u00f3 el sistema de iluminaci\u00f3n existente y se mejor\u00f3 las del entorno y las de las veredas perimetrales. Todo eso mejora la seguridad\u00bb.<\/p>\n<p>\u00abTambi\u00e9n se renov\u00f3 integralmente el mobiliario urbano y se reposicion\u00f3 el m\u00e1stil para resignificar el edificio de Gobernaci\u00f3n con un espacio caracterizado. Se logr\u00f3 una puesta en valor que no s\u00f3lo es de utilidad para la gente del \u00e1rea central, sino para todos los rosarinos, porque es una plaza muy usada por todos\u00bb, destac\u00f3 Barese.<\/p>\n<h6>Fuente: La Capital, Rosario<\/h6>\n","protected":false},"excerpt":{"rendered":"<p>Luego de las importantes obras de remodelaci\u00f3n que encar\u00f3 el municipio, ayer se habilit\u00f3 el tradicional espacio verde ubicado en el coraz\u00f3n del Paseo del Siglo. &nbsp; Hace un par de meses, Iv\u00e1n no se imaginaba el grado de exposici\u00f3n que le deparar\u00eda su nuevo destino. Cuando su jefe le propuso la posibilidad de pasar<\/p>\n","protected":false},"author":2,"featured_media":30378,"comment_status":"closed","ping_status":"closed","sticky":false,"template":"","format":"standard","meta":{"footnotes":""},"categories":[2],"tags":[10],"class_list":["post-30377","post","type-post","status-publish","format-standard","has-post-thumbnail","hentry","category-informe-municipal","tag-santa-fe"],"_links":{"self":[{"href":"http:\/\/argentinamunicipal.com.ar\/argentina\/wp-json\/wp\/v2\/posts\/30377","targetHints":{"allow":["GET"]}}],"collection":[{"href":"http:\/\/argentinamunicipal.com.ar\/argentina\/wp-json\/wp\/v2\/posts"}],"about":[{"href":"http:\/\/argentinamunicipal.com.ar\/argentina\/wp-json\/wp\/v2\/types\/post"}],"author":[{"embeddable":true,"href":"http:\/\/argentinamunicipal.com.ar\/argentina\/wp-json\/wp\/v2\/users\/2"}],"replies":[{"embeddable":true,"href":"http:\/\/argentinamunicipal.com.ar\/argentina\/wp-json\/wp\/v2\/comments?post=30377"}],"version-history":[{"count":0,"href":"http:\/\/argentinamunicipal.com.ar\/argentina\/wp-json\/wp\/v2\/posts\/30377\/revisions"}],"wp:featuredmedia":[{"embeddable":true,"href":"http:\/\/argentinamunicipal.com.ar\/argentina\/wp-json\/wp\/v2\/media\/30378"}],"wp:attachment":[{"href":"http:\/\/argentinamunicipal.com.ar\/argentina\/wp-json\/wp\/v2\/media?parent=30377"}],"wp:term":[{"taxonomy":"category","embeddable":true,"href":"http:\/\/argentinamunicipal.com.ar\/argentina\/wp-json\/wp\/v2\/categories?post=30377"},{"taxonomy":"post_tag","embeddable":true,"href":"http:\/\/argentinamunicipal.com.ar\/argentina\/wp-json\/wp\/v2\/tags?post=30377"}],"curies":[{"name":"wp","href":"https:\/\/api.w.org\/{rel}","templated":true}]}}