{"id":30435,"date":"2015-05-29T08:48:52","date_gmt":"2015-05-29T11:48:52","guid":{"rendered":"http:\/\/argentinamunicipal.com.ar\/argentina\/?p=30435"},"modified":"2015-06-03T12:20:25","modified_gmt":"2015-06-03T15:20:25","slug":"ahora-tambien-habra-placeros-en-otros-tres-espacios-verdes-de-rosario","status":"publish","type":"post","link":"http:\/\/argentinamunicipal.com.ar\/argentina\/ahora-tambien-habra-placeros-en-otros-tres-espacios-verdes-de-rosario\/","title":{"rendered":"Ahora tambi\u00e9n habr\u00e1 placeros en otros tres espacios verdes de Rosario"},"content":{"rendered":"<p><a href=\"http:\/\/argentinamunicipal.com.ar\/argentina\/wp-content\/uploads\/2015\/05\/P-25-de-Mayo-003.jpg\"><img loading=\"lazy\" decoding=\"async\" class=\"aligncenter  wp-image-30482\" src=\"http:\/\/argentinamunicipal.com.ar\/argentina\/wp-content\/uploads\/2015\/05\/P-25-de-Mayo-003.jpg\" alt=\"P 25 de Mayo 003\" width=\"676\" height=\"449\" srcset=\"http:\/\/argentinamunicipal.com.ar\/argentina\/wp-content\/uploads\/2015\/05\/P-25-de-Mayo-003.jpg 768w, http:\/\/argentinamunicipal.com.ar\/argentina\/wp-content\/uploads\/2015\/05\/P-25-de-Mayo-003-300x199.jpg 300w\" sizes=\"auto, (max-width: 676px) 100vw, 676px\" \/><\/a><\/p>\n<p>Estar\u00e1n en las plazas 25 de Mayo, Pringles y Buratovich en unos veinte d\u00edas, seg\u00fan adelant\u00f3 la titular de la Subsecretar\u00eda de Medio Ambiente Cecilia Mijich.<\/p>\n<p>Las plazas 25 de Mayo, Pringles y Buratovich tambi\u00e9n tendr\u00e1n placeros. Al igual que la versi\u00f3n 2015 del antiguo guardi\u00e1n que se estren\u00f3 el mi\u00e9rcoles en la San Mart\u00edn, estos espacios p\u00fablicos emblem\u00e1ticos de la ciudad contar\u00e1n dentro de unos 20 d\u00edas con un agente que controlar\u00e1, supervisar\u00e1 y sobre todo conciliar\u00e1 entre las personas que all\u00ed concurran. La incorporaci\u00f3n tendr\u00e1 agregados: les facilitar\u00e1n bolsitas pl\u00e1sticas a los due\u00f1os de animales que dejen los desperdicios de sus mascotas en el suelo y tendr\u00e1n un celular para comunicarse con vecinos y funcionarios.<\/p>\n<p>El debut de Iv\u00e1n Calopa como placero de la plaza San Mart\u00edn tuvo gran receptividad entre vecinos y la opini\u00f3n p\u00fablica. La inversi\u00f3n que demand\u00f3 su remodelaci\u00f3n despert\u00f3 cr\u00edticas, pero tambi\u00e9n halagos, m\u00e1s a\u00fan con la incorporaci\u00f3n del guardi\u00e1n destinado a preservar el patrimonio p\u00fablico, con una presencia permanente, de lunes a s\u00e1bados, de 8 a 18.<\/p>\n<p>La idea ser\u00e1 replicada en otros tres espacios s\u00edmbolo del ADN rosarino: las plazas Pringles (C\u00f3rdoba, Presidente Roca, Paraguay, pasaje Alvarez), 25 de Mayo (C\u00f3rdoba, Buenos Aires, Santa Fe, Laprida) y Buratovich (Cafferata, 3 de Febrero, San Nicol\u00e1s, 9 de Julio).<\/p>\n<p>Las primeras dos componen el corredor de alto valor hist\u00f3rico y patrimonial que comienza en el Paseo del Siglo con la San Mart\u00edn, contin\u00faa con la Pringles y remata con la plaza frente al Palacio de los Leones.<\/p>\n<p>La plaza de Echesortu, en tanto, fue inaugurada en 1924 y cuenta con la tradicional fuente ornamental, anteriormente instalada en la plaza Sarmiento.<\/p>\n<p>\u00abYa armamos la capacitaci\u00f3n dentro de la Escuela de Jardiner\u00eda (de Parques y Paseos) con la idea de replicar la experiencia en Pringles, 25 de Mayo y Buratovich. Esta fue una iniciativa de la intendenta M\u00f3nica Fein, por eso estamos formando a los pr\u00f3ximos placeros para que conozcan de alumbrado, obviamente jardiner\u00eda, higiene urbana y en c\u00f3mo actuar ante una eventualidad en contacto con la Guardia Urbana Municipal (GUM)\u00bb, detall\u00f3 a LaCapital la subsecretaria de Medio Ambiente, Cecilia Mijich.<\/p>\n<p>Seg\u00fan indic\u00f3 la funcionaria, los tres nuevos guardianes que se incorporen tendr\u00e1n el mismo horario que Iv\u00e1n, de lunes a s\u00e1bados de 8 a 18.<\/p>\n<p>\u00abEstimamos que dentro de 15 o 20 d\u00edas, los nuevos placeros estar\u00e1n ya en condiciones de comenzar sus tareas que b\u00e1sicamente pasar\u00e1n por la preservaci\u00f3n y supervisi\u00f3n de cada espacio p\u00fablico, actuaci\u00f3n ante un imprevisto y le transmitir\u00e1n a la gente que es el referente del municipio, que puede brindar informaci\u00f3n y fomentar la armon\u00eda entre los visitantes de cada plaza\u00bb, destac\u00f3 Mijich para agregar dos datos novedoso: \u00abTendr\u00e1n un celular de contacto con los vecinos y, para los due\u00f1os de mascotas que no lleven bolsitas, podr\u00e1 facilitarlas y as\u00ed levantar lo que dejen sus perros\u00bb.<\/p>\n<p>Pero tambi\u00e9n se apuesta a que jueguen un rol fundamental en la convivencia. \u00abPor ejemplo, en los temas habituales, como los grupos que juegan a la pelota y alg\u00fan otro conflicto que pueda suceder\u00bb, agreg\u00f3 Mijich.<\/p>\n<p><strong>Da\u00f1os.<\/strong> En l\u00edneas generales, las plazas sufren da\u00f1os en el c\u00e9sped, plantas, plantines o arbustos por el exceso de uso o mal uso. Adem\u00e1s, se vandalizan en sus columnas, bancos, asientos, cestos y artefacto lum\u00ednicos.<\/p>\n<p>El municipio gasta un promedio de 4 millones de pesos al a\u00f1o en reponer el mobiliario urbano deteriorado en los espacios p\u00fablicos. De todos modos, Mijich fue tajante: \u00abVamos a seguir apostando a sostener el patrimonio de todos los rosarinos, y no con rejas como existe en Capital Federal\u00bb.<\/p>\n<p>Para embellecer y poner a punto las plazas que en 20 d\u00edas tendr\u00e1n su placero, el municipio invirti\u00f3 entre 400 y 800 mil pesos en cada lugar: reposici\u00f3n del parquizado, recambio de bombas de riego, nuevas baldosas, limpieza de columnas, cestos papeleros y reponteciaci\u00f3n del alumbrado.<\/p>\n<p><strong>Celebrar\u00e1n hoy la Fiesta de la Lectura<\/strong><\/p>\n<p>La plaza Pringles ser\u00e1 hoy el escenario de una celebraci\u00f3n de libros y palabras. Se trata de la Fiesta de la Lectura \u00abUn mar de fueguitos\u00bb, una actividad que se llevar\u00e1 adelante, de 9 a 12, para homenajear al recientemente fallecido Eduardo Galeano y que forma parte de las actividades del Mes del Libro.<\/p>\n<p>Organizada conjuntamente por la Biblioteca Argentina y Subsecretar\u00eda de la Ni\u00f1ez, la Adolescencia y la Familia de la provincia, la actividad se propone que ni\u00f1os y adolescentes puedan crear textos cargados de vivencias, recuerdos y haceres cotidianos. Adem\u00e1s, en diferentes espacios de la plaza se podr\u00e1n compartir \u00ablibros objetos\u00bb que fueron producidos por los ni\u00f1os de los centro de Acci\u00f3n Familiar y Centros Residenciales tanto de Rosario como de localidades aleda\u00f1as.<\/p>\n<p>A lo largo de la plaza se instalar\u00e1n rincones de preguntas y respuestas, participar\u00e1n los voluntarios \u00abCuentacuentos\u00bb, que coordina M\u00f3nica Alfonso, el movimiento Libro Libre, talleres de serigraf\u00eda, de encuadernaci\u00f3n con grabado de est\u00e9nciles y c\u00f3mics, una mesa de palabras de colores y sabores, y germinadores de palabras. Habr\u00e1 mimos, payasos y zancudos acompa\u00f1ar\u00e1n la fiesta.<\/p>\n<h6>Fuente: La Capital, Rosario<\/h6>\n","protected":false},"excerpt":{"rendered":"<p>Estar\u00e1n en las plazas 25 de Mayo, Pringles y Buratovich en unos veinte d\u00edas, seg\u00fan adelant\u00f3 la titular de la Subsecretar\u00eda de Medio Ambiente Cecilia Mijich.<\/p>\n","protected":false},"author":2,"featured_media":30482,"comment_status":"closed","ping_status":"closed","sticky":false,"template":"","format":"standard","meta":{"footnotes":""},"categories":[2],"tags":[10],"class_list":["post-30435","post","type-post","status-publish","format-standard","has-post-thumbnail","hentry","category-informe-municipal","tag-santa-fe"],"_links":{"self":[{"href":"http:\/\/argentinamunicipal.com.ar\/argentina\/wp-json\/wp\/v2\/posts\/30435","targetHints":{"allow":["GET"]}}],"collection":[{"href":"http:\/\/argentinamunicipal.com.ar\/argentina\/wp-json\/wp\/v2\/posts"}],"about":[{"href":"http:\/\/argentinamunicipal.com.ar\/argentina\/wp-json\/wp\/v2\/types\/post"}],"author":[{"embeddable":true,"href":"http:\/\/argentinamunicipal.com.ar\/argentina\/wp-json\/wp\/v2\/users\/2"}],"replies":[{"embeddable":true,"href":"http:\/\/argentinamunicipal.com.ar\/argentina\/wp-json\/wp\/v2\/comments?post=30435"}],"version-history":[{"count":0,"href":"http:\/\/argentinamunicipal.com.ar\/argentina\/wp-json\/wp\/v2\/posts\/30435\/revisions"}],"wp:featuredmedia":[{"embeddable":true,"href":"http:\/\/argentinamunicipal.com.ar\/argentina\/wp-json\/wp\/v2\/media\/30482"}],"wp:attachment":[{"href":"http:\/\/argentinamunicipal.com.ar\/argentina\/wp-json\/wp\/v2\/media?parent=30435"}],"wp:term":[{"taxonomy":"category","embeddable":true,"href":"http:\/\/argentinamunicipal.com.ar\/argentina\/wp-json\/wp\/v2\/categories?post=30435"},{"taxonomy":"post_tag","embeddable":true,"href":"http:\/\/argentinamunicipal.com.ar\/argentina\/wp-json\/wp\/v2\/tags?post=30435"}],"curies":[{"name":"wp","href":"https:\/\/api.w.org\/{rel}","templated":true}]}}