{"id":30445,"date":"2015-05-29T09:15:50","date_gmt":"2015-05-29T12:15:50","guid":{"rendered":"http:\/\/argentinamunicipal.com.ar\/argentina\/?p=30445"},"modified":"2015-05-29T10:08:44","modified_gmt":"2015-05-29T13:08:44","slug":"ushuaia-se-puso-en-funcionamiento-el-sistema-de-calefaccion-de-san-martin","status":"publish","type":"post","link":"http:\/\/argentinamunicipal.com.ar\/argentina\/ushuaia-se-puso-en-funcionamiento-el-sistema-de-calefaccion-de-san-martin\/","title":{"rendered":"Ushuaia: Se puso en funcionamiento el sistema de calefacci\u00f3n de la calle San Mart\u00edn\u00a0"},"content":{"rendered":"<p><a href=\"http:\/\/argentinamunicipal.com.ar\/argentina\/wp-content\/uploads\/2015\/05\/556654fc26323_724_4071.jpg\"><img loading=\"lazy\" decoding=\"async\" class=\"aligncenter size-full wp-image-30447\" src=\"http:\/\/argentinamunicipal.com.ar\/argentina\/wp-content\/uploads\/2015\/05\/556654fc26323_724_4071.jpg\" alt=\"556654fc26323_724_407!\" width=\"724\" height=\"407\" srcset=\"http:\/\/argentinamunicipal.com.ar\/argentina\/wp-content\/uploads\/2015\/05\/556654fc26323_724_4071.jpg 724w, http:\/\/argentinamunicipal.com.ar\/argentina\/wp-content\/uploads\/2015\/05\/556654fc26323_724_4071-300x169.jpg 300w\" sizes=\"auto, (max-width: 724px) 100vw, 724px\" \/><\/a><\/p>\n<p>La Municipalidad de Ushuaia conect\u00f3 el sistema de calefacci\u00f3n del Centro Comercial a Cielo Abierto de calle San Mart\u00edn. Lo hizo mediante la utilizaci\u00f3n de generadores m\u00f3viles. La inversi\u00f3n de la Municipalidad hoy permite que la calefacci\u00f3n est\u00e9 funcionando con grupo electr\u00f3geno. El sistema ser\u00e1 puesto en marcha bajo este mecanismo cuando las condiciones clim\u00e1ticas lo amertiten, hasta tanto se pueda conectar a la red principal de Energ\u00eda.<\/p>\n<p>La Municipalidad de Ushuaia a trav\u00e9s de su \u00e1rea de Obras P\u00fablicas puso en marcha este mi\u00e9rcoles por la tarde el sistema de calefacci\u00f3n en el Centro Comercial a Cielo Abierto de calle San Mart\u00edn.<\/p>\n<p>Ante las dificultades en la conexi\u00f3n con la red el\u00e9ctrica principal, la Municipalidad decidi\u00f3 poner en funcionamiento el sistema de calefacci\u00f3n con generadores.<\/p>\n<p>Desde la comuna se record\u00f3 que el a\u00f1o pasado se vivi\u00f3 una situaci\u00f3n similar con las dos piletas del Polo Deportivo de Andorra, donde por falta de conexi\u00f3n de gas, se sorte\u00f3 dicho inconveniente con la colocaci\u00f3n de zeppelin.<br \/>\nLa inversi\u00f3n que ten\u00eda que hacer el Municipio se hizo y la prueba est\u00e1 en que hoy la calefacci\u00f3n est\u00e1 funcionando con grupo electr\u00f3geno. En la medida que Energ\u00eda pueda hacer la conexi\u00f3n a la red, va ser mucho mejor en materia operativa.<br \/>\nAsimismo desde la municipalidad se anticip\u00f3 que cuando se registren nevadas nuevamente, se pondr\u00e1 en funcionamiento la calefacci\u00f3n con grupo electr\u00f3geno, salvo que energ\u00eda conecte las subestaciones a la red principal.<\/p>\n<h6>Fuente: Reporte Austral<\/h6>\n","protected":false},"excerpt":{"rendered":"<p>La Municipalidad de Ushuaia conect\u00f3 el sistema de calefacci\u00f3n del Centro Comercial a Cielo Abierto de calle San Mart\u00edn. Lo hizo mediante la utilizaci\u00f3n de generadores m\u00f3viles. La inversi\u00f3n de la Municipalidad hoy permite que la calefacci\u00f3n est\u00e9 funcionando con grupo electr\u00f3geno. El sistema ser\u00e1 puesto en marcha bajo este mecanismo cuando las condiciones clim\u00e1ticas<\/p>\n","protected":false},"author":2,"featured_media":30447,"comment_status":"closed","ping_status":"closed","sticky":false,"template":"","format":"standard","meta":{"footnotes":""},"categories":[2],"tags":[34],"class_list":["post-30445","post","type-post","status-publish","format-standard","has-post-thumbnail","hentry","category-informe-municipal","tag-tierra-del-fuego"],"_links":{"self":[{"href":"http:\/\/argentinamunicipal.com.ar\/argentina\/wp-json\/wp\/v2\/posts\/30445","targetHints":{"allow":["GET"]}}],"collection":[{"href":"http:\/\/argentinamunicipal.com.ar\/argentina\/wp-json\/wp\/v2\/posts"}],"about":[{"href":"http:\/\/argentinamunicipal.com.ar\/argentina\/wp-json\/wp\/v2\/types\/post"}],"author":[{"embeddable":true,"href":"http:\/\/argentinamunicipal.com.ar\/argentina\/wp-json\/wp\/v2\/users\/2"}],"replies":[{"embeddable":true,"href":"http:\/\/argentinamunicipal.com.ar\/argentina\/wp-json\/wp\/v2\/comments?post=30445"}],"version-history":[{"count":0,"href":"http:\/\/argentinamunicipal.com.ar\/argentina\/wp-json\/wp\/v2\/posts\/30445\/revisions"}],"wp:featuredmedia":[{"embeddable":true,"href":"http:\/\/argentinamunicipal.com.ar\/argentina\/wp-json\/wp\/v2\/media\/30447"}],"wp:attachment":[{"href":"http:\/\/argentinamunicipal.com.ar\/argentina\/wp-json\/wp\/v2\/media?parent=30445"}],"wp:term":[{"taxonomy":"category","embeddable":true,"href":"http:\/\/argentinamunicipal.com.ar\/argentina\/wp-json\/wp\/v2\/categories?post=30445"},{"taxonomy":"post_tag","embeddable":true,"href":"http:\/\/argentinamunicipal.com.ar\/argentina\/wp-json\/wp\/v2\/tags?post=30445"}],"curies":[{"name":"wp","href":"https:\/\/api.w.org\/{rel}","templated":true}]}}