{"id":30512,"date":"2015-05-30T12:20:04","date_gmt":"2015-05-30T15:20:04","guid":{"rendered":"http:\/\/argentinamunicipal.com.ar\/argentina\/?p=30512"},"modified":"2015-05-30T12:20:04","modified_gmt":"2015-05-30T15:20:04","slug":"la-comuna-de-maciel-llamara-ahora-a-un-plebiscito-por-las-polemicas-cavas","status":"publish","type":"post","link":"http:\/\/argentinamunicipal.com.ar\/argentina\/la-comuna-de-maciel-llamara-ahora-a-un-plebiscito-por-las-polemicas-cavas\/","title":{"rendered":"La comuna de Maciel llamar\u00e1 ahora a un plebiscito por las pol\u00e9micas cavas"},"content":{"rendered":"<p><a href=\"http:\/\/argentinamunicipal.com.ar\/argentina\/wp-content\/uploads\/2015\/05\/maciel.jpg\"><img loading=\"lazy\" decoding=\"async\" class=\"alignright size-full wp-image-30513\" src=\"http:\/\/argentinamunicipal.com.ar\/argentina\/wp-content\/uploads\/2015\/05\/maciel.jpg\" alt=\"maciel\" width=\"518\" height=\"300\" srcset=\"http:\/\/argentinamunicipal.com.ar\/argentina\/wp-content\/uploads\/2015\/05\/maciel.jpg 518w, http:\/\/argentinamunicipal.com.ar\/argentina\/wp-content\/uploads\/2015\/05\/maciel-300x174.jpg 300w\" sizes=\"auto, (max-width: 518px) 100vw, 518px\" \/><\/a>La consulta se har\u00e1 despu\u00e9s del 14 de junio porque no quieren que la pol\u00e9mica \u00abse entrometa y enturbie la campa\u00f1a\u00bb, pero aseguran que se respetar\u00e1 la decisi\u00f3n de los vecinos.<\/p>\n<p>Las autoridades comunales de Maciel resolvieron llamar a un plebiscito para que la poblaci\u00f3n se expida con respecto a la pol\u00e9mica instalaci\u00f3n de cavas en un predio de la localidad. La consulta se har\u00e1 despu\u00e9s del 14 de junio porque no quieren que la pol\u00e9mica \u00abse entrometa y enturbie la campa\u00f1a\u00bb, pero aseguran que se respetar\u00e1 la decisi\u00f3n de los vecinos.<\/p>\n<p>As\u00ed lo anunci\u00f3 el presidente comunal, Jorge Marucco, quien sin embargo hizo algunas advertencias. La primera, que se eval\u00faa abrir un registro oficial de firmas para corroborar si realmente la cuarta parte del padr\u00f3n electoral est\u00e1 en contra del emprendimiento. La segunda, que si gana el \u00abno\u00bb la comuna deber\u00e1 enfrentar un juicio millonario, desde ya perdidoso. Y la tercera, m\u00e1s temeraria: \u00abSi la oposici\u00f3n gana las elecciones, va a aprobar el proyecto porque no est\u00e1 contra las cavas, quiere voltear a Marucco\u00bb, sentenci\u00f3.<\/p>\n<p>El presidente comunal dialog\u00f3 con La Capital junto a la tesorera Cristina G\u00f3mez y a Raquel Lorenzatti, candidata a ocupar un cargo en la comisi\u00f3n comunal. En una extensa charla, Marucco hizo un repaso de la historia que gener\u00f3 un fuerte conflicto dentro de la localidad, y que le vali\u00f3 una cuantiosa p\u00e9rdida de votos de cara a las pr\u00f3ximas elecciones. Cont\u00f3 que el proyecto arranc\u00f3 en 2012, cuando una empresa compr\u00f3 un campo para reciclar los desechos de la planta Santa Fe Aceites. \u00abYo dije que no conoc\u00eda del tema y que ten\u00eda que manejarse con la secretar\u00eda de Medio Ambiente de la provincia. Pero desde ese organismo me dijeron que no lo ve\u00edan factible porque pod\u00eda traer contaminaci\u00f3n\u00bb.<\/p>\n<p>Ocurre que despu\u00e9s los emprendedores cambiaron el proyecto, y a instancia de las autoridades provinciales propusieron una planta procesamiento de residuos l\u00edquidos y s\u00f3lidos no contaminantes ni t\u00f3xicos. \u00abEn 2014 volv\u00ed a comunicarme con Medio Ambiente y me dijeron que el nuevo proyecto de compostaje era viable, pero que la comuna ten\u00eda que dar el uso conforme del suelo. Cuando terminaron el proyecto, nos trajeron la carpeta y dieron inicio a las obras, que est\u00e1n aprobadas por la provincia, tiene todas las medidas de seguridad, con las napas impermeabilizadas, con sensores de p\u00e9rdidas, con pozos testigos de control\u00bb, cont\u00f3.<\/p>\n<p>Oposici\u00f3n. En este marco fue que comenz\u00f3 la movida en contra del emprendimiento, una posici\u00f3n que encolumn\u00f3 a una parte importante de la poblaci\u00f3n y por supuesto a la oposici\u00f3n pol\u00edtica. \u00abEsto ha enfrentado a amigos y vecinos cuando se podr\u00eda haber logrado un entendimiento. Nosotros nos confiamos porque la obra ten\u00eda la habilitaci\u00f3n de Medio ambiente\u00bb, dijo el jefe pol\u00edtico de Maciel.<\/p>\n<p>Despu\u00e9s de tantas idas y venidas la comuna resolvi\u00f3 llamar a un plebiscito para despu\u00e9s del 14 de junio, y analiza con sus asesores legales abrir una oficina donde la gente exprese su oposici\u00f3n con su firma y documento en mano. La intenci\u00f3n es que la consulta tenga un basamento legal y se pueda corroborar que efectivamente la cuarta parte del padr\u00f3n electoral (en Maciel ser\u00edan unas 1.150 firmas) se opone al emprendimiento, m\u00e1s all\u00e1 de que los detractores entregaron 2.500 firmas en desacuerdo con la propuesta.<\/p>\n<p>Cristina G\u00f3mez, por su parte, record\u00f3 que tambi\u00e9n se les propuso a los asamble\u00edstas hacer controles por fuera de los que realizara Medio Ambiente. \u00abUna de las ideas que surgi\u00f3 fue firmar un convenio con la Universidad de Rosario para que supervise el funcionamiento de la planta en nombre de la comuna. \u00abEllos tienen dudas de que los controles sean peri\u00f3dicos, pero la empresa ha dicho que se har\u00e1 todo como marca la ley\u00bb, advirti\u00f3.<\/p>\n<p>Marucco hizo una reflexi\u00f3n acerca de la propia visi\u00f3n y una lectura pol\u00edtica del asunto: \u00abDespu\u00e9s de trabajar durante once a\u00f1os de gobierno por la comuna, no vamos a permitir que nadie venga a contaminar la salud de nuestra gente. No es l\u00f3gico, todos vivimos aqu\u00ed. No voy a vender la salud de mi familia por nada. Este es un problema que me cay\u00f3 del cielo. No \u00edbamos a ser tan ingenuos de arriesgar incluso las elecciones sabiendo que hab\u00eda algo raro alrededor de esto, que tiene un 90 por ciento de pol\u00edtico. No por nada las fuerzas opositoras marcharon detr\u00e1s de esto. El \u00fanico proyecto que tienen es el de \u00abno a las cavas\u00bb, no tienen ning\u00fan otro\u00bb, acus\u00f3. Y remat\u00f3: \u00abSi la oposici\u00f3n gana las elecciones, seguro que va a aprobar la iniciativa, no quepan dudas\u00bb.<\/p>\n<p><strong>Sobres econ\u00f3micos<\/strong><\/p>\n<p><strong>Licitaron gasoducto de la cuenca lechera<\/strong><\/p>\n<p>La Naci\u00f3n abri\u00f3 ayer los sobres con las ofertes econ\u00f3micas para la construcci\u00f3n del gasoducto de derivaci\u00f3n y las redes de distribuci\u00f3n para localidades de la cuenca lechera santafesina, que incluye a Rafaela, Sunchales y localidades m\u00e1s peque\u00f1as como Lehmann, Esperanza, Tacural o Ataliva.<\/p>\n<p>Los trabajos licitados, por un monto de 1.050 millones de pesos, comprenden un total de 130 kil\u00f3metros de ca\u00f1er\u00eda que ser\u00e1n abastecidos por el ducto troncal del Gasoducto del Noreste Argentino (GNEA) que comprende a las provincias de Formosa y Chaco, y llevar\u00e1 el gas natural a m\u00e1s de 23 localidades del norte santafesino.<\/p>\n<p>El Gobierno nacional, a trav\u00e9s del Ministerio de Planificaci\u00f3n Federal, proyecta una inversi\u00f3n total de m\u00e1s de 28.000 millones de pesos en el GNEA.<\/p>\n<p>Fue el secretario de Transporte de la Naci\u00f3n, Alejandro Ramos, el encargado de encabezar el acto de apertura de sobres junto con el candidato a gobernador de Santa Fe y compa\u00f1ero de f\u00f3rmula, Omar Perotti. La ceremonia se realiz\u00f3 en la ciudad de Sunchales con la presencia del intendente de esa localidad Ezequiel Bolatti; su par de Rafaela, Luis Castellano y la diputada provincial Erika Gonnet.<\/p>\n<p>\u00abEsta obra es una verdadera reparaci\u00f3n para el norte argentino y el de Santa Fe, ya que representa no s\u00f3lo gas sino calidad de vida para los pueblos\u00bb, indic\u00f3 Ramos. Y expres\u00f3: \u00abHace a\u00f1os que se viene planificando esta obra que tiene a Santa Fe como protagonista, pero que tambi\u00e9n abarca a Chaco y Formosa y ha sido producto de un acuerdo con Bolivia, lo que pone en valor a todo el norte de nuestro pa\u00eds\u00bb. Y Perotti asegur\u00f3 que se busca \u00abgenerar las condiciones de infraestructura para que haya m\u00e1s trabajo y m\u00e1s calidad de vida\u00bb. Con este gasoducto regional, \u00absurge la posibilidad de dar respuesta a las localidades para que sigan creciendo en su red domiciliaria y se radiquen nuevas industrias\u00bb, agreg\u00f3.<\/p>\n<p>La segunda etapa de ca\u00f1er\u00eda troncal del GNEA, hoy en construcci\u00f3n, cuenta con obradores ya instalados en localidades santafesinas como San Justo y Calchaqu\u00ed.<\/p>\n<h6>Fuente: La Capital, Rosario<\/h6>\n","protected":false},"excerpt":{"rendered":"<p>La consulta se har\u00e1 despu\u00e9s del 14 de junio porque no quieren que la pol\u00e9mica \u00abse entrometa y enturbie la campa\u00f1a\u00bb, pero aseguran que se respetar\u00e1 la decisi\u00f3n de los vecinos. Las autoridades comunales de Maciel resolvieron llamar a un plebiscito para que la poblaci\u00f3n se expida con respecto a la pol\u00e9mica instalaci\u00f3n de cavas<\/p>\n","protected":false},"author":2,"featured_media":30513,"comment_status":"closed","ping_status":"closed","sticky":false,"template":"","format":"standard","meta":{"footnotes":""},"categories":[2],"tags":[10],"class_list":["post-30512","post","type-post","status-publish","format-standard","has-post-thumbnail","hentry","category-informe-municipal","tag-santa-fe"],"_links":{"self":[{"href":"http:\/\/argentinamunicipal.com.ar\/argentina\/wp-json\/wp\/v2\/posts\/30512","targetHints":{"allow":["GET"]}}],"collection":[{"href":"http:\/\/argentinamunicipal.com.ar\/argentina\/wp-json\/wp\/v2\/posts"}],"about":[{"href":"http:\/\/argentinamunicipal.com.ar\/argentina\/wp-json\/wp\/v2\/types\/post"}],"author":[{"embeddable":true,"href":"http:\/\/argentinamunicipal.com.ar\/argentina\/wp-json\/wp\/v2\/users\/2"}],"replies":[{"embeddable":true,"href":"http:\/\/argentinamunicipal.com.ar\/argentina\/wp-json\/wp\/v2\/comments?post=30512"}],"version-history":[{"count":0,"href":"http:\/\/argentinamunicipal.com.ar\/argentina\/wp-json\/wp\/v2\/posts\/30512\/revisions"}],"wp:featuredmedia":[{"embeddable":true,"href":"http:\/\/argentinamunicipal.com.ar\/argentina\/wp-json\/wp\/v2\/media\/30513"}],"wp:attachment":[{"href":"http:\/\/argentinamunicipal.com.ar\/argentina\/wp-json\/wp\/v2\/media?parent=30512"}],"wp:term":[{"taxonomy":"category","embeddable":true,"href":"http:\/\/argentinamunicipal.com.ar\/argentina\/wp-json\/wp\/v2\/categories?post=30512"},{"taxonomy":"post_tag","embeddable":true,"href":"http:\/\/argentinamunicipal.com.ar\/argentina\/wp-json\/wp\/v2\/tags?post=30512"}],"curies":[{"name":"wp","href":"https:\/\/api.w.org\/{rel}","templated":true}]}}